{"id":162510,"date":"2025-10-08T09:22:13","date_gmt":"2025-10-08T09:22:13","guid":{"rendered":"https:\/\/www.europesays.com\/es\/162510\/"},"modified":"2025-10-08T09:22:13","modified_gmt":"2025-10-08T09:22:13","slug":"el-zonzamas-de-melinda-louis-espera-al-bera-bera","status":"publish","type":"post","link":"https:\/\/www.europesays.com\/es\/162510\/","title":{"rendered":"El Zonzamas de Melinda Louis espera al Bera Bera"},"content":{"rendered":"<p>El Super Amara Bera Bera viaj\u00f3 ayer hasta Lanzarote para medirse hoy al Zonzamas Car Plus (21.00 horas) antes del par\u00f3n por compromisos internacionales.  &#8230; En el archipi\u00e9lago espera una vieja conocida del vestuario donostiarra, Melinda Marie Louis, la extremo francesa que hasta junio defend\u00eda la camiseta del Bera Bera y que se ha convertido en pilar fundamental de un equipo reci\u00e9n ascendido como el Zonzamas. Ha iniciado en gran forma el curso, siendo la m\u00e1xima goleadora de toda la competici\u00f3n con siete goles por partido. Hay que tener tambi\u00e9n en cuenta que es siempre la responsable de ejecutar los penaltis, pero tambi\u00e9n hay que ser capaz de convertirlos. <\/p>\n<p class=\"v-p\">Pese a ganar solo un partido de los cinco que ha disputado, el \u00faltimo en casa, ante Granollers (33-27), el Zonzamas busca consolidarse en la liga y para ello ha invertido para fichar a numerosas jugadoras contrastadas y con experiencia en esta competici\u00f3n, entre ellas, a Melinda Louis.<\/p>\n<p class=\"v-p\">Para la cita, el t\u00e9cnico ermuarra tiene a todas las jugadoras disponibles. Recupera a Laura Hern\u00e1ndez, ya que la ilicitana fue baja por motivos familiares en el \u00faltimo choque ante el Morvedre en el Gasca. <\/p>\n<p class=\"v-p\">El Super Amara no quiere soltar el liderato, aunque la clasificaci\u00f3n puede ser algo enga\u00f1osa, ya que hoy mismo se cerrar\u00e1 la quinta jornada de la Liga Guerreras y, al mismo tiempo, se abre la sexta, entre otros, con la visita del equipo donostiarra a Lanzarote. El choque precede a un par\u00f3n de 17 d\u00edas hasta que el Josean Gasca acoja la s\u00e9ptima jornada el 25 de octubre.<\/p>\n<p>Destituci\u00f3n<\/p>\n<p class=\"v-p\">La directiva del Club Balonmano Zonzamas hizo oficial ayer la destituci\u00f3n de su entrenador Juanmi P\u00e9rez. Una decisi\u00f3n que busca reactivar al primer equipo tras un mal inicio de temporada con cuatro derrotas y una sola victoria, con tropiezos ante rivales directos por la permanencia como el Morvedre (27-24) o el Sporting La Rioja (26-19). Sorprendido por la noticia antes de subirse al bus para ir al aeropuerto, Imanol \u00c1lvarez confes\u00f3 que \u00abva a ser un partido m\u00e1s complicado de lo que aparentemente parece\u00bb, confes\u00f3 el ermuarra.<\/p>\n","protected":false},"excerpt":{"rendered":"El Super Amara Bera Bera viaj\u00f3 ayer hasta Lanzarote para medirse hoy al Zonzamas Car Plus (21.00 horas)&hellip;\n","protected":false},"author":2,"featured_media":162511,"comment_status":"","ping_status":"","sticky":false,"template":"","format":"standard","meta":{"footnotes":""},"categories":[278],"tags":[376,11902,168,25,24,4351,375,48121,48120,23,167,26079],"class_list":{"0":"post-162510","1":"post","2":"type-post","3":"status-publish","4":"format-standard","5":"has-post-thumbnail","7":"category-balonmano","8":"tag-balonmano","9":"tag-bera","10":"tag-deportes","11":"tag-es","12":"tag-espana","13":"tag-espera","14":"tag-handball","15":"tag-louis","16":"tag-melinda","17":"tag-spain","18":"tag-sports","19":"tag-zonzamas"},"share_on_mastodon":{"url":"","error":""},"_links":{"self":[{"href":"https:\/\/www.europesays.com\/es\/wp-json\/wp\/v2\/posts\/162510","targetHints":{"allow":["GET"]}}],"collection":[{"href":"https:\/\/www.europesays.com\/es\/wp-json\/wp\/v2\/posts"}],"about":[{"href":"https:\/\/www.europesays.com\/es\/wp-json\/wp\/v2\/types\/post"}],"author":[{"embeddable":true,"href":"https:\/\/www.europesays.com\/es\/wp-json\/wp\/v2\/users\/2"}],"replies":[{"embeddable":true,"href":"https:\/\/www.europesays.com\/es\/wp-json\/wp\/v2\/comments?post=162510"}],"version-history":[{"count":0,"href":"https:\/\/www.europesays.com\/es\/wp-json\/wp\/v2\/posts\/162510\/revisions"}],"wp:featuredmedia":[{"embeddable":true,"href":"https:\/\/www.europesays.com\/es\/wp-json\/wp\/v2\/media\/162511"}],"wp:attachment":[{"href":"https:\/\/www.europesays.com\/es\/wp-json\/wp\/v2\/media?parent=162510"}],"wp:term":[{"taxonomy":"category","embeddable":true,"href":"https:\/\/www.europesays.com\/es\/wp-json\/wp\/v2\/categories?post=162510"},{"taxonomy":"post_tag","embeddable":true,"href":"https:\/\/www.europesays.com\/es\/wp-json\/wp\/v2\/tags?post=162510"}],"curies":[{"name":"wp","href":"https:\/\/api.w.org\/{rel}","templated":true}]}}