{"id":162516,"date":"2025-10-08T09:27:14","date_gmt":"2025-10-08T09:27:14","guid":{"rendered":"https:\/\/www.europesays.com\/es\/162516\/"},"modified":"2025-10-08T09:27:14","modified_gmt":"2025-10-08T09:27:14","slug":"antes-eran-cajeras-hoy-son-profesionales","status":"publish","type":"post","link":"https:\/\/www.europesays.com\/es\/162516\/","title":{"rendered":"\u00abAntes eran cajeras, hoy son profesionales\u00bb"},"content":{"rendered":"<p style=\"\">En el ba\u00fal del olvido quedaron las penurias de las campeonas del ciclismo que, por generaci\u00f3n espont\u00e1nea, izaron a Espa\u00f1a como potencia sin estructuras para sostener tal estatus. <a href=\"https:\/\/www.abc.es\/deportes\/ciclismo\/joane-somarriba-dori-ruano-dormido-reformatorios-casas-20240420195429-nt.html\" target=\"_blank\" data-voc-vtm-id=\"in-text-traffic\" title=\"Joane Somarriba y Dori Ruano,\" rel=\"nofollow noopener\">Joane Somarriba y Dori Ruano,<\/a> campeonas del Tour, el Giro y con oros mundiales a sus  &#8230; espaldas, dorm\u00edan en albergues, hostales, incluso alg\u00fan reformatorio, mientras combinaban su esfuerzo y dedicaci\u00f3n con los hoteles. Se recuperaban de las etapas en los coches porque no hab\u00eda autobuses, y ten\u00edan, como mucho, un masajista y un mec\u00e1nico para todas en el equipo.<\/p>\n<p class=\"voc-p\" style=\"\"> Casi treinta a\u00f1os despu\u00e9s de esa \u00e9poca, el pelot\u00f3n femenino se ha transformado: corredoras profesionales, inversi\u00f3n, personal de apoyo, patrocinadores, t\u00e9cnicos auxiliares, material de primera calidad. Y las ciclistas espa\u00f1olas vuelan. As\u00ed lo han demostrado en el Mundial celebrado en Ruanda y en el Europeo disputado en la Provenza francesa con una cosecha sin precedentes: siete medallas en los dos campeonatos, con la <a href=\"https:\/\/www.abc.es\/deportes\/ciclismo\/nueves-dias-imparables-paula-ostiz-campeona-mundo-20251001183345-nt.html\" target=\"_blank\" data-voc-vtm-id=\"in-text-traffic\" title=\"navarra de 18 a\u00f1os Paula Ostiz\" rel=\"nofollow noopener\">navarra de 18 a\u00f1os Paula Ostiz<\/a> como m\u00e1xima estrella, campeona del mundo y de Europa.<\/p>\n<p class=\"voc-p\" style=\"\">En el ciclismo se habla de facilidades y patrocinadores provenientes del programa &#8216;Universo Mujer&#8217;, impulsado hace a\u00f1os por el Consejo Superior de Deportes (CSD), que aporta importantes <strong>desgravaciones fiscales<\/strong> para las empresas que invierten en deporte. Un 15% del gasto en publicidad en la cuota del impuesto sobre sociedades y un 45% para las compa\u00f1\u00edas que realizan donaciones pero no gastos de publicidad.<\/p>\n<p class=\"voc-p\" style=\"\">As\u00ed, con la llegada de patrocinadores y m\u00e1s carreras (Vuelta a Espa\u00f1a, Burgos, Andaluc\u00eda, Pa\u00eds Vasco, Catalu\u00f1a) han crecido las condiciones econ\u00f3micas de las ciclistas del World Tour (primera divisi\u00f3n), que se benefician de un salario m\u00ednimo de 45.000 euros anuales y el resto, seg\u00fan su cach\u00e9, victorias y categor\u00eda profesional. En Espa\u00f1a funcionan tres equipos, el Movistar de la m\u00e1xima categor\u00eda, m\u00e1s <strong>el Laboral Kutxa y el Eneicat de Le\u00f3n<\/strong>. \u00abDe la cantidad sale la calidad\u00bb, analiza para ABC la seleccionadora espa\u00f1ola, la exciclista Gema Pascual.<\/p>\n<p class=\"voc-p\" style=\"\">\u00abAntes de los Mundiales y los Europeos, en la Federaci\u00f3n me pidieron una estimaci\u00f3n de las probabilidades de \u00e9xito en funci\u00f3n de resultados anteriores. Yo escrib\u00ed que pod\u00edamos ganar medallas en las tres categor\u00edas \u2013<strong>cuenta Gema Pascual<\/strong>\u2013. Era dif\u00edcil que saliera todo de golpe, pero ha salido\u00bb.<\/p>\n<p class=\"voc-p\" style=\"\">Paula Ostiz conquist\u00f3 tres oros y una plata en la franja j\u00fanior en diez d\u00edas de f\u00e1bula. Campeona del mundo y de Europa en ruta, campeona continental y subcampeona mundial en contrarreloj. <a href=\"https:\/\/www.abc.es\/deportes\/ciclismo\/paula-blasi-campeona-europa-sub23-ciclismo-ruta-20251003143031-nt.html\" target=\"_blank\" data-voc-vtm-id=\"in-text-traffic\" title=\"Paula Blasi sell\u00f3 dos medallas\" rel=\"nofollow noopener\">Paula Blasi sell\u00f3 dos medallas<\/a> en la categor\u00eda sub-23: oro en el Europeo de ruta y bronce en el Mundial. Y el colof\u00f3n fue el tercer puesto de la veterana mallorquina Mavi Garc\u00eda (41 a\u00f1os) en la \u00e9lite femenina, toda una vida dedicada a los pedales y la bicicleta.<\/p>\n<p>\nPermisos para correr\n<\/p>\n<p class=\"voc-p\" style=\"\">\u00abYa era hora que le rob\u00e1semos protagonismo a los chicos. Ha cambiado todo \u2013explica Gema Pascual\u2013. Las chicas antes eran cajeras, fisioterapeutas o maestras y cuando terminaban en sus trabajos, ten\u00edan que sacar tiempo para entrenar. No descansaban, no recuperaban que es un factor fundamental en el ciclismo, y siempre as\u00ed. Ten\u00edan que pedir permisos para ir a las carreras. Antes <strong>viv\u00edamos dos o tres del ciclismo<\/strong>, ahora viven 50 chicas. Son profesionales, se dedican solo a esto\u00bb.<\/p>\n<p class=\"voc-p\" style=\"\">La selecci\u00f3n femenina ha contado con ayuda exterior de los profesionales que hoy pueblan el ciclismo masculino: mec\u00e1nicos, masajistas, fisios, cocineros, psic\u00f3logo, preparadores, nutricionistas&#8230; \u00abY sobre todo inversi\u00f3n. <strong>Los beneficios fiscales<\/strong> a las empresas influyen en que tengamos mejores medios. Y en la Federaci\u00f3n no ponen restricciones. Si hay que invertir en correr m\u00e1s pruebas, se invierte\u00bb.<\/p>\n<p class=\"voc-p\" style=\"\">Paula Ostiz pidi\u00f3 quedarse un d\u00eda m\u00e1s en el Europeo. Quer\u00eda presenciar la carrera \u00e9lite femenina y analizar a las estrellas, <strong>sobre todo a Vollering<\/strong>, su manera de entrenarse, de preparar la carrera. \u00abPaula tiene un car\u00e1cter peculiar. Sale a ganar con determinaci\u00f3n y suele decir lo que piensa \u2013dice Pascual\u2013. Es una todoterreno que se tiene que hacer. Debe pulir cosas y ganar su sitio en el Movistar\u00bb. De Paula Blasi cuenta Pascual que \u00abme advirtieron que hac\u00eda duatl\u00f3n, triatl\u00f3n y atletismo y era muy buena. Y se confirm\u00f3 porque tard\u00f3 15 d\u00edas en fichar por UAE. Es una crack como deportista y como persona\u00bb.<\/p>\n","protected":false},"excerpt":{"rendered":"En el ba\u00fal del olvido quedaron las penurias de las campeonas del ciclismo que, por generaci\u00f3n espont\u00e1nea, izaron&hellip;\n","protected":false},"author":2,"featured_media":162517,"comment_status":"","ping_status":"","sticky":false,"template":"","format":"standard","meta":{"footnotes":""},"categories":[273],"tags":[48123,313,2838,312,168,25,24,9767,315,16600,23,167,48122],"class_list":{"0":"post-162516","1":"post","2":"type-post","3":"status-publish","4":"format-standard","5":"has-post-thumbnail","7":"category-ciclismo","8":"tag-cajeras","9":"tag-ciclismo","10":"tag-ciclistas","11":"tag-cycling","12":"tag-deportes","13":"tag-es","14":"tag-espana","15":"tag-espanolas","16":"tag-hoy","17":"tag-profesionales","18":"tag-spain","19":"tag-sports","20":"tag-vuelan"},"share_on_mastodon":{"url":"","error":""},"_links":{"self":[{"href":"https:\/\/www.europesays.com\/es\/wp-json\/wp\/v2\/posts\/162516","targetHints":{"allow":["GET"]}}],"collection":[{"href":"https:\/\/www.europesays.com\/es\/wp-json\/wp\/v2\/posts"}],"about":[{"href":"https:\/\/www.europesays.com\/es\/wp-json\/wp\/v2\/types\/post"}],"author":[{"embeddable":true,"href":"https:\/\/www.europesays.com\/es\/wp-json\/wp\/v2\/users\/2"}],"replies":[{"embeddable":true,"href":"https:\/\/www.europesays.com\/es\/wp-json\/wp\/v2\/comments?post=162516"}],"version-history":[{"count":0,"href":"https:\/\/www.europesays.com\/es\/wp-json\/wp\/v2\/posts\/162516\/revisions"}],"wp:featuredmedia":[{"embeddable":true,"href":"https:\/\/www.europesays.com\/es\/wp-json\/wp\/v2\/media\/162517"}],"wp:attachment":[{"href":"https:\/\/www.europesays.com\/es\/wp-json\/wp\/v2\/media?parent=162516"}],"wp:term":[{"taxonomy":"category","embeddable":true,"href":"https:\/\/www.europesays.com\/es\/wp-json\/wp\/v2\/categories?post=162516"},{"taxonomy":"post_tag","embeddable":true,"href":"https:\/\/www.europesays.com\/es\/wp-json\/wp\/v2\/tags?post=162516"}],"curies":[{"name":"wp","href":"https:\/\/api.w.org\/{rel}","templated":true}]}}