{"id":162522,"date":"2025-10-08T09:31:09","date_gmt":"2025-10-08T09:31:09","guid":{"rendered":"https:\/\/www.europesays.com\/es\/162522\/"},"modified":"2025-10-08T09:31:09","modified_gmt":"2025-10-08T09:31:09","slug":"el-original-regalo-de-la-mujer-de-david-raya-a-su-pareja-para-decirle-que-esta-embarazada","status":"publish","type":"post","link":"https:\/\/www.europesays.com\/es\/162522\/","title":{"rendered":"El original regalo de la mujer de David Raya a su pareja para decirle que est\u00e1 embarazada"},"content":{"rendered":"<p class=\"v-mdl-ath__p v-mdl-ath__p--6\">\nMi\u00e9rcoles, 8 de octubre 2025, 09:23<\/p>\n<p>| Actualizado 10:40h.<\/p>\n<p class=\"v-p\">David Raya y Tatiana Trouboul esperan su primer hijo y la empresaria ha querido que su pareja se enterase de la noticia de una forma especial. Cuando el jugador lleg\u00f3 de un entrenamiento con el Arsenal llev\u00f3 al portero a la habitaci\u00f3n y le dio un regalo: una chaqueta de talla &#8216;mini&#8217; con los colores del Arsenal, la inscripci\u00f3n de la palabra &#8216;daddy&#8217; -padre en ingl\u00e9s- y el dorsal n\u00famero uno -el que luce Raya en su equipo- en la parte trasera.<\/p>\n<p class=\"v-p\">Ser\u00e1 el primer hijo de la pareja, que anunci\u00f3 la noticia hace dos d\u00edas ne redes sociales. Raya y la empresaria subieron de forma conjunta un v\u00eddeo en le que ella luc\u00eda una barriga incipiente y \u00e9l sujetaba unos patucos.<\/p>\n<p class=\"v-p\">\u00abTe prometo que siempre os cuidar\u00e9\u00bb, escribi\u00f3 David Raya. Tanto el jugador del Arsenal como la empresaria han agradecido a la dise\u00f1adora Antonia Bronze su obra. La autora de la prenda tambi\u00e9n se ha mostrado encantada con el resultado de su trabajo: \u00abPosiblemente la chaqueta m\u00e1s linda que me han pedido que haga. Un completo honor que me conf\u00eden esta sorpresa. Felicitaciones enormes\u00bb.<\/p>\n<p class=\"v-p\">El portero del Arsenal se encuentra estos d\u00edas concentrado en Las Rozas con sus compa\u00f1eros de la selecci\u00f3n espa\u00f1ola. La Roja afrontar\u00e1 esta semana dos partidos clasificatorios de cara al Mundial que se celebrar\u00e1 en Estados Unidos, Canad\u00e1 y M\u00e9xico el pr\u00f3ximo mes de junio.<\/p>\n<p>Reporta un error<\/p>\n","protected":false},"excerpt":{"rendered":"Mi\u00e9rcoles, 8 de octubre 2025, 09:23 | Actualizado 10:40h. David Raya y Tatiana Trouboul esperan su primer hijo&hellip;\n","protected":false},"author":2,"featured_media":162523,"comment_status":"","ping_status":"","sticky":false,"template":"","format":"standard","meta":{"footnotes":""},"categories":[174],"tags":[255,2429,48124,36242,146,147,25,24,256,2461,25265,9361,42610,7382,23],"class_list":{"0":"post-162522","1":"post","2":"type-post","3":"status-publish","4":"format-standard","5":"has-post-thumbnail","7":"category-famosos","8":"tag-celebrities","9":"tag-david","10":"tag-decirle","11":"tag-embarazada","12":"tag-entertainment","13":"tag-entretenimiento","14":"tag-es","15":"tag-espana","16":"tag-famosos","17":"tag-mujer","18":"tag-novio","19":"tag-original","20":"tag-raya","21":"tag-regalo","22":"tag-spain"},"share_on_mastodon":{"url":"","error":""},"_links":{"self":[{"href":"https:\/\/www.europesays.com\/es\/wp-json\/wp\/v2\/posts\/162522","targetHints":{"allow":["GET"]}}],"collection":[{"href":"https:\/\/www.europesays.com\/es\/wp-json\/wp\/v2\/posts"}],"about":[{"href":"https:\/\/www.europesays.com\/es\/wp-json\/wp\/v2\/types\/post"}],"author":[{"embeddable":true,"href":"https:\/\/www.europesays.com\/es\/wp-json\/wp\/v2\/users\/2"}],"replies":[{"embeddable":true,"href":"https:\/\/www.europesays.com\/es\/wp-json\/wp\/v2\/comments?post=162522"}],"version-history":[{"count":0,"href":"https:\/\/www.europesays.com\/es\/wp-json\/wp\/v2\/posts\/162522\/revisions"}],"wp:featuredmedia":[{"embeddable":true,"href":"https:\/\/www.europesays.com\/es\/wp-json\/wp\/v2\/media\/162523"}],"wp:attachment":[{"href":"https:\/\/www.europesays.com\/es\/wp-json\/wp\/v2\/media?parent=162522"}],"wp:term":[{"taxonomy":"category","embeddable":true,"href":"https:\/\/www.europesays.com\/es\/wp-json\/wp\/v2\/categories?post=162522"},{"taxonomy":"post_tag","embeddable":true,"href":"https:\/\/www.europesays.com\/es\/wp-json\/wp\/v2\/tags?post=162522"}],"curies":[{"name":"wp","href":"https:\/\/api.w.org\/{rel}","templated":true}]}}