{"id":162530,"date":"2025-10-08T09:37:13","date_gmt":"2025-10-08T09:37:13","guid":{"rendered":"https:\/\/www.europesays.com\/es\/162530\/"},"modified":"2025-10-08T09:37:13","modified_gmt":"2025-10-08T09:37:13","slug":"de-ser-cuarto-en-el-balon-de-oro-a-convertirse-en-vendedor-de-aspiradoras","status":"publish","type":"post","link":"https:\/\/www.europesays.com\/es\/162530\/","title":{"rendered":"de ser cuarto en el Bal\u00f3n de Oro a convertirse en vendedor de aspiradoras"},"content":{"rendered":"<p class=\"c-paragraph\">La vida y trayectoria de <b>Tomas Brolin <\/b>ha sido una aut\u00e9ntica monta\u00f1a rusa de cambios y emociones. El exfutbolista sueco, gracias a su talento con el bal\u00f3n en los pies, lleg\u00f3 a brillar en los estadios m\u00e1s importantes de Italia y Europa, e incluso<b> llev\u00f3 en volandas a su selecci\u00f3n para lograr el tercer puesto en el Mundial del 1994<\/b>. No obstante, el exjugador del Parma, Leeds o Crystal Palace decidi\u00f3 dar un paso al lado y dejar atr\u00e1s el mundo del f\u00fatbol para probar suerte como empresario, donde se ha centrado en cuerpo y alma en varios negocios: restaurador, productor musical, promotor inmobiliario, jugador profesional de p\u00f3ker&#8230; <b>y como vendedor de aspiradoras.\u00a0<\/b><\/p>\n<p class=\"c-paragraph\">El sueco, que lleg\u00f3 a conquistar una Copa de Italia, una Recopa de Europa, una Supercopa de Europa y una Copa de la UEFA a lo largo de su corta trayectoria futbol\u00edstica, se ha sincerado sobre su vida y ha hablado de su retirada de los terrenos de juego con apenas 28 a\u00f1os de edad en una entrevista para\u00a0La Gazetta dello Sport.\u00a0<\/p>\n<p class=\"c-paragraph\">\u00ab<b>Estaba realmente cansado de entrenar cada d\u00eda al f\u00fatbol<\/b>\u00a0<b>y ten\u00eda otros proyectos d\u00e1ndole vueltas en la cabeza.<\/b> Siempre he sido muy curioso y atrevido. Necesitaba algo m\u00e1s en mi vida, y mi mente buscaba nuevas experiencias. <b>Ser emprendedor me result\u00f3 \u00fatil en la vida\u00bb<\/b>, asegur\u00f3 el propio Brolin, que qued\u00f3 cuarto en la clasificaci\u00f3n del Bal\u00f3n de Oro en 1994, por detr\u00e1s de jugadores de la talla del b\u00falgaro Hristo Stoichkov (fue el ganador en esa edici\u00f3n), o los italianos Roberto Baggio y Paolo Maldini.\u00a0<\/p>\n<p class=\"c-paragraph\">El exjugador nacido en Hudiksvall, Suecia, reconoci\u00f3 que, en ning\u00fan momento, se ha arrepentido de colgar las botas y asegura que actualmente no se pierde ning\u00fan partido del Parma italiano, club que ha permanecido siempre en su coraz\u00f3n: \u00ab<b>Descubr\u00ed un mundo nuevo, aprend\u00ed un oficio y me volv\u00ed a desafiar. Siempre he querido superarme en todos los aspectos. <\/b>Lo hice en el f\u00fatbol, en los negocios&#8230; ahora solo veo partidos que me interesan, aunque no me pierdo ninguno del Parma porque es un club que ha permanecido en mi coraz\u00f3n, pero <b>no puedo decir que no podr\u00eda vivir sin f\u00fatbol.<\/b> Ser\u00eda una mentira y me considero una persona muy honesta\u00bb.<\/p>\n<p class=\"c-paragraph\">El exdelantero tambi\u00e9n habl\u00f3 sobre su experiencia como jugador profesional de p\u00f3ker y recalc\u00f3 que se inici\u00f3 en el mundillo como un pasatiempos jugando \u00abcon amigos en Estocolmo\u00bb y <b>acab\u00f3 \u00aben los grandes casinos de Las Vegas\u00bb:<\/b> \u00abEmpec\u00e9 a jugar con amigos y me gust\u00f3&#8230; acab\u00e9 en los grandes casinos de Las Vegas. Estaba muy tranquilo, como lo estaba en el campo de f\u00fatbol. Intentaba estudiar a mis rivales, que de eso se trata el juego, <b>pero ese ambiente tambi\u00e9n me cansaba. <\/b>A veces me pregunto si soy demasiado inquieto. Siempre necesito nuevos est\u00edmulos\u00bb.\u00a0<\/p>\n<p class=\"c-paragraph\">Por \u00faltimo, Tomas quiso destacar una de sus grandes aventuras en el mundo de los negocios: decidi\u00f3 montar una empresa de aspiradoras. \u00ab<b>Ten\u00eda una idea para un nuevo tipo de aspiradora. Me sent\u00ed atra\u00eddo y fund\u00e9 la empresa.<\/b> Fue ese impulso lo que me hizo no querer volver atr\u00e1s nunca m\u00e1s. Todos me dec\u00edan que a los 28 a\u00f1os era muy pronto para retirarme del f\u00fatbol, pero yo siempre respond\u00eda que lo hab\u00eda logrado todo. Qued\u00e9 cuarto en el Bal\u00f3n de Oro. La vida es demasiado corta para hacer cosas aburridas, y no hago cosas que no disfruto\u00bb.\u00a0<\/p>\n","protected":false},"excerpt":{"rendered":"La vida y trayectoria de Tomas Brolin ha sido una aut\u00e9ntica monta\u00f1a rusa de cambios y emociones. El&hellip;\n","protected":false},"author":2,"featured_media":162531,"comment_status":"","ping_status":"","sticky":false,"template":"","format":"standard","meta":{"footnotes":""},"categories":[93],"tags":[48125,168,25,24,23,167,3080],"class_list":{"0":"post-162530","1":"post","2":"type-post","3":"status-publish","4":"format-standard","5":"has-post-thumbnail","7":"category-deportes","8":"tag-brolin","9":"tag-deportes","10":"tag-es","11":"tag-espana","12":"tag-spain","13":"tag-sports","14":"tag-tomas"},"share_on_mastodon":{"url":"","error":""},"_links":{"self":[{"href":"https:\/\/www.europesays.com\/es\/wp-json\/wp\/v2\/posts\/162530","targetHints":{"allow":["GET"]}}],"collection":[{"href":"https:\/\/www.europesays.com\/es\/wp-json\/wp\/v2\/posts"}],"about":[{"href":"https:\/\/www.europesays.com\/es\/wp-json\/wp\/v2\/types\/post"}],"author":[{"embeddable":true,"href":"https:\/\/www.europesays.com\/es\/wp-json\/wp\/v2\/users\/2"}],"replies":[{"embeddable":true,"href":"https:\/\/www.europesays.com\/es\/wp-json\/wp\/v2\/comments?post=162530"}],"version-history":[{"count":0,"href":"https:\/\/www.europesays.com\/es\/wp-json\/wp\/v2\/posts\/162530\/revisions"}],"wp:featuredmedia":[{"embeddable":true,"href":"https:\/\/www.europesays.com\/es\/wp-json\/wp\/v2\/media\/162531"}],"wp:attachment":[{"href":"https:\/\/www.europesays.com\/es\/wp-json\/wp\/v2\/media?parent=162530"}],"wp:term":[{"taxonomy":"category","embeddable":true,"href":"https:\/\/www.europesays.com\/es\/wp-json\/wp\/v2\/categories?post=162530"},{"taxonomy":"post_tag","embeddable":true,"href":"https:\/\/www.europesays.com\/es\/wp-json\/wp\/v2\/tags?post=162530"}],"curies":[{"name":"wp","href":"https:\/\/api.w.org\/{rel}","templated":true}]}}