{"id":162532,"date":"2025-10-08T09:38:14","date_gmt":"2025-10-08T09:38:14","guid":{"rendered":"https:\/\/www.europesays.com\/es\/162532\/"},"modified":"2025-10-08T09:38:14","modified_gmt":"2025-10-08T09:38:14","slug":"seom-y-aeemt-apuestan-por-el-trabajo-multidisciplinar-en-la-prevencion-identificacion-notificacion-y-reincorporacion-en-cancer-de-origen-laboral","status":"publish","type":"post","link":"https:\/\/www.europesays.com\/es\/162532\/","title":{"rendered":"SEOM Y AEEMT apuestan por el trabajo multidisciplinar en la prevenci\u00f3n, identificaci\u00f3n, notificaci\u00f3n y reincorporaci\u00f3n en c\u00e1ncer de origen laboral"},"content":{"rendered":"<ul>&#13;<\/p>\n<li style=\"text-align: justify;\" data-mce-word-list=\"1\"><strong>El consenso, que ha sido publicado en la revista Clinical Translational Oncology (CTO), disponible en open access, destaca que promover la colaboraci\u00f3n interdisciplinaria es fundamental para garantizar una atenci\u00f3n integral y adecuada durante todas las fases de la enfermedad y la recuperaci\u00f3n de los pacientes<\/strong><\/li>\n<p>&#13;\n<\/ul>\n<ul style=\"text-align: justify;\">&#13;<\/p>\n<li data-mce-word-list=\"1\"><strong>El consenso proporciona un marco estructurado para evaluar el origen profesional del c\u00e1ncer, facilitar la notificaci\u00f3n de casos y su clasificaci\u00f3n como contingencias laborales, as\u00ed como para apoyar evaluaciones informadas de la discapacidad y la reincorporaci\u00f3n laboral<\/strong><\/li>\n<p>&#13;\n<\/ul>\n<p style=\"text-align: justify;\"><strong>Madrid, 8 de octubre de 2025.-<\/strong> La Sociedad Espa\u00f1ola de Oncolog\u00eda M\u00e9dica (SEOM) y la Asociaci\u00f3n Espa\u00f1ola de Especialistas en Medicina del Trabajo (AEEMT) apuestan por el trabajo multidisciplinar en la prevenci\u00f3n, identificaci\u00f3n, notificaci\u00f3n y reincorporaci\u00f3n de los pacientes con c\u00e1ncer de origen laboral. As\u00ed, se pone de manifiesto en el consenso que han elaborado de forma conjunta ambas organizaciones y que se ha <a href=\"https:\/\/seom.org\/images\/Consenso_SEOM-AEEMT.pdf\" rel=\"nofollow noopener\" target=\"_blank\">publicado en la revista <\/a><a href=\"https:\/\/seom.org\/images\/Consenso_SEOM-AEEMT.pdf\" rel=\"nofollow noopener\" target=\"_blank\">Clinical Translational Oncology (CTO)<\/a><a href=\"https:\/\/seom.org\/images\/Consenso_SEOM-AEEMT.pdf\" rel=\"nofollow noopener\" target=\"_blank\">,<\/a> disponible en open access.<\/p>\n<p style=\"text-align: justify;\">El art\u00edculo destaca la importancia de identificar los factores de riesgo laborales, no solo para prevenir el c\u00e1ncer y permitir la adaptaci\u00f3n a normativas cambiantes, sino tambi\u00e9n para conocer los derechos potenciales de los pacientes respecto a prestaciones laborales. Esta comprensi\u00f3n resulta fundamental para la adecuada notificaci\u00f3n de sospecha de casos y su clasificaci\u00f3n como contingencia profesional. Asimismo, se enfatiza en que onc\u00f3logos y m\u00e9dicos del trabajo desempe\u00f1an un papel esencial en la detecci\u00f3n precoz, as\u00ed como en la orientaci\u00f3n de los procesos sanitarios y laborales tras el diagn\u00f3stico oncol\u00f3gico, facilitando la correcta planificaci\u00f3n de la reincorporaci\u00f3n al entorno laboral.<\/p>\n<p style=\"text-align: justify;\">Por ello, el texto subraya que establecer protocolos claros y promover la colaboraci\u00f3n interdisciplinaria es fundamental para garantizar una atenci\u00f3n integral y adecuada durante todas las fases de la enfermedad y la recuperaci\u00f3n. Adem\u00e1s, implementar estrategias de protecci\u00f3n para trabajadores y pacientes es vital para mejorar los resultados actuales y prevenir el c\u00e1ncer ocupacional.<\/p>\n<p style=\"text-align: justify;\">Dicho consenso destaca el papel del c\u00e1ncer como una de las principales causas de morbimortalidad en Espa\u00f1a y Europa, donde la exposici\u00f3n a carcin\u00f3genos en el entorno de trabajo puede aumentar el riesgo de desarrollar esta enfermedad. \u00a0Adem\u00e1s, describe los criterios para determinar la causalidad laboral, los procedimientos de notificaci\u00f3n y clasificaci\u00f3n de casos como contingencias profesionales, y detalla algoritmos de actuaci\u00f3n coordinada, junto con futuras estrategias para fortalecer la prevenci\u00f3n del c\u00e1ncer laboral. En definitiva, proporciona un marco estructurado para evaluar el origen profesional del c\u00e1ncer, facilitar el conocimiento para la notificaci\u00f3n de las sospechas de casos y su clasificaci\u00f3n como contingencias laborales, as\u00ed como para apoyar evaluaciones informadas de la discapacidad y la reincorporaci\u00f3n laboral en pacientes con c\u00e1ncer.<\/p>\n<p style=\"text-align: justify;\">\u201cEl documento aborda de forma pionera en Espa\u00f1a la necesidad de mejorar la detecci\u00f3n y notificaci\u00f3n de c\u00e1ncer de origen laboral, reducir la infradeclaraci\u00f3n de casos vinculados a la exposici\u00f3n a carcin\u00f3genos en el entorno de trabajo, establecer protocolos comunes para la valoraci\u00f3n de la discapacidad y la reincorporaci\u00f3n laboral de pacientes con c\u00e1ncer y promover estrategias preventivas y formativas para proteger a la poblaci\u00f3n trabajadora en riesgo\u201d, recalca la <strong>Dra. Laura Mezquita<\/strong>, coordinadora del Grupo de Trabajo SEOM de C\u00e1ncer, Trabajo y Medio Ambiente.<\/p>\n<p style=\"text-align: justify;\">\u201cEste documento \u2013a\u00f1ade la <strong>Dra. Beatriz Calvo<\/strong>, del Grupo Funcional C\u00e1ncer y Trabajo de la AEEMT- supone un hito al establecer un marco com\u00fan de actuaci\u00f3n para fomentar la notificaci\u00f3n de las sospechas de c\u00e1ncer de origen laboral, as\u00ed como para abordar las implicaciones en materia de incapacidad laboral, discapacidad y de reincorporaci\u00f3n laboral de las personas trabajadoras. Su publicaci\u00f3n refuerza el papel de los m\u00e9dicos del trabajo como agentes clave en la prevenci\u00f3n primaria, secundaria, terciaria y en la coordinaci\u00f3n con los onc\u00f3logos para garantizar una atenci\u00f3n m\u00e1s integral\u201d.<\/p>\n<p style=\"text-align: justify;\"><strong>Compromiso de futuro<\/strong><\/p>\n<p style=\"text-align: justify;\">Ambas organizaciones colaboran desde 2020 tras establecer un acuerdo formal destinado a generar conocimiento y promover un enfoque integral del c\u00e1ncer laboral. El trabajo conjunto entre ambas tiene asimismo como objetivo no solo avanzar en la prevenci\u00f3n del c\u00e1ncer profesional, sino tambi\u00e9n promover estrategias basadas en la evidencia para la planificaci\u00f3n de la reincorporaci\u00f3n al trabajo.<\/p>\n<p style=\"text-align: justify;\">SEOM y la AEEMT se comprometen, como refleja este consenso, a mejorar el conocimiento y la capacidad de respuesta en relaci\u00f3n con el c\u00e1ncer laboral en Espa\u00f1a. \u201cNuestro objetivo es doble: primero, promover pol\u00edticas y pr\u00e1cticas que garanticen un entorno laboral seguro y saludable para las personas con riesgo de c\u00e1ncer, fomentando su prevenci\u00f3n primaria y secundaria. Segundo, para los pacientes con c\u00e1ncer, mejorar la identificaci\u00f3n y el reconocimiento adecuado del c\u00e1ncer como sospecha de enfermedad profesional cuando corresponda, y apoyar la evaluaci\u00f3n de la discapacidad, el seguimiento, y la reincorporaci\u00f3n laboral con las adaptaciones consideren oportunas, independientemente del origen del c\u00e1ncer\u201d.<\/p>\n<p style=\"text-align: justify;\">\u201cPara la AEEMT, disponer de protocolos claros y compartidos con la Oncolog\u00eda es esencial para reducir la infradeclaraci\u00f3n de estos casos, impulsar la investigaci\u00f3n y contribuir a la estrategia nacional de seguridad y salud en el trabajo. En definitiva, la colaboraci\u00f3n entre ambas sociedades busca no solo establecer protocolos claros para mejorar la determinaci\u00f3n del origen laboral del c\u00e1ncer y gestionar su notificaci\u00f3n como contingencia profesional con las mejoras sociales que ello supone, sino tambi\u00e9n optimizar la reincorporaci\u00f3n laboral segura y saludable de las personas trabajadoras\u00a0afectas\u201d, subraya la Dra. Calvo.<\/p>\n<p style=\"text-align: justify;\">Y en la misma l\u00ednea, la Dra. Mezquita afirma que \u201ces un compromiso por el bien com\u00fan de la sociedad, los pacientes y los profesionales sanitarios. Con este consenso, SEOM refuerza su papel como sociedad cient\u00edfica de referencia en Espa\u00f1a, impulsando la investigaci\u00f3n, la prevenci\u00f3n y la equidad en el abordaje del c\u00e1ncer. La colaboraci\u00f3n con AEEMT constituye la base para un marco estable y duradero, alineado con la Estrategia Espa\u00f1ola de Seguridad y Salud en el Trabajo 2023-2027, que ya reconoce al c\u00e1ncer laboral como una de sus prioridades\u201d.<\/p>\n<p style=\"text-align: justify;\"><a href=\"https:\/\/seom.org\/images\/NP_SEOM_-_AEEMT_Consenso.pdf\" target=\"_blank\" rel=\"nofollow noopener\"><img decoding=\"async\" src=\"https:\/\/www.europesays.com\/es\/wp-content\/uploads\/2025\/10\/icono_pdf.png\" alt=\"icono pdf\"\/>\u00a0Nota de prensa<\/a><\/p>\n","protected":false},"excerpt":{"rendered":"&#13; El consenso, que ha sido publicado en la revista Clinical Translational Oncology (CTO), disponible en open access,&hellip;\n","protected":false},"author":2,"featured_media":160174,"comment_status":"","ping_status":"","sticky":false,"template":"","format":"standard","meta":{"footnotes":""},"categories":[92],"tags":[12543,47583,1066,8105,47587,8106,47582,3298,19733,38692,47591,33325,47588,47581,3384,25,24,165,47592,1667,47579,4863,6241,9785,47584,3613,44754,1817,47590,597,4298,47586,36167,166,47585,23,8768,26620,47580,47589,1064,1077],"class_list":{"0":"post-162532","1":"post","2":"type-post","3":"status-publish","4":"format-standard","5":"has-post-thumbnail","7":"category-salud","8":"tag-adenocarcinoma","9":"tag-bolsa-de-empleo-oncologia","10":"tag-cancer","11":"tag-cancer-de-colon","12":"tag-cancer-de-estomago","13":"tag-cancer-de-mama","14":"tag-cancer-de-piel","15":"tag-cancer-de-prostata","16":"tag-cancer-de-pulmon","17":"tag-cancer-de-vejiga","18":"tag-cancer-pancreas","19":"tag-carcinoma","20":"tag-cervix","21":"tag-cifras-sobre-el-cancer","22":"tag-colorrectal","23":"tag-es","24":"tag-espana","25":"tag-health","26":"tag-hodgkin","27":"tag-informacion","28":"tag-informacion-sobre-cancer","29":"tag-linfoma","30":"tag-melanoma","31":"tag-metastasis","32":"tag-ofertas-de-trabajo-oncologia-medica","33":"tag-oncologia","34":"tag-oncologia-medica","35":"tag-pacientes","36":"tag-pacientes-con-cancer","37":"tag-prevencion","38":"tag-quimioterapia","39":"tag-quimioterapia-efectos-secundarios","40":"tag-radioterapia","41":"tag-salud","42":"tag-sintomas-del-cancer","43":"tag-spain","44":"tag-supervivencia","45":"tag-tipos","46":"tag-tipos-de-cancer","47":"tag-tramiento","48":"tag-tratamiento","49":"tag-tumores"},"share_on_mastodon":{"url":"","error":""},"_links":{"self":[{"href":"https:\/\/www.europesays.com\/es\/wp-json\/wp\/v2\/posts\/162532","targetHints":{"allow":["GET"]}}],"collection":[{"href":"https:\/\/www.europesays.com\/es\/wp-json\/wp\/v2\/posts"}],"about":[{"href":"https:\/\/www.europesays.com\/es\/wp-json\/wp\/v2\/types\/post"}],"author":[{"embeddable":true,"href":"https:\/\/www.europesays.com\/es\/wp-json\/wp\/v2\/users\/2"}],"replies":[{"embeddable":true,"href":"https:\/\/www.europesays.com\/es\/wp-json\/wp\/v2\/comments?post=162532"}],"version-history":[{"count":0,"href":"https:\/\/www.europesays.com\/es\/wp-json\/wp\/v2\/posts\/162532\/revisions"}],"wp:featuredmedia":[{"embeddable":true,"href":"https:\/\/www.europesays.com\/es\/wp-json\/wp\/v2\/media\/160174"}],"wp:attachment":[{"href":"https:\/\/www.europesays.com\/es\/wp-json\/wp\/v2\/media?parent=162532"}],"wp:term":[{"taxonomy":"category","embeddable":true,"href":"https:\/\/www.europesays.com\/es\/wp-json\/wp\/v2\/categories?post=162532"},{"taxonomy":"post_tag","embeddable":true,"href":"https:\/\/www.europesays.com\/es\/wp-json\/wp\/v2\/tags?post=162532"}],"curies":[{"name":"wp","href":"https:\/\/api.w.org\/{rel}","templated":true}]}}