{"id":162543,"date":"2025-10-08T09:44:08","date_gmt":"2025-10-08T09:44:08","guid":{"rendered":"https:\/\/www.europesays.com\/es\/162543\/"},"modified":"2025-10-08T09:44:08","modified_gmt":"2025-10-08T09:44:08","slug":"esta-tarde-siga-en-directo-la-adoracion-eucaristica-de-emaus-effeta-y-bartimeo-en-la-catedral","status":"publish","type":"post","link":"https:\/\/www.europesays.com\/es\/162543\/","title":{"rendered":"ESTA TARDE SIGA EN DIRECTO LA ADORACI\u00d3N EUCAR\u00cdSTICA DE EMA\u00daS, EFFET\u00c1 Y BARTIMEO EN LA CATEDRAL"},"content":{"rendered":"<p>Hoy mi\u00e9rcoles 8 de octubre a las 20:30 horas, en el Trascoro de la Catedral, tendr\u00e1 lugar el encuentro diocesano convocado por <strong>Ema\u00fas, Effet\u00e1 y Bartimeo con el arzobispo de Sevilla, monse\u00f1or Jos\u00e9 \u00c1ngel S\u00e1iz Meneses<\/strong>.<\/p>\n<p>El acceso ser\u00e1 por las puertas de San Miguel y del Bautismo a partir de las 19:30.<\/p>\n<p>El acto pordr\u00e1 seguirse en directo en el siguiente enlace:<\/p>\n","protected":false},"excerpt":{"rendered":"Hoy mi\u00e9rcoles 8 de octubre a las 20:30 horas, en el Trascoro de la Catedral, tendr\u00e1 lugar el&hellip;\n","protected":false},"author":2,"featured_media":162544,"comment_status":"","ping_status":"","sticky":false,"template":"","format":"standard","meta":{"footnotes":""},"categories":[5],"tags":[47035,29269,47036,17,18,3860,3863,47037,47038,25,24,13,14,11,19,20,47039,9,10,15,16,47040,23,12,21,22],"class_list":{"0":"post-162543","1":"post","2":"type-post","3":"status-publish","4":"format-standard","5":"has-post-thumbnail","7":"category-titulares","8":"tag-adoracion-eucaristica-arzobispo","9":"tag-arzobispo-de-sevilla","10":"tag-bartimeo","11":"tag-breaking-news","12":"tag-breakingnews","13":"tag-cabildo-catedral","14":"tag-catedral-de-sevilla","15":"tag-effeta","16":"tag-encuentro-arzobispo","17":"tag-es","18":"tag-espana","19":"tag-featured-news","20":"tag-featurednews","21":"tag-headlines","22":"tag-latest-news","23":"tag-latestnews","24":"tag-monsenor-jose-angel-saiz-meneses","25":"tag-news","26":"tag-noticias","27":"tag-noticias-destacadas","28":"tag-noticiasdestacadas","29":"tag-retiro-espiritual","30":"tag-spain","31":"tag-titulares","32":"tag-ultimas-noticias","33":"tag-ultimasnoticias"},"share_on_mastodon":{"url":"","error":""},"_links":{"self":[{"href":"https:\/\/www.europesays.com\/es\/wp-json\/wp\/v2\/posts\/162543","targetHints":{"allow":["GET"]}}],"collection":[{"href":"https:\/\/www.europesays.com\/es\/wp-json\/wp\/v2\/posts"}],"about":[{"href":"https:\/\/www.europesays.com\/es\/wp-json\/wp\/v2\/types\/post"}],"author":[{"embeddable":true,"href":"https:\/\/www.europesays.com\/es\/wp-json\/wp\/v2\/users\/2"}],"replies":[{"embeddable":true,"href":"https:\/\/www.europesays.com\/es\/wp-json\/wp\/v2\/comments?post=162543"}],"version-history":[{"count":0,"href":"https:\/\/www.europesays.com\/es\/wp-json\/wp\/v2\/posts\/162543\/revisions"}],"wp:featuredmedia":[{"embeddable":true,"href":"https:\/\/www.europesays.com\/es\/wp-json\/wp\/v2\/media\/162544"}],"wp:attachment":[{"href":"https:\/\/www.europesays.com\/es\/wp-json\/wp\/v2\/media?parent=162543"}],"wp:term":[{"taxonomy":"category","embeddable":true,"href":"https:\/\/www.europesays.com\/es\/wp-json\/wp\/v2\/categories?post=162543"},{"taxonomy":"post_tag","embeddable":true,"href":"https:\/\/www.europesays.com\/es\/wp-json\/wp\/v2\/tags?post=162543"}],"curies":[{"name":"wp","href":"https:\/\/api.w.org\/{rel}","templated":true}]}}