{"id":162551,"date":"2025-10-08T09:50:17","date_gmt":"2025-10-08T09:50:17","guid":{"rendered":"https:\/\/www.europesays.com\/es\/162551\/"},"modified":"2025-10-08T09:50:17","modified_gmt":"2025-10-08T09:50:17","slug":"rapha-abandona-el-worldtour-tras-7-anos-se-acaba-su-relacion-con-ef-pro-cycling","status":"publish","type":"post","link":"https:\/\/www.europesays.com\/es\/162551\/","title":{"rendered":"Rapha abandona el WorldTour tras 7 a\u00f1os, se acaba su relaci\u00f3n con EF Pro Cycling"},"content":{"rendered":"<p>Rapha y EF Pro Cycling pondr\u00e1n fin a su colaboraci\u00f3n al cierre de 2025. Siete a\u00f1os que cambiaron la imagen del pelot\u00f3n y marcaron un antes y un despu\u00e9s en la relaci\u00f3n entre rendimiento, dise\u00f1o y narrativa en el ciclismo profesional.<\/p>\n<blockquote class=\"quote-card lateral\">\n<p>Rapha abandona el WorldTour\u2026 por ahora<\/p>\n<\/blockquote>\n<p>El final de la temporada 2025 marcar\u00e1 el cierre de una de las asociaciones m\u00e1s reconocibles y singulares del ciclismo profesional moderno. <strong>Rapha y EF Pro Cycling pondr\u00e1n fin a su colaboraci\u00f3n<\/strong> tras siete a\u00f1os en los que la marca brit\u00e1nica de ropa ciclista y el conjunto estadounidense redefinieron la imagen del pelot\u00f3n WorldTour.<\/p>\n<p>\t Contin\u00faa tras los patrocinadores<\/p>\n<blockquote class=\"quote-card lateral\">\n<p>\u00abHemos decidido ampliar horizontes e incrementar nuestro impacto en otras \u00e1reas del ciclismo de \u00e9lite y de base\u201d<\/p>\n<\/blockquote>\n<p>El acuerdo, que comenz\u00f3 en 2019, puso a Rapha al frente del dise\u00f1o y suministro de los uniformes de las formaciones <strong>EF Education-EasyPost<\/strong> y <strong>EF Education-Oatly<\/strong>, tanto en la estructura masculina como en la femenina. Lo que naci\u00f3 como un patrocinio t\u00e9cnico acab\u00f3 por convertirse en un fen\u00f3meno de identidad de marca y estilo.<\/p>\n<p>La noticia, adelantada durante el verano y confirmada oficialmente por ambas partes, supone el fin de una etapa marcada por la creatividad y la disrupci\u00f3n en la est\u00e9tica del ciclismo. <strong>Rapha habr\u00eda sido quien decidi\u00f3 poner fin al acuerdo<\/strong>, aunque su CEO, Fran Millar, asegur\u00f3 que se trata de una pausa temporal: \u201cRapha deja el WorldTour, por ahora. Volveremos. EF Pro Cycling tiene un esp\u00edritu \u00fanico que siempre respetaremos, pero hemos decidido ampliar horizontes e incrementar nuestro impacto en otras \u00e1reas del ciclismo de \u00e9lite y de base\u201d.<\/p>\n<p><a href=\"https:\/\/esmtb.com\/wp-content\/uploads\/2025\/10\/ra1.jpg\" rel=\"nofollow noopener\" target=\"_blank\"><img fetchpriority=\"high\" decoding=\"async\" class=\"size-large wp-image-156548 \" src=\"https:\/\/www.europesays.com\/es\/wp-content\/uploads\/2025\/10\/ra1-768x1024.jpg\" alt=\"\" width=\"768\" height=\"1024\"  \/><\/a><\/p>\n<p class=\"wp-caption-text\">Rapha y EF Pro Cycling<\/p>\n<p>Un impacto m\u00e1s all\u00e1 del rendimiento<\/p>\n<blockquote class=\"quote-card lateral\">\n<p>Una colaboraci\u00f3n que cambi\u00f3 la forma de entender la comunicaci\u00f3n y la est\u00e9tica en el ciclismo profesional<\/p>\n<\/blockquote>\n<p>Durante estos siete a\u00f1os, la alianza Rapha\u2013EF ha ido mucho m\u00e1s all\u00e1 del equipamiento. Ambas entidades apostaron por una narrativa propia, plasmada en las series documentales Gone Racing, que mostraban a los corredores en pruebas alternativas como <strong>Unbound Gravel<\/strong>, <strong>Leadville 100<\/strong> o la <strong>Cape Epic<\/strong>. Ese enfoque, m\u00e1s humano y cercano, rompi\u00f3 con el hermetismo habitual del WorldTour y ayud\u00f3 a atraer a nuevos aficionados.<\/p>\n<p>La est\u00e9tica tambi\u00e9n fue parte esencial del fen\u00f3meno. En cada Giro d\u2019Italia desde 2020, Rapha dise\u00f1\u00f3 equipaciones especiales para evitar el choque visual con el maillot rosa de l\u00edder. De aquellas surgieron las ic\u00f3nicas <strong>colaboraciones con la marca Palace<\/strong>, que fusionaron la moda urbana con el ciclismo de alto nivel. Sus ediciones limitadas se agotaron en minutos y llegaron a revenderse por hasta cuatro veces su precio original, convirti\u00e9ndose en piezas de culto.<\/p>\n<p><a href=\"https:\/\/www.europesays.com\/es\/wp-content\/uploads\/2025\/10\/ra3.jpg\"><img loading=\"lazy\" decoding=\"async\" class=\"size-full wp-image-156546 \" src=\"https:\/\/www.europesays.com\/es\/wp-content\/uploads\/2025\/10\/ra3.jpg\" alt=\"\" width=\"1012\" height=\"893\"  \/><\/a><\/p>\n<p class=\"wp-caption-text\">Rapha y EF Pro Cycling<\/p>\n<p>Un legado de innovaci\u00f3n y marketing<\/p>\n<blockquote class=\"quote-card lateral\">\n<p>Muchos productos de Rapha surgieron de la competici\u00f3n<\/p>\n<\/blockquote>\n<p>M\u00e1s all\u00e1 del impacto visual, la asociaci\u00f3n impuls\u00f3 el desarrollo de nuevos tejidos, trajes aerodin\u00e1micos y sistemas de protecci\u00f3n frente a la lluvia y el fr\u00edo. La gama <strong>Pro Team de Rapha<\/strong> evolucion\u00f3 en paralelo a las exigencias del equipo, contribuyendo tambi\u00e9n al desarrollo t\u00e9cnico del producto final disponible para el p\u00fablico.<\/p>\n<p>La colaboraci\u00f3n demostr\u00f3 que el rendimiento deportivo y la personalidad de marca pod\u00edan convivir en un mismo proyecto. De hecho, el conjunto EF Pro Cycling consigui\u00f3 victorias en las tres grandes vueltas y en cl\u00e1sicos monumento vistiendo los dise\u00f1os de Rapha, uniendo \u00e9xito deportivo con un posicionamiento de imagen in\u00e9dito en el ciclismo contempor\u00e1neo.<\/p>\n<p><a href=\"https:\/\/www.europesays.com\/es\/wp-content\/uploads\/2025\/10\/a4.jpg\"><img loading=\"lazy\" decoding=\"async\" class=\"size-full wp-image-156545 \" src=\"https:\/\/www.europesays.com\/es\/wp-content\/uploads\/2025\/10\/a4.jpg\" alt=\"\" width=\"1012\" height=\"893\"  \/><\/a><\/p>\n<p class=\"wp-caption-text\">Rapha y EF Pro Cycling<\/p>\n<p>La reacci\u00f3n de EF y el futuro<\/p>\n<blockquote class=\"quote-card lateral\">\n<p>\u00abEF Pro Cycling y Rapha se propusieron cambiar las reglas del ciclismo en 2019, y lo lograron.\u00bb<\/p>\n<\/blockquote>\n<p>Por su parte, el fundador y director general del equipo, Jonathan Vaughters, valor\u00f3 la etapa conjunta como un ejemplo de innovaci\u00f3n en la industria: \u201cEF Pro Cycling y Rapha se propusieron cambiar las reglas del ciclismo en 2019, y lo lograron. Las carreras alternativas, las colaboraciones inesperadas, los maillots imposibles de ignorar\u2026 conseguimos atraer a nuevos p\u00fablicos al deporte. Esa es la se\u00f1al de una asociaci\u00f3n exitosa\u201d.<\/p>\n<p>La salida de Rapha deja abierta la inc\u00f3gnita sobre qu\u00e9 marca asumir\u00e1 la confecci\u00f3n de la equipaci\u00f3n del equipo a partir de 2026. El nuevo proveedor deber\u00e1, adem\u00e1s, dise\u00f1ar el maillot arco\u00edris de <strong>Magdeleine Vallieres<\/strong>, reciente campeona del mundo.<\/p>\n<p>Para cerrar esta etapa, Rapha lanzar\u00e1 el <strong>10 de octubre una serie de tres maillots conmemorativos en edici\u00f3n limitada<\/strong>, disponibles en color rosa, blanco y negro. Seg\u00fan la marca, ser\u00e1n \u201cla \u00faltima oportunidad de poseer un maillot Rapha EF Pro Cycling\u201d.<\/p>\n<p><a href=\"https:\/\/www.europesays.com\/es\/wp-content\/uploads\/2025\/10\/a2.jpg\"><img loading=\"lazy\" decoding=\"async\" class=\"size-full wp-image-156547 \" src=\"https:\/\/www.europesays.com\/es\/wp-content\/uploads\/2025\/10\/a2.jpg\" alt=\"\" width=\"1012\" height=\"893\"  \/><\/a><\/p>\n<p class=\"wp-caption-text\">Rapha y EF Pro Cycling<\/p>\n<p>Un adi\u00f3s que marca una era<\/p>\n<blockquote class=\"quote-card lateral\">\n<p>Una alianza que demostr\u00f3 que en el ciclismo profesional hay espacio para la creatividad y la emoci\u00f3n<\/p>\n<\/blockquote>\n<p>La retirada de Rapha del WorldTour pone fin a una de las colaboraciones m\u00e1s influyentes del ciclismo moderno, capaz de combinar <strong>rendimiento, narrativa y cultura visual<\/strong> en un mismo proyecto. Su legado no solo se mide en victorias o prendas, sino en la huella que deja en c\u00f3mo las marcas y los equipos se relacionan con sus aficionados.<\/p>\n<p>Rapha afirma que volver\u00e1 al WorldTour. Si lo hace, lo har\u00e1 dejando atr\u00e1s una era en la que el pelot\u00f3n, por un momento, se atrevi\u00f3 a ser diferente.<\/p>\n","protected":false},"excerpt":{"rendered":"Rapha y EF Pro Cycling pondr\u00e1n fin a su colaboraci\u00f3n al cierre de 2025. Siete a\u00f1os que cambiaron&hellip;\n","protected":false},"author":2,"featured_media":162552,"comment_status":"","ping_status":"","sticky":false,"template":"","format":"standard","meta":{"footnotes":""},"categories":[273],"tags":[313,312,168,25,24,48126,33988,23,167],"class_list":{"0":"post-162551","1":"post","2":"type-post","3":"status-publish","4":"format-standard","5":"has-post-thumbnail","7":"category-ciclismo","8":"tag-ciclismo","9":"tag-cycling","10":"tag-deportes","11":"tag-es","12":"tag-espana","13":"tag-rapha","14":"tag-road","15":"tag-spain","16":"tag-sports"},"share_on_mastodon":{"url":"","error":""},"_links":{"self":[{"href":"https:\/\/www.europesays.com\/es\/wp-json\/wp\/v2\/posts\/162551","targetHints":{"allow":["GET"]}}],"collection":[{"href":"https:\/\/www.europesays.com\/es\/wp-json\/wp\/v2\/posts"}],"about":[{"href":"https:\/\/www.europesays.com\/es\/wp-json\/wp\/v2\/types\/post"}],"author":[{"embeddable":true,"href":"https:\/\/www.europesays.com\/es\/wp-json\/wp\/v2\/users\/2"}],"replies":[{"embeddable":true,"href":"https:\/\/www.europesays.com\/es\/wp-json\/wp\/v2\/comments?post=162551"}],"version-history":[{"count":0,"href":"https:\/\/www.europesays.com\/es\/wp-json\/wp\/v2\/posts\/162551\/revisions"}],"wp:featuredmedia":[{"embeddable":true,"href":"https:\/\/www.europesays.com\/es\/wp-json\/wp\/v2\/media\/162552"}],"wp:attachment":[{"href":"https:\/\/www.europesays.com\/es\/wp-json\/wp\/v2\/media?parent=162551"}],"wp:term":[{"taxonomy":"category","embeddable":true,"href":"https:\/\/www.europesays.com\/es\/wp-json\/wp\/v2\/categories?post=162551"},{"taxonomy":"post_tag","embeddable":true,"href":"https:\/\/www.europesays.com\/es\/wp-json\/wp\/v2\/tags?post=162551"}],"curies":[{"name":"wp","href":"https:\/\/api.w.org\/{rel}","templated":true}]}}