{"id":162553,"date":"2025-10-08T09:51:08","date_gmt":"2025-10-08T09:51:08","guid":{"rendered":"https:\/\/www.europesays.com\/es\/162553\/"},"modified":"2025-10-08T09:51:08","modified_gmt":"2025-10-08T09:51:08","slug":"cuando-se-retire-y-pasen-los-anos","status":"publish","type":"post","link":"https:\/\/www.europesays.com\/es\/162553\/","title":{"rendered":"Cuando se retire y pasen los a\u00f1os&#8230;"},"content":{"rendered":"<p class=\"L6-news-detail__text\"><b>Marc M\u00e1rquez<\/b> es nueve veces campe\u00f3n del mundo. Lo logr\u00f3 en Jap\u00f3n. Fue su regreso despu\u00e9s de una etapa muy dura de lesiones. Y el mundo del deporte se ha rendido a lo que ha conseguido. <b><a title=\"Carlos Sainz\" href=\"https:\/\/www.lasexta.com\/noticias\/deportes\/motor\/formula1\/carlos-sainz-cuenta-aston-martin-lucha-2026-motor-honda_2025100868e614fee81f4179693ba2fb.html\" target=\"_blank\" rel=\"nofollow noopener\">Carlos Sainz<\/a><\/b>, piloto espa\u00f1ol de Williams F\u00f3rmula 1, dice que s\u00f3lo se le valorar\u00e1 de verdad cuando se marche de MotoGP.<\/p>\n<p class=\"L6-news-detail__text\">Lo ha dicho en &#8216;Cope&#8217;, donde ha lanzado muchos elogios para Marc: <b>\u00abMarc ha dominado de una forma incre\u00edble<\/b> y como los estamos viviendo ahora en el presente pues igual no nos damos cuenta, pero el d\u00eda en el que Marc M\u00e1rquez se retire y pasen los a\u00f1os lo <b>recordaremos como algo parecido a Ayrton Senna en la Formula 1, por carisma y por todo\u00bb.<\/b><\/p>\n<p class=\"L6-news-detail__text\"><b>\u00abYa le felicit\u00e9 porque ha hecho un a\u00f1azo.<\/b> La ca\u00edda del otro d\u00eda una pena, esperemos que se recupere\u00bb, dice el piloto de la F\u00f3rmula 1.<\/p>\n<p class=\"L6-news-detail__text\">M\u00e1rquez ya est\u00e1 en Madrid <b>recuper\u00e1ndose de su lesi\u00f3n<\/b>. Su accidente en Indonesia le ha dejado fuera para las dos pr\u00f3ximas citas: Australia y Malasia.<\/p>\n<p class=\"L6-news-detail__text\">El de Ducati espera poder volver antes de que finalice el mundial. <b>En Portugal y sobre todo en Valencia<\/b>, ante su gente, para cerrar un 2025 que ha sido realmente brillante para \u00e9l.<\/p>\n<p class=\"L6-news-detail__text\">Porque despu\u00e9s de varias a\u00f1os de lesiones que <b>le impidieron competir al 100%, este 2025 por fin ha podido disfrutar<\/b>. Y el mejor piloto con la mejor moto ha demostrado ser imparable.<\/p>\n<p class=\"L6-support-news-video__title\">En el GP de Indonesia <\/p>\n<p>            <a href=\"https:\/\/www.lasexta.com\/noticias\/deportes\/motor\/imagen-que-nadie-queria-ver-terrible-caida-marquez-que-provoco-fractura-hombro-derecho_2025100568e22250771e4a2d532e7bbd.html\" class=\"L6-news__link\" rel=\"nofollow noopener\" target=\"_blank\"><br \/>\n                La imagen que nadie quer\u00eda ver: la terrible ca\u00edda de M\u00e1rquez que provoc\u00f3 una fractura en su hombro derecho <\/p>\n<p class=\"recirculation-video-desc\">El de Cervera ha sufrido un accidente en la salida del GP de Indonesia y la preocupaci\u00f3n ha invadido el circuito de Mandalika despu\u00e9s de que Marc no pudiera mover el hombro tras la ca\u00edda.<\/p>\n<p>            <\/a><\/p>\n","protected":false},"excerpt":{"rendered":"Marc M\u00e1rquez es nueve veces campe\u00f3n del mundo. Lo logr\u00f3 en Jap\u00f3n. Fue su regreso despu\u00e9s de una&hellip;\n","protected":false},"author":2,"featured_media":162554,"comment_status":"","ping_status":"","sticky":false,"template":"","format":"standard","meta":{"footnotes":""},"categories":[270],"tags":[168,25,24,306,271,272,23,167],"class_list":{"0":"post-162553","1":"post","2":"type-post","3":"status-publish","4":"format-standard","5":"has-post-thumbnail","7":"category-formula-1","8":"tag-deportes","9":"tag-es","10":"tag-espana","11":"tag-f1","12":"tag-formula-1","13":"tag-formula1","14":"tag-spain","15":"tag-sports"},"share_on_mastodon":{"url":"","error":""},"_links":{"self":[{"href":"https:\/\/www.europesays.com\/es\/wp-json\/wp\/v2\/posts\/162553","targetHints":{"allow":["GET"]}}],"collection":[{"href":"https:\/\/www.europesays.com\/es\/wp-json\/wp\/v2\/posts"}],"about":[{"href":"https:\/\/www.europesays.com\/es\/wp-json\/wp\/v2\/types\/post"}],"author":[{"embeddable":true,"href":"https:\/\/www.europesays.com\/es\/wp-json\/wp\/v2\/users\/2"}],"replies":[{"embeddable":true,"href":"https:\/\/www.europesays.com\/es\/wp-json\/wp\/v2\/comments?post=162553"}],"version-history":[{"count":0,"href":"https:\/\/www.europesays.com\/es\/wp-json\/wp\/v2\/posts\/162553\/revisions"}],"wp:featuredmedia":[{"embeddable":true,"href":"https:\/\/www.europesays.com\/es\/wp-json\/wp\/v2\/media\/162554"}],"wp:attachment":[{"href":"https:\/\/www.europesays.com\/es\/wp-json\/wp\/v2\/media?parent=162553"}],"wp:term":[{"taxonomy":"category","embeddable":true,"href":"https:\/\/www.europesays.com\/es\/wp-json\/wp\/v2\/categories?post=162553"},{"taxonomy":"post_tag","embeddable":true,"href":"https:\/\/www.europesays.com\/es\/wp-json\/wp\/v2\/tags?post=162553"}],"curies":[{"name":"wp","href":"https:\/\/api.w.org\/{rel}","templated":true}]}}