{"id":162555,"date":"2025-10-08T09:52:16","date_gmt":"2025-10-08T09:52:16","guid":{"rendered":"https:\/\/www.europesays.com\/es\/162555\/"},"modified":"2025-10-08T09:52:16","modified_gmt":"2025-10-08T09:52:16","slug":"entrevista-a-nikos-rogkavopoulos-ex-del-baskonia","status":"publish","type":"post","link":"https:\/\/www.europesays.com\/es\/162555\/","title":{"rendered":"Entrevista a Nikos Rogkavopoulos, ex del Baskonia"},"content":{"rendered":"<p>\n        <a href=\"https:\/\/www.noticiasdealava.eus\/baskonia\/2025\/07\/27\/rogkavopoulos-rumbo-panathinaikos-9923463.html\" title=\"Nikos Rogkavopoulos\" target=\"_blank\" class=\"link copy\" rel=\"nofollow noopener\"><strong>Nikos Rogkavopoulos <\/strong><\/a><strong>(Atenas, 2001)<\/strong> fue uno de los pocos jugadores que despuntaron en el Baskonia en la pasada temporada 2024-25. El alero griego dio un paso al frente en todas las facetas del juego, mejor\u00f3 f\u00edsicamente y fue uno de los principales anotadores del equipo. Los <strong>9,7 puntos, 3,9 rebotes y 9,6 cr\u00e9ditos que promedi\u00f3 el pasado curso<\/strong> le abrieron la puerta a su regreso a Grecia, concretamente a uno de los clubes m\u00e1s poderosos de la Euroliga como es el Panathinaikos. Como explica a este peri\u00f3dico antes de su regreso al Buesa Arena el jueves,<strong> le result\u00f3 duro tomar la decisi\u00f3n de salir de un club en el que fue feliz, <\/strong>aunque la oportunidad fue irrechazable. Eso s\u00ed, conf\u00eda en que el baskonismo lo comprenda.\n<\/p>\n<p class=\"article-body__text question-answers__question\">\u00bfQu\u00e9 tal le est\u00e1n yendo las cosas en su nuevo equipo?\u00a0<\/p>\n<p class=\"article-body__text question-answers__answer\">De momento todo va bien. Estoy de vuelta en casa y juego en un club para el que es fundamental ganar todos los t\u00edtulos. La competencia es enorme, con una plantilla muy talentosa y profunda. Tambi\u00e9n es una gran oportunidad ser entrenado por un t\u00e9cnico tan bueno como Ergin Ataman, que lleva mucho tiempo gan\u00e1ndolo todo. Es un ganador. Ahora estoy intentando adaptarme, aprendiendo y mejorando cada partido y cada entrenamiento.\u00a0<\/p>\n<p class=\"article-body__text question-answers__question\">\u00bfC\u00f3mo vivi\u00f3 el verano? Imagino que no se lo pens\u00f3 con la oportunidad de regresar a casa con un club de este nivel&#8230;\u00a0<\/p>\n<p class=\"article-body__text question-answers__answer\">Mire, yo amo al Baskonia. El Baskonia me lo dio todo y lo que tengo ahora es gracias a ellos, estoy muy agradecido. Fueron quienes me dieron la gran oportunidad de competir en la Euroliga a este nivel. Tengo recuerdos incre\u00edbles y amigos en Vitoria, pero ten\u00eda que tomar esta decisi\u00f3n. Creo que era el momento adecuado. S\u00ed, era una oferta muy seria y no pude rechazarla.<\/p>\n<p>            <a href=\"https:\/\/www.noticiasdealava.eus\/baskonia\/2025\/10\/07\/kurucs-entrena-baskonia-10184986.html\" title=\"Rodions Kurucs ya se entrena con el Baskonia\" class=\"new__media\" rel=\"nofollow noopener\" target=\"_blank\"><\/p>\n<p>                <img alt=\"Rodions Kurucs ya se entrena con el Baskonia\" data-src=\"https:\/\/www.europesays.com\/es\/wp-content\/uploads\/2025\/09\/d68bd079-f5ff-4d95-8ae0-4870606b6e0b_16-9-aspect-ratio_default_0.jpg\" class=\"lozad\"\/><\/p>\n<p>        <\/a><\/p>\n<p>        <a href=\"https:\/\/www.noticiasdealava.eus\/baskonia\/2025\/10\/07\/kurucs-entrena-baskonia-10184986.html\" title=\"Rodions Kurucs ya se entrena con el Baskonia\" class=\"new__headline\" rel=\"nofollow noopener\" target=\"_blank\"><br \/>\n            Rodions Kurucs ya se entrena con el Baskonia<br \/>\n        <\/a><\/p>\n<p class=\"article-body__text question-answers__question\">\u00bfCree que los aficionados del Baskonia lo entienden?<\/p>\n<p class=\"article-body__text question-answers__answer\">Creo que s\u00ed, creo que pueden entender que a veces en la vida hay que tomar este tipo de decisiones. No es f\u00e1cil, pero al mismo tiempo creo que si estuvieran en mi lugar habr\u00edan hecho lo mismo. S\u00e9 que me quieren, yo tambi\u00e9n los quiero y estoy muy agradecido por todos los recuerdos que me deja mi etapa en Vitoria. Desgraciadamente, creo que podr\u00edamos haber ganado algo m\u00e1s durante mis a\u00f1os all\u00ed y se me queda ese mal sabor de boca. En cualquier caso, nunca se sabe lo que nos pude deparar la vida en el futuro&#8230;\u00a0<\/p>\n<p class=\"article-body__text question-answers__question\">\u00bfQu\u00e9 cree que le han aportado sus dos temporadas en Vitoria?\u00a0<\/p>\n<p class=\"article-body__text question-answers__answer\">Me quedo con el concepto de Car\u00e1cter Baskonia, porque para m\u00ed jugar con Car\u00e1cter Baskonia significa jugar con coraz\u00f3n, jugar cada posesi\u00f3n con gran esfuerzo como si fuera la \u00faltima, y as\u00ed es como intento aplicar estas palabras a mi juego. Tambi\u00e9n aprend\u00ed que con paciencia, esfuerzo y trabajando duro cada d\u00eda se pueden lograr muchas cosas y construirse un hueco dentro de un equipo. Empec\u00e9 ocupando un puesto muy bajo en la rotaci\u00f3n del\u00a0Baskonia y con trabajo me convert\u00ed en un jugador importante, \u00fatil y con un rol muy valioso.<\/p>\n<p class=\"article-body__text question-answers__question\">\u00bfTiene ganas de regresar al Buesa Arena el jueves?<\/p>\n<p class=\"article-body__text question-answers__answer\">Desde luego, tengo much\u00edsimas ganas de volver a ver a los aficionados del Baskonia, de disfrutar de ese incre\u00edble ambiente y de volver a juntarme con mis amigos y mis antiguos compa\u00f1eros. Por desgracia, seremos rivales durante 40 minutos, pero lo \u00fanico que puedo decir es que le deseo al Baskonia todo lo mejor. A mis amigos y a mis excompa\u00f1eros, que est\u00e9n sanos, que sigan siendo los chicos incre\u00edbles que son, que sigan luchando y que sigan mejorando. Tambi\u00e9n les deseo mucha suerte y todo lo mejor al nuevo entrenador y a la nueva secretar\u00eda t\u00e9cnica. Creo que tienen un n\u00facleo joven muy bueno que, con tiempo y paciencia, puede lograr grandes cosas.<\/p>\n<p>        \u201cSiempre estar\u00e9 agradecido al Baskonia, me lo dio todo; ojal\u00e1 hubi\u00e9ramos logrado mejores resultados\u201d<\/p>\n<p class=\"article-body__text question-answers__question\">\u00bfHay alg\u00fan compa\u00f1ero al que tiene ganas de ver en especial?\u00a0<\/p>\n<p class=\"article-body__text question-answers__answer\">Realmente a todos los jugadores con los que coincid\u00ed el a\u00f1o pasado, son todos grandes amigos m\u00edos: Tim, Markus, Khalifa, Tadas, Luka, Trent, tambi\u00e9n el preparador f\u00edsico Hugo&#8230; Todos. Tuvimos una qu\u00edmica incre\u00edble y, la verdad, me sent\u00eda muy extra\u00f1o y no asimil\u00e9 mi marcha hasta que sucedi\u00f3, pero es incre\u00edble poder volver a verlos.<\/p>\n<p class=\"article-body__text question-answers__question\">\u00bfQu\u00e9 clase de partido espera este jueves? \u00bfQu\u00e9 va a necesitar hacer el Panathinaikos para ganar?<\/p>\n<p class=\"article-body__text question-answers__answer\">Espero un partido en el que vamos a tener que correr mucho. Tenemos que igualar el ritmo del Baskonia. Corren muy bien la cancha, anotan muchos puntos y si queremos tener opciones de ganar, vamos a necesitar igualar ese ritmo. Creo que somos un muy buen equipo, podemos controlar el partido si somos inteligentes y no perdemos la cabeza durante todo el encuentro y creo que ah\u00ed va a estar la clave para volver a Atenas con la victoria.<\/p>\n<p>        \u201cCreo que en Vitoria valoraron que representara el \u2018Car\u00e1cter Baskonia\u2019 de la mejor manera posible; significa jugar con coraz\u00f3n\u201d<\/p>\n<p class=\"article-body__text question-answers__question\">En una plantilla con tantas estrellas va a tener m\u00e1s dif\u00edcil contar con minutos. \u00bfLe preocupa?\u00a0<\/p>\n<p class=\"article-body__text question-answers__answer\">No, no me preocupa. Sab\u00eda a d\u00f3nde ven\u00eda. Siempre que tenga la oportunidad de jugar y de contribuir, lo intentar\u00e9, como siempre lo he hecho. Estoy listo para competir y dar el 100% cuando sea necesario y s\u00ed, s\u00e9 que este equipo est\u00e1 hecho para ganarlo todo y que el nivel de mis compa\u00f1eros es alt\u00edsimo. Cada partido es totalmente diferente y el entrenador no puede utilizar a todos los jugadores. Est\u00e1 claro que no es un equipo cualquiera de la Euroliga y creo que todos los jugadores que est\u00e1n aqu\u00ed podr\u00edan se titulares en cualquier otro lugar. La competencia ser\u00e1 dura y los minutos estar\u00e1n caros, pero eso ya lo sab\u00eda cuando firm\u00e9.<\/p>\n<p class=\"article-body__text question-answers__question\">\u00bfC\u00f3mo es tener a Ergin Ataman como entrenador? Parece un tipo peculiar&#8230;<\/p>\n<p class=\"article-body__text question-answers__answer\">Es un entrenador que espera que rindas cada minuto y, por supuesto, cuenta con muchos recursos en su plantilla, as\u00ed que si no rindes, probablemente otro ocupar\u00e1 tu lugar, eso es algo con lo que hay que convivir. Aparte de eso, juega un baloncesto sencillo, su sistema es muy simple, te pide dos cosas sencillas y si las haces bien, tendr\u00e1s tus oportunidades. Si no, no las tendr\u00e1s. A m\u00ed me gustan las cosas simples y directas, as\u00ed que me gusta como entrenador. Te empuja a jugar duro d\u00e1ndolo todo y te motiva para estar cada d\u00eda en tu mejor versi\u00f3n.<\/p>\n<p>        \u201cLe deseo lo mejor al equipo, con tiempo y paciencia pueden lograr grandes cosas\u201d<\/p>\n<p class=\"article-body__text question-answers__question\">\u00bfC\u00f3mo fue su relaci\u00f3n con Pablo Laso la pasada temporada? Recibi\u00f3 m\u00e1s de una bronca&#8230;\u00a0<\/p>\n<p class=\"article-body__text question-answers__answer\">Mi relaci\u00f3n con Pablo es fant\u00e1stica. Me ense\u00f1\u00f3 much\u00edsimas cosas a lo largo del a\u00f1o y creo que sac\u00f3 lo mejor de m\u00ed. Mi mejor baloncesto lo he jugado con Pablo Laso como entrenador y creo que a lo largo del a\u00f1o nuestra relaci\u00f3n fue mejorando cada vez m\u00e1s y al final le cog\u00ed mucho cari\u00f1o. Le estoy muy agradecido, le debo mucho. \u00c9l me ayud\u00f3 a dar el siguiente paso, me ense\u00f1\u00f3 muchas cosas y tambi\u00e9n demostr\u00f3 ser una persona incre\u00edble. Puedes expresar tus sentimientos, puedes hablar con \u00e9l si no te sientes bien, est\u00e1 cerca de ti, te entiende&#8230; Es una figura incre\u00edble, un ganador. Me dio muchas oportunidades y le estoy muy agradecido. No s\u00e9 si estar\u00e1 en el Buesa Arena en el siguiente partido, pero me alegrar\u00eda mucho de verlo.<\/p>\n<p class=\"article-body__text question-answers__question\">\u00bfLe queda la sensaci\u00f3n de que la pasada temporada pudo ser mejor?\u00a0<\/p>\n<p class=\"article-body__text question-answers__answer\">S\u00ed. Perdimos muchos partidos ajustados. Si no me equivoco, siete u ocho encuentros se nos escaparon por uno o dos puntos y sufrimos tres o cuatro derrotas sobre la bocina en la Euroliga. Si hubi\u00e9ramos tenido un poco m\u00e1s de suerte y hubi\u00e9ramos sido un poco m\u00e1s cautelosos en algunos momentos importantes, creo que habr\u00edamos llegado al play off de la Euroliga. En la ACB el calendario fue muy dif\u00edcil, pero s\u00ed, podr\u00edamos haberlo hecho mejor. En general, creo que los peque\u00f1os detalles fueron los que faltaron el a\u00f1o pasado para que tuvi\u00e9ramos \u00e9xito y lamentablemente no logramos grandes cosas.<\/p>\n<p class=\"article-body__text question-answers__question\">La pasada temporada fue uno de los jugadores m\u00e1s queridos en la grada. \u00bfSinti\u00f3 ese cari\u00f1o?<\/p>\n<p class=\"article-body__text question-answers__answer\">S\u00ed, por supuesto que sent\u00ed ese cari\u00f1o, y es el mismo cari\u00f1o que yo siento por ellos. Es amor y respeto mutuo. Creo que valoraron que siempre diera todo lo que ten\u00eda y que representara el Car\u00e1cter Baskonia de la mejor manera posible, jugando duro cada partido y d\u00e1ndolo todo por el Baskonia y por mis compa\u00f1eros. Ojal\u00e1 hubi\u00e9ramos tenido mejores recuerdos de victorias, pero, como dec\u00eda, estoy muy agradecido de que siempre hayan estado ah\u00ed, apoy\u00e1ndonos y apoy\u00e1ndome a m\u00ed. En los d\u00edas dif\u00edciles y en los f\u00e1ciles, siempre estuvieron ah\u00ed, as\u00ed que s\u00f3lo puedo decir gracias y que os quiero, afici\u00f3n.<\/p>\n","protected":false},"excerpt":{"rendered":"Nikos Rogkavopoulos (Atenas, 2001) fue uno de los pocos jugadores que despuntaron en el Baskonia en la pasada&hellip;\n","protected":false},"author":2,"featured_media":162556,"comment_status":"","ping_status":"","sticky":false,"template":"","format":"standard","meta":{"footnotes":""},"categories":[269],"tags":[48127,299,298,4714,168,25,24,833,5631,5630,23,167],"class_list":{"0":"post-162555","1":"post","2":"type-post","3":"status-publish","4":"format-standard","5":"has-post-thumbnail","7":"category-baloncesto","8":"tag-senti-el-carino-de-la-aficion-del-baskonia-y-creo-que-entienden-mi-marcha","9":"tag-baloncesto","10":"tag-basketball","11":"tag-baskonia","12":"tag-deportes","13":"tag-es","14":"tag-espana","15":"tag-euroliga","16":"tag-panathinaikos","17":"tag-rogkavopoulos","18":"tag-spain","19":"tag-sports"},"share_on_mastodon":{"url":"","error":""},"_links":{"self":[{"href":"https:\/\/www.europesays.com\/es\/wp-json\/wp\/v2\/posts\/162555","targetHints":{"allow":["GET"]}}],"collection":[{"href":"https:\/\/www.europesays.com\/es\/wp-json\/wp\/v2\/posts"}],"about":[{"href":"https:\/\/www.europesays.com\/es\/wp-json\/wp\/v2\/types\/post"}],"author":[{"embeddable":true,"href":"https:\/\/www.europesays.com\/es\/wp-json\/wp\/v2\/users\/2"}],"replies":[{"embeddable":true,"href":"https:\/\/www.europesays.com\/es\/wp-json\/wp\/v2\/comments?post=162555"}],"version-history":[{"count":0,"href":"https:\/\/www.europesays.com\/es\/wp-json\/wp\/v2\/posts\/162555\/revisions"}],"wp:featuredmedia":[{"embeddable":true,"href":"https:\/\/www.europesays.com\/es\/wp-json\/wp\/v2\/media\/162556"}],"wp:attachment":[{"href":"https:\/\/www.europesays.com\/es\/wp-json\/wp\/v2\/media?parent=162555"}],"wp:term":[{"taxonomy":"category","embeddable":true,"href":"https:\/\/www.europesays.com\/es\/wp-json\/wp\/v2\/categories?post=162555"},{"taxonomy":"post_tag","embeddable":true,"href":"https:\/\/www.europesays.com\/es\/wp-json\/wp\/v2\/tags?post=162555"}],"curies":[{"name":"wp","href":"https:\/\/api.w.org\/{rel}","templated":true}]}}