{"id":162561,"date":"2025-10-08T09:56:04","date_gmt":"2025-10-08T09:56:04","guid":{"rendered":"https:\/\/www.europesays.com\/es\/162561\/"},"modified":"2025-10-08T09:56:04","modified_gmt":"2025-10-08T09:56:04","slug":"el-periodista-inaki-errazkin-presenta-su-libro-guardia-incivil-en-vigo-hora-14-vigo","status":"publish","type":"post","link":"https:\/\/www.europesays.com\/es\/162561\/","title":{"rendered":"El periodista I\u00f1aki Errazkin presenta su libro \u00abGuardia Incivil\u00bb en Vigo | Hora 14 Vigo"},"content":{"rendered":"<p>El periodista I\u00f1aki Errazkin estar\u00e1 en Vigo este jueves 9 de octubre, para presentar su libro \u00abGuardia Incivil\u00bb. El acto se enmarca dentro de las \u00abXornadas Memoria e Represi\u00f3n 2025\u00bb y tendr\u00e1 lugar a las 20h00 en la librer\u00eda Librouro, situada en la calle Eduardo Iglesias, n\u00famero 12.<\/p>\n<p>La presentaci\u00f3n, que aborda temas de memoria hist\u00f3rica y represi\u00f3n, contar\u00e1 con la presencia del autor, quien compartir\u00e1 detalles sobre su obra. El libro, que lleva por t\u00edtulo \u00abGuardia Incivil\u00bb junto a una imagen de la silueta de un uniformado, se edita bajo el sello de Txalaparta.<\/p>\n<p>Organizado por la Asemblea Republicana<\/p>\n<p>La jornada est\u00e1 organizada por Asemblea Republicana, cuyo logo figura en el cartel promocional, y cuenta con la colaboraci\u00f3n de la librer\u00eda Librouro.<\/p>\n<p>El libro de Errazkin plantea una mirada cr\u00edtica y pol\u00e9mica sobre la historia del cuerpo de seguridad. Seg\u00fan la sinopsis, \u00abGuardia Incivil\u00bb invita a explorar el \u00aboscuro legado\u00bb de la instituci\u00f3n, a la que el autor califica como \u00abun brazo autoritario al servicio del Estado\u00bb y \u00abs\u00edmbolo de poder y represi\u00f3n\u00bb.<\/p>\n<p>El ensayo recorre la trayectoria de la Guardia Civil desde sus or\u00edgenes \u2014que el autor sit\u00faa como sucesora de la Inquisici\u00f3n\u2014 hasta su papel durante la dictadura franquista y los \u00abm\u00e1s recientes episodios de represi\u00f3n\u00bb. Entre los momentos clave que expone se encuentran la masacre de Badajoz, la persecuci\u00f3n de la oposici\u00f3n pol\u00edtica y su implicaci\u00f3n en episodios como el golpe de Estado y los GAL (Grupos Antiterroristas de Liberaci\u00f3n).<\/p>\n<p>El trabajo de Errazkin se configura como una investigaci\u00f3n period\u00edstica que se entrelaza con sus vivencias y perspectivas personales, buscando exponer un retrato de la organizaci\u00f3n \u00abcon un pasado lleno de sombras, que ha mantenido su poder mediante el uso de la fuerza y la intimidaci\u00f3n, la corrupci\u00f3n y el abuso de autoridad\u00bb.<\/p>\n","protected":false},"excerpt":{"rendered":"El periodista I\u00f1aki Errazkin estar\u00e1 en Vigo este jueves 9 de octubre, para presentar su libro \u00abGuardia Incivil\u00bb.&hellip;\n","protected":false},"author":2,"featured_media":162562,"comment_status":"","ping_status":"","sticky":false,"template":"","format":"standard","meta":{"footnotes":""},"categories":[172],"tags":[224,146,147,25,24,225,23],"class_list":{"0":"post-162561","1":"post","2":"type-post","3":"status-publish","4":"format-standard","5":"has-post-thumbnail","7":"category-libros","8":"tag-books","9":"tag-entertainment","10":"tag-entretenimiento","11":"tag-es","12":"tag-espana","13":"tag-libros","14":"tag-spain"},"share_on_mastodon":{"url":"","error":""},"_links":{"self":[{"href":"https:\/\/www.europesays.com\/es\/wp-json\/wp\/v2\/posts\/162561","targetHints":{"allow":["GET"]}}],"collection":[{"href":"https:\/\/www.europesays.com\/es\/wp-json\/wp\/v2\/posts"}],"about":[{"href":"https:\/\/www.europesays.com\/es\/wp-json\/wp\/v2\/types\/post"}],"author":[{"embeddable":true,"href":"https:\/\/www.europesays.com\/es\/wp-json\/wp\/v2\/users\/2"}],"replies":[{"embeddable":true,"href":"https:\/\/www.europesays.com\/es\/wp-json\/wp\/v2\/comments?post=162561"}],"version-history":[{"count":0,"href":"https:\/\/www.europesays.com\/es\/wp-json\/wp\/v2\/posts\/162561\/revisions"}],"wp:featuredmedia":[{"embeddable":true,"href":"https:\/\/www.europesays.com\/es\/wp-json\/wp\/v2\/media\/162562"}],"wp:attachment":[{"href":"https:\/\/www.europesays.com\/es\/wp-json\/wp\/v2\/media?parent=162561"}],"wp:term":[{"taxonomy":"category","embeddable":true,"href":"https:\/\/www.europesays.com\/es\/wp-json\/wp\/v2\/categories?post=162561"},{"taxonomy":"post_tag","embeddable":true,"href":"https:\/\/www.europesays.com\/es\/wp-json\/wp\/v2\/tags?post=162561"}],"curies":[{"name":"wp","href":"https:\/\/api.w.org\/{rel}","templated":true}]}}