{"id":162567,"date":"2025-10-08T09:59:10","date_gmt":"2025-10-08T09:59:10","guid":{"rendered":"https:\/\/www.europesays.com\/es\/162567\/"},"modified":"2025-10-08T09:59:10","modified_gmt":"2025-10-08T09:59:10","slug":"la-historia-real-de-the-smashing-machine-la-ultima-pelicula-de-dwayne-johnson","status":"publish","type":"post","link":"https:\/\/www.europesays.com\/es\/162567\/","title":{"rendered":"La historia real de \u2018The Smashing Machine\u2019, la \u00faltima pel\u00edcula de Dwayne Johnson"},"content":{"rendered":"<p class=\"article-text\">\n        \u2018The Smashing Machine\u2019, el \u00faltimo estreno de la productora A24 y del director <strong>Ben Safdie<\/strong>, que cuenta con <strong>Dwayne Johnson<\/strong> y <strong>Emily Blunt <\/strong>como protagonistas, lleg\u00f3 a los <a href=\"https:\/\/www.eldiario.es\/temas\/cine\/\" data-mrf-recirculation=\"links-noticia\" class=\"link\" rel=\"nofollow noopener\" target=\"_blank\">cines<\/a> espa\u00f1oles el pasado 3 de octubre y es uno m\u00e1s de los biopics que llegan a los cines en estos meses finales de 2025 y principios de 2026.\n    <\/p>\n<p>    <a href=\"https:\/\/www.eldiario.es\/spin\/proximos-biopics-llegaran-cines-espana-pm_1_12589714.html\" data-mrf-recirculation=\"saber-mas\" data-dl-event=\"saber-mas\" rel=\"nofollow noopener\" target=\"_blank\"><\/p>\n<p class=\"know-more__title\">M\u00e1s all\u00e1 de &#8216;El cautivo&#8217;: estos son los pr\u00f3ximos biopics que llegar\u00e1n a los cines<\/p>\n<p>            <img decoding=\"async\" class=\"lazy\" loading=\"lazy\" data-src=\"https:\/\/static.eldiario.es\/clip\/5ac5d555-ffa8-4afa-9d24-910438f351f2_16-9-aspect-ratio_default_0.jpg\" src=\"data:image\/svg+xml,%3Csvg xmlns=\" http:=\"\" viewbox=\"0 0 880 495\" alt=\"M\u00e1s all\u00e1 de 'El cautivo': estos son los pr\u00f3ximos biopics que llegar\u00e1n a los cines\"\/><\/p>\n<p>                        <\/a><\/p>\n<p class=\"article-text\">\n        En \u2018The Smashing Machine\u2019 <strong>Dwayne Johnson <\/strong>se pone en la piel de <strong>Mark Kerr<\/strong>, caracterizado con bronceado, pelo rizado y prost\u00e9ticos en su cara, cuenta su historia de convertirse en estrella de la UFC a los pasos por sus momentos m\u00e1s oscuros en una vida de ambici\u00f3n y de sacrificio.\n    <\/p>\n<p>    Qui\u00e9n es Mark Kerr, la historia real de &#8216;The Smashing Machine\u2019<\/p>\n<p class=\"article-text\">\n        Primero debemos comenzar en situarnos. La <strong>UFC<\/strong> se refiere a la <strong>Ultimate Fighting Championship,<\/strong> una empresa estadounidense de artes marciales mixtas de Estados Unidos que comenz\u00f3 en 1993 en un primer evento que tuvo lugar en la ciudad de Denver, en el estado de Colorado, creado por creado por <strong>Art Davie y Rorion Gracie.<\/strong>\n    <\/p>\n<p class=\"article-text\">\n        <strong>Mark Kerr<\/strong> fue una de las principales caras visibles de esa <strong>UFC<\/strong>, donde se convirti\u00f3 en toda una estrella de las artes marciales mixtas, y en una de las figuras m\u00e1s fascinantes que se convirti\u00f3 en clave de su popularidad y desarrollo entre el p\u00fablico en la d\u00e9cada de los 90.\n    <\/p>\n<p class=\"article-text\">\n        El luchador naci\u00f3 en la ciudad de Toledo, en Ohio, el 21 de diciembre de 1968 en el seno de una familia de siete hijos, siendo el menor de todos ellos y educado por su hermano mayor en Iowa, que le inculc\u00f3 el deporte de la lucha desde edad temprana.\n    <\/p>\n<p class=\"article-text\">\n        De hecho, la carrera de <strong>Mark Kerr <\/strong>comenz\u00f3 a los 15 a\u00f1os en la etapa universitaria, siendo campe\u00f3n de lucha libre y participando con Estados Unidos en Mundiales de esta disciplina, donde se qued\u00f3 cerca de participar <a href=\"https:\/\/www.eldiario.es\/spin\/medallista-olimpico-paso-historia-cine-tarzan-casualidad-johnny-weissmuller-pm_1_12373050.html\" data-mrf-recirculation=\"links-noticia\" class=\"link\" rel=\"nofollow noopener\" target=\"_blank\">en los Juegos Ol\u00edmpicos<\/a> de Atlanta 1996.\n    <\/p>\n<blockquote class=\"twitter-tweet\" data-lang=\"es\"><p><a href=\"https:\/\/twitter.com\/X\/status\/1970136289715351799?ref_src=twsrc%5Etfw\" rel=\"nofollow noopener\" target=\"_blank\"><\/p><\/blockquote>\n<p class=\"article-text\">\n        Esto le hizo enfocarse directamente en las artes marciales mixtas, donde se har\u00eda un nombre y una estrella. Su debut en esta disciplina se dio en Brasil, en 1997, donde derrot\u00f3 a tres rivales en una sola noche y siendo campen mundial de Vale Tudo.\n    <\/p>\n<p>    El nacimiento de la leyenda y la estrella de la UFC<\/p>\n<p class=\"article-text\">\n        La leyenda de <strong>Mark Kerr <\/strong>nacer\u00eda en Brasil, donde tambi\u00e9n lo hizo su apodo de \u2018The Smashing Machine\u2019 (La m\u00e1quina aplastadora) por su forma de competir, al combinar con t\u00e9cnicas de lucha libre con golpes en el suelo.\n    <\/p>\n<p class=\"article-text\">\n        Su buen papel en Brasil le vali\u00f3 formar parte de la UFC como invitado, y tendr\u00eda una buena trayectoria en Jap\u00f3n en la llamada <strong>Pride Fighting Championship<\/strong>, con buena ganancia de dinero, pero que result\u00f3 ser agotadora a nivel f\u00edsico y mental, como el propio luchador reconoci\u00f3 en un documental sobre su vida: \u201cLlegu\u00e9 al agotamiento y ya no ten\u00eda tantas ganas de pelear\u201d.\n    <\/p>\n<p>    <a href=\"https:\/\/www.eldiario.es\/spin\/iconico-traje-amarillo-kill-bill-triste-referencia-homenaje-tarantino-leyenda-cine-bruce-lee-pm_1_12654778.html\" data-mrf-recirculation=\"saber-mas-abajo\" data-dl-event=\"saber-mas-abajo\" rel=\"nofollow noopener\" target=\"_blank\"><\/p>\n<p class=\"know-more__title\">El ic\u00f3nico traje amarillo de Kill Bill era m\u00e1s que eso: la triste referencia y homenaje de Tarantino a una leyenda del cine<\/p>\n<p>            <img decoding=\"async\" class=\"lazy\" loading=\"lazy\" data-src=\"https:\/\/static.eldiario.es\/clip\/a2e55a68-a91d-4238-8144-1efbcde3f211_16-9-aspect-ratio_default_0.jpg\" src=\"data:image\/svg+xml,%3Csvg xmlns=\" http:=\"\" viewbox=\"0 0 880 495\" alt=\"El ic\u00f3nico traje amarillo de Kill Bill era m\u00e1s que eso: la triste referencia y homenaje de Tarantino a una leyenda del cine\"\/><\/p>\n<p>                        <\/a><\/p>\n<p class=\"article-text\">\n        De hecho, ser\u00edan las lesiones constantes las que protagonizar\u00edan su momento m\u00e1s complicado al comenzar una dependencia de los analg\u00e9sicos que deriv\u00f3 en una sobredosis de narc\u00f3ticos en 1999 que le oblig\u00f3 a ser hospitalizado y a inicios de los 2000 llevar\u00eda a su retirada. Esta adicci\u00f3n le ha hecho no poder tratarse medicamente contra una neuropat\u00eda perif\u00e9rica, y <strong>Dwayne Johnson <\/strong>lo ha establecido como una referencia de la lucha fuera del ring: \u201cMark es un pilar de esperanza para quienes se aferran a la fe y combaten sus propios demonios: un d\u00eda, una hora, un minuto a la vez\u201d, reconoci\u00f3.\n    <\/p>\n<p>                                    <script async src=\"https:\/\/platform.twitter.com\/widgets.js\" charset=\"utf-8\"><\/script><\/p>\n","protected":false},"excerpt":{"rendered":"\u2018The Smashing Machine\u2019, el \u00faltimo estreno de la productora A24 y del director Ben Safdie, que cuenta con&hellip;\n","protected":false},"author":2,"featured_media":162568,"comment_status":"","ping_status":"","sticky":false,"template":"","format":"standard","meta":{"footnotes":""},"categories":[169],"tags":[177,48130,146,147,25,24,176,448,613,48129,175,1257,2678,798,48128,23,3498,1885],"class_list":{"0":"post-162567","1":"post","2":"type-post","3":"status-publish","4":"format-standard","5":"has-post-thumbnail","7":"category-cine","8":"tag-cine","9":"tag-dwayne","10":"tag-entertainment","11":"tag-entretenimiento","12":"tag-es","13":"tag-espana","14":"tag-film","15":"tag-historia","16":"tag-johnson","17":"tag-machine","18":"tag-movies","19":"tag-pelicula","20":"tag-pm","21":"tag-real","22":"tag-smashing","23":"tag-spain","24":"tag-the","25":"tag-ultima"},"share_on_mastodon":{"url":"","error":""},"_links":{"self":[{"href":"https:\/\/www.europesays.com\/es\/wp-json\/wp\/v2\/posts\/162567","targetHints":{"allow":["GET"]}}],"collection":[{"href":"https:\/\/www.europesays.com\/es\/wp-json\/wp\/v2\/posts"}],"about":[{"href":"https:\/\/www.europesays.com\/es\/wp-json\/wp\/v2\/types\/post"}],"author":[{"embeddable":true,"href":"https:\/\/www.europesays.com\/es\/wp-json\/wp\/v2\/users\/2"}],"replies":[{"embeddable":true,"href":"https:\/\/www.europesays.com\/es\/wp-json\/wp\/v2\/comments?post=162567"}],"version-history":[{"count":0,"href":"https:\/\/www.europesays.com\/es\/wp-json\/wp\/v2\/posts\/162567\/revisions"}],"wp:featuredmedia":[{"embeddable":true,"href":"https:\/\/www.europesays.com\/es\/wp-json\/wp\/v2\/media\/162568"}],"wp:attachment":[{"href":"https:\/\/www.europesays.com\/es\/wp-json\/wp\/v2\/media?parent=162567"}],"wp:term":[{"taxonomy":"category","embeddable":true,"href":"https:\/\/www.europesays.com\/es\/wp-json\/wp\/v2\/categories?post=162567"},{"taxonomy":"post_tag","embeddable":true,"href":"https:\/\/www.europesays.com\/es\/wp-json\/wp\/v2\/tags?post=162567"}],"curies":[{"name":"wp","href":"https:\/\/api.w.org\/{rel}","templated":true}]}}