{"id":162581,"date":"2025-10-08T10:06:07","date_gmt":"2025-10-08T10:06:07","guid":{"rendered":"https:\/\/www.europesays.com\/es\/162581\/"},"modified":"2025-10-08T10:06:07","modified_gmt":"2025-10-08T10:06:07","slug":"ultima-hora-de-la-actualidad-politica-en-directo-feijoo-eleva-la-presion-a-sanchez-por-la-corrupcion-y-le-cita-en-la-comision-de-investigacion-del-senado-en-octubre-espana","status":"publish","type":"post","link":"https:\/\/www.europesays.com\/es\/162581\/","title":{"rendered":"\u00daltima hora de la actualidad pol\u00edtica, en directo | Feij\u00f3o eleva la presi\u00f3n a S\u00e1nchez por la corrupci\u00f3n y le cita en la comisi\u00f3n de investigaci\u00f3n del Senado en octubre | Espa\u00f1a"},"content":{"rendered":"<p class=\"ev-title\">La comisi\u00f3n del \u2018caso Koldo\u2019: meses de incertidumbre hasta la citaci\u00f3n del presidente<\/p>\n<p>El grupo parlamentario popular en el Senado, con mayor\u00eda absoluta en la C\u00e1mara alta, registr\u00f3 el 24 de mayo de 2024 la solicitud de comparecencia de Pedro S\u00e1nchez en la comisi\u00f3n de caso Koldo. Desde entonces, rueda de prensa tras rueda de prensa, la portavoz popular, Alicia Garc\u00eda, hab\u00eda tenido que responder a la pregunta \u00abestrella\u00bb, como ella misma defin\u00eda, sobre cu\u00e1ndo llegar\u00eda el d\u00eda en el que el presidente del Gobierno tuviera que acudir a dar explicaciones en sede parlamentaria. Una cita que no se ha materializado finalmente hasta este mi\u00e9rcoles, con el anuncio de Alberto N\u00fa\u00f1ez Feij\u00f3o, de que lo har\u00e1 este mes de octubre.<\/p>\n<p>Los populares, que crearon la comisi\u00f3n en febrero del a\u00f1o pasado, podr\u00edan haber usado su potestad para sentar a S\u00e1nchez antes de las elecciones europeas, o incluso antes en las catalanas, pero algunos senadores recelaban de si el presidente saldr\u00eda m\u00e1s airoso que perjudicado del choque con los senadores. En p\u00fablico, la excusa para no fijar un d\u00eda era la espera a m\u00e1s supuestas pruebas concluyentes.<\/p>\n<p>Entretanto, por la comisi\u00f3n han desfilado decenas de comparecientes, algunos incluso varias veces, como los ministros \u00d3scar Puente o \u00c1ngel V\u00edctor Torres. Otros en una ocasi\u00f3n, como la vicepresidenta primera, Mar\u00eda Jes\u00fas Montero; su jefe de gabinete, Carlos Moreno, o la m\u00e1s reciente, la presidenta de Navarra, Mar\u00eda Chivite, el lunes 29 de septiembre. Del lado de la presunta trama\u00a0han sido llamados, entre otros, Jos\u00e9 Luis \u00c1balos, Koldo Garc\u00eda, o la expareja de este \u00faltimo, Patricia \u00dariz. Tambi\u00e9n la expresidenta de Adif, Ana Pardo de Vera. Algunos de los investigados, acogi\u00e9ndose a su derecho legal, no han declarado.<\/p>\n","protected":false},"excerpt":{"rendered":"La comisi\u00f3n del \u2018caso Koldo\u2019: meses de incertidumbre hasta la citaci\u00f3n del presidente El grupo parlamentario popular en&hellip;\n","protected":false},"author":2,"featured_media":162582,"comment_status":"","ping_status":"","sticky":false,"template":"","format":"standard","meta":{"footnotes":""},"categories":[8],"tags":[6069,17,18,4456,6913,25,24,13,14,582,6909,248,11,19,20,6910,9,10,15,16,957,2959,952,1670,956,1699,6914,6912,23,4453,12,21,22,624,6911,4454],"class_list":{"0":"post-162581","1":"post","2":"type-post","3":"status-publish","4":"format-standard","5":"has-post-thumbnail","7":"category-espana","8":"tag-alberto-nunez-feijoo","9":"tag-breaking-news","10":"tag-breakingnews","11":"tag-congreso-diputados","12":"tag-debates-parlamentarios","13":"tag-es","14":"tag-espana","15":"tag-featured-news","16":"tag-featurednews","17":"tag-gobierno","18":"tag-gobierno-de-coalicion","19":"tag-gobierno-de-espana","20":"tag-headlines","21":"tag-latest-news","22":"tag-latestnews","23":"tag-legislaturas-politicas","24":"tag-news","25":"tag-noticias","26":"tag-noticias-destacadas","27":"tag-noticiasdestacadas","28":"tag-partidos-politicos","29":"tag-pedro-sanchez","30":"tag-politica","31":"tag-politicos","32":"tag-pp","33":"tag-psoe","34":"tag-santiago-abascal","35":"tag-senado","36":"tag-spain","37":"tag-sumar","38":"tag-titulares","39":"tag-ultimas-noticias","40":"tag-ultimasnoticias","41":"tag-vox","42":"tag-xv-legislatura-espana","43":"tag-yolanda-diaz"},"share_on_mastodon":{"url":"","error":""},"_links":{"self":[{"href":"https:\/\/www.europesays.com\/es\/wp-json\/wp\/v2\/posts\/162581","targetHints":{"allow":["GET"]}}],"collection":[{"href":"https:\/\/www.europesays.com\/es\/wp-json\/wp\/v2\/posts"}],"about":[{"href":"https:\/\/www.europesays.com\/es\/wp-json\/wp\/v2\/types\/post"}],"author":[{"embeddable":true,"href":"https:\/\/www.europesays.com\/es\/wp-json\/wp\/v2\/users\/2"}],"replies":[{"embeddable":true,"href":"https:\/\/www.europesays.com\/es\/wp-json\/wp\/v2\/comments?post=162581"}],"version-history":[{"count":0,"href":"https:\/\/www.europesays.com\/es\/wp-json\/wp\/v2\/posts\/162581\/revisions"}],"wp:featuredmedia":[{"embeddable":true,"href":"https:\/\/www.europesays.com\/es\/wp-json\/wp\/v2\/media\/162582"}],"wp:attachment":[{"href":"https:\/\/www.europesays.com\/es\/wp-json\/wp\/v2\/media?parent=162581"}],"wp:term":[{"taxonomy":"category","embeddable":true,"href":"https:\/\/www.europesays.com\/es\/wp-json\/wp\/v2\/categories?post=162581"},{"taxonomy":"post_tag","embeddable":true,"href":"https:\/\/www.europesays.com\/es\/wp-json\/wp\/v2\/tags?post=162581"}],"curies":[{"name":"wp","href":"https:\/\/api.w.org\/{rel}","templated":true}]}}