{"id":162593,"date":"2025-10-08T10:14:11","date_gmt":"2025-10-08T10:14:11","guid":{"rendered":"https:\/\/www.europesays.com\/es\/162593\/"},"modified":"2025-10-08T10:14:11","modified_gmt":"2025-10-08T10:14:11","slug":"yuki-tsunoda-manejara-un-historico-honda-de-f1-en-el-gp-de-mexico-2025","status":"publish","type":"post","link":"https:\/\/www.europesays.com\/es\/162593\/","title":{"rendered":"Yuki Tsunoda manejar\u00e1 un hist\u00f3rico Honda de F1 en el GP de M\u00e9xico 2025"},"content":{"rendered":"<p>El viernes <strong>24 de octubre <\/strong>se cumplir\u00e1n<strong> 60 a\u00f1os de la primera victoria de Honda en la F\u00f3rmula 1<\/strong>, d\u00eda que coincide con el inicio de las actividades del <strong>Gran Premio de M\u00e9xico 2025\u00a0<\/strong>en el Aut\u00f3dromo Hermanos Rodr\u00edguez (donde curiosamente tambi\u00e9n fue el hito de la marca), y por eso, la marca nipona prepara un <strong>homenaje especial junto a Red Bull.<\/strong><\/p>\n<p>&#13;<br \/>\n&#13;<\/p>\n<p>El\u00a0<strong>domingo 26 de octubre<\/strong>, antes de la carrera del <strong>GP de M\u00e9xico, <\/strong>habr\u00e1 una exhibici\u00f3n en la que el <strong>piloto de Red Bull Racing, Yuki Tsunoda<\/strong>, conducir\u00e1 el ic\u00f3nico <strong>Honda RA272 <\/strong>con el que la marca nipona logr\u00f3 su <strong>primer triunfo en la M\u00e1xima<\/strong>.<\/p>\n<p>&#13;<br \/>\n&#13;<\/p>\n<p>El <strong>Honda\u00a0RA272<\/strong> fue la <strong>evoluci\u00f3n del RA271 <\/strong>utilizado en el primer a\u00f1o de la marca nipona como\u00a0constructor, y entre sus peculiaridades, se puede mencionar el <strong>V12 de 1.5 L<\/strong>,\u00a0el motor m\u00e1s potente de la M\u00e1xima en ese entonces<strong>.\u00a0<\/strong>Actualmente, el\u00a0<strong>monoplaza <\/strong>descansa en el <strong>museo Honda Collection Hall en Jap\u00f3n<\/strong>, y para la exhibici\u00f3n a fines de octubre, la marca afirma que los <strong>ingenieros de Honda Racing Corporation<\/strong>\u00a0tuvieron que realizarle\u00a0un \u00abmantenimiento especial\u00bb.<\/p>\n<p>&#13;<br \/>\n&#13;<\/p>\n<p><img decoding=\"async\" alt=\"\" src=\"https:\/\/www.europesays.com\/es\/wp-content\/uploads\/2025\/09\/NPAZ_b2e612aa70854052a269e5767ca49332.webp.webp\"\/><\/p>\n<p>&#13;<br \/>\n&#13;<\/p>\n<p><strong>Honda <\/strong>es uno de los patrocinadores de <strong>Tsunoda <\/strong>en el <strong>automovilismo<\/strong>, y gran parte de su llegada a la estructura de <strong>Red Bull <\/strong>se\u00a0debe\u00a0al contrato de<strong> proveedur\u00eda de motores<\/strong> que los japoneses tienen con la escuder\u00eda austriaca desde la temporada 2019.<\/p>\n<p>&#13;<br \/>\n&#13;<\/p>\n<p>Si bien\u00a0<strong>Honda <\/strong>fue m\u00e1s exitoso en la <strong>M\u00e1xima Categor\u00eda <\/strong>como <strong>fabricante de unidades de potencia<\/strong>, tambi\u00e9n se ha adentrado a la aventura de tener la estructura completa de un <strong>equipo de F\u00f3rmula 1<\/strong>, primero <strong>entre 1964 y 1968<\/strong>, logrando <strong>dos triunfos<\/strong>, para luego volver <strong>entre 2006 y 2008<\/strong>, luego de haber adquirido <strong>British American Racing,<\/strong>\u00a0y su mejor resultado fue el <strong>cuarto lugar en el Campeonato de Constructores de 2006<\/strong>.<\/p>\n<p>&#13;<br \/>\n&#13;<\/p>\n<p><strong><img decoding=\"async\" alt=\"\" src=\"https:\/\/www.europesays.com\/es\/wp-content\/uploads\/2025\/09\/NPAZ_dd63e5e14729496b96b5f8fbc8e082b8.webp.webp\"\/><\/strong><\/p>\n<p>&#13;<br \/>\n&#13;<\/p>\n<p>Luego de la <strong>temporada 2008 <\/strong>en la que <strong>Honda <\/strong>termin\u00f3 en noveno lugar,\u00a0la\u00a0escuder\u00eda fue<strong> vendida <\/strong>por la incre\u00edble suma de <strong>una libra esterlina <\/strong>a <strong>Ross Brawn, <\/strong>quien\u00a0fund\u00f3\u00a0<strong>Brawn GP,\u00a0<\/strong>equipo que\u00a0en 2009 pasar\u00eda a ser\u00a0lo que hoy conocemos como Mercedes-AMG.<\/p>\n<p>&#13;<br \/>\n&#13;<\/p>\n<p>Por \u00faltimo, como <strong>fabricante de motores<\/strong>, la historia de<strong> Honda en la F1<\/strong> es muy distinta: hoy suma\u00a0m\u00e1s de <strong>100 victorias, 9 T\u00edtulos de Pilotos y 8 Coronas de Constructores<\/strong>, incluyendo\u00a0las obtenidas por <strong>Red Bull.<\/strong><\/p>\n<p>&#13;<\/p>\n","protected":false},"excerpt":{"rendered":"El viernes 24 de octubre se cumplir\u00e1n 60 a\u00f1os de la primera victoria de Honda en la F\u00f3rmula&hellip;\n","protected":false},"author":2,"featured_media":147251,"comment_status":"","ping_status":"","sticky":false,"template":"","format":"standard","meta":{"footnotes":""},"categories":[270],"tags":[1763,168,25,24,4636,306,271,272,48133,2042,212,23,167,2105],"class_list":{"0":"post-162593","1":"post","2":"type-post","3":"status-publish","4":"format-standard","5":"has-post-thumbnail","7":"category-formula-1","8":"tag-automovilismo","9":"tag-deportes","10":"tag-es","11":"tag-espana","12":"tag-frmula-1","13":"tag-f1","14":"tag-formula-1","15":"tag-formula1","16":"tag-gp-de-mxico-2025","17":"tag-honda","18":"tag-red-bull","19":"tag-spain","20":"tag-sports","21":"tag-yuki-tsunoda"},"share_on_mastodon":{"url":"","error":""},"_links":{"self":[{"href":"https:\/\/www.europesays.com\/es\/wp-json\/wp\/v2\/posts\/162593","targetHints":{"allow":["GET"]}}],"collection":[{"href":"https:\/\/www.europesays.com\/es\/wp-json\/wp\/v2\/posts"}],"about":[{"href":"https:\/\/www.europesays.com\/es\/wp-json\/wp\/v2\/types\/post"}],"author":[{"embeddable":true,"href":"https:\/\/www.europesays.com\/es\/wp-json\/wp\/v2\/users\/2"}],"replies":[{"embeddable":true,"href":"https:\/\/www.europesays.com\/es\/wp-json\/wp\/v2\/comments?post=162593"}],"version-history":[{"count":0,"href":"https:\/\/www.europesays.com\/es\/wp-json\/wp\/v2\/posts\/162593\/revisions"}],"wp:featuredmedia":[{"embeddable":true,"href":"https:\/\/www.europesays.com\/es\/wp-json\/wp\/v2\/media\/147251"}],"wp:attachment":[{"href":"https:\/\/www.europesays.com\/es\/wp-json\/wp\/v2\/media?parent=162593"}],"wp:term":[{"taxonomy":"category","embeddable":true,"href":"https:\/\/www.europesays.com\/es\/wp-json\/wp\/v2\/categories?post=162593"},{"taxonomy":"post_tag","embeddable":true,"href":"https:\/\/www.europesays.com\/es\/wp-json\/wp\/v2\/tags?post=162593"}],"curies":[{"name":"wp","href":"https:\/\/api.w.org\/{rel}","templated":true}]}}