{"id":162596,"date":"2025-10-08T10:16:10","date_gmt":"2025-10-08T10:16:10","guid":{"rendered":"https:\/\/www.europesays.com\/es\/162596\/"},"modified":"2025-10-08T10:16:10","modified_gmt":"2025-10-08T10:16:10","slug":"bayern-munich-resumen-resultado-y-goles-del-partido-de-champions-league-femenina","status":"publish","type":"post","link":"https:\/\/www.europesays.com\/es\/162596\/","title":{"rendered":"Bayern M\u00fanich: resumen, resultado y goles del partido de Champions League Femenina"},"content":{"rendered":"<p> <strong>\u00daltima hora y resultado del Bar\u00e7a &#8211; Bayern en directo:<\/strong><\/p>\n<p class=\"ue-c-article__paragraph \">\u00a1\u00a1Muy buenas tardes!! <strong>El Barcelona arranca la nueva edici\u00f3n de la Champions League Femenina frente al Bayern de M\u00fanich e<\/strong>n un estadio Johan Cruyff, que espera albergar una de esas grandes noces europeas. Este encuentro corresponde a la primera jornada de la fase de grupos y ser\u00e1 una buena prueba para el equipo dirigido por Pere Romeu.<\/p>\n<p class=\"ue-c-article__paragraph \">Con el objetivo de llegar en buenas condiciones al compromiso europeo, el entrenador opt\u00f3 por introducir varias rotaciones en el reciente partido liguero frente al <strong>Eibar, que termin\u00f3 con una contundente victoria por 0-4.<\/strong> Clara Serrajordi, Vicky L\u00f3pez, Graham Hansen y Salma Paralluelo fueron las encargadas de anotar los goles en el estadio Municipal de Ipur\u00faa.<\/p>\n<p class=\"ue-c-article__paragraph \">En la <strong>Liga F<\/strong>, el conjunto cul\u00e9 mantiene un rendimiento impecable con seis victorias en <strong>seis partidos, sumando un total de 18 puntos<\/strong>. Su gran diferencia de goles, con 31 a favor y apenas uno en contra, evidencia su dominio en la competici\u00f3n nacional. A pesar de los cambios en la alineaci\u00f3n, el nivel de juego no se ha visto afectado. El conjunto azulgrana, presente en seis de las \u00faltimas siete finales; tres t\u00edtulos en 2021, 2023 y 2024; se ha reforzado para la ocasi\u00f3n con un solo fichaje, Laia Aleixandri haciendo que Pere Romeu tire de cantera y estrellas ya conocidas.<\/p>\n<p class=\"ue-c-article__paragraph \">De esta manera queda presentado el enfrentamiento. Seg\u00fan eche a rodar el bal\u00f3n, podr\u00e9is seguir<strong> los comentarios en directo <\/strong>con todo lo que ocurra sobre el terreno de juego. Por \u00faltimo, la <strong>cr\u00f3nica <\/strong>estar\u00e1 disponible en <strong>MARCA.com<\/strong>. \u00a1ARRANCAMOOOOS!<\/p>\n","protected":false},"excerpt":{"rendered":"\u00daltima hora y resultado del Bar\u00e7a &#8211; Bayern en directo: \u00a1\u00a1Muy buenas tardes!! El Barcelona arranca la nueva&hellip;\n","protected":false},"author":2,"featured_media":162597,"comment_status":"","ping_status":"","sticky":false,"template":"","format":"standard","meta":{"footnotes":""},"categories":[268],"tags":[37417,168,25,24,5039,280,282,1809,281,23,167],"class_list":{"0":"post-162596","1":"post","2":"type-post","3":"status-publish","4":"format-standard","5":"has-post-thumbnail","7":"category-futbol","8":"tag-champions-league-femenina","9":"tag-deportes","10":"tag-es","11":"tag-espana","12":"tag-fc-barcelona-femenino","13":"tag-football","14":"tag-futbol","15":"tag-futbol-femenino","16":"tag-soccer","17":"tag-spain","18":"tag-sports"},"share_on_mastodon":{"url":"","error":""},"_links":{"self":[{"href":"https:\/\/www.europesays.com\/es\/wp-json\/wp\/v2\/posts\/162596","targetHints":{"allow":["GET"]}}],"collection":[{"href":"https:\/\/www.europesays.com\/es\/wp-json\/wp\/v2\/posts"}],"about":[{"href":"https:\/\/www.europesays.com\/es\/wp-json\/wp\/v2\/types\/post"}],"author":[{"embeddable":true,"href":"https:\/\/www.europesays.com\/es\/wp-json\/wp\/v2\/users\/2"}],"replies":[{"embeddable":true,"href":"https:\/\/www.europesays.com\/es\/wp-json\/wp\/v2\/comments?post=162596"}],"version-history":[{"count":0,"href":"https:\/\/www.europesays.com\/es\/wp-json\/wp\/v2\/posts\/162596\/revisions"}],"wp:featuredmedia":[{"embeddable":true,"href":"https:\/\/www.europesays.com\/es\/wp-json\/wp\/v2\/media\/162597"}],"wp:attachment":[{"href":"https:\/\/www.europesays.com\/es\/wp-json\/wp\/v2\/media?parent=162596"}],"wp:term":[{"taxonomy":"category","embeddable":true,"href":"https:\/\/www.europesays.com\/es\/wp-json\/wp\/v2\/categories?post=162596"},{"taxonomy":"post_tag","embeddable":true,"href":"https:\/\/www.europesays.com\/es\/wp-json\/wp\/v2\/tags?post=162596"}],"curies":[{"name":"wp","href":"https:\/\/api.w.org\/{rel}","templated":true}]}}