{"id":162608,"date":"2025-10-08T10:24:07","date_gmt":"2025-10-08T10:24:07","guid":{"rendered":"https:\/\/www.europesays.com\/es\/162608\/"},"modified":"2025-10-08T10:24:07","modified_gmt":"2025-10-08T10:24:07","slug":"se-detecta-un-brote-de-sarampion-en-una-familia-antivacunas-de-cataluna-y-podria-haber-mas-de-300-contactos","status":"publish","type":"post","link":"https:\/\/www.europesays.com\/es\/162608\/","title":{"rendered":"se detecta un brote de sarampi\u00f3n en una familia antivacunas de Catalu\u00f1a y podr\u00eda haber m\u00e1s de 300 contactos"},"content":{"rendered":"<p>El Departament de Salut de Catalu\u00f1a confirm\u00f3 este martes la existencia de<b> ocho casos de sarampi\u00f3n originados en el seno de una familia antivacunas<\/b> en Sant Pere de Ribes, en la comarca del Garraf (Catalu\u00f1a), seg\u00fan recoge el diario ARA. <\/p>\n<p>El <b>primer infectado comenz\u00f3 a manifestar s\u00edntomas el pasado 4 de septiembre<\/b> y uno de los \u00faltimos casos se identific\u00f3 el 29 del mismo mes, por lo que se trata de un brote que contin\u00faa activo. Los infectados muestran <b>edades comprendidas entre los 7 y los 44 a\u00f1os.<\/b><\/p>\n<p>Alto riesgo de diseminaci\u00f3n<\/p>\n<p>Seg\u00fan los profesionales de la salud, el foco de contagio muestra una gran cantidad de exposiciones, habiendo <b>identificado hasta m\u00e1s de 300 contactos procedentes de distintos entornos<\/b> como centros sanitarios, lugares de ocio y universidades. Por ello, se est\u00e1 siguiendo de cerca a estas personas con el fin de evitar la diseminaci\u00f3n de la enfermedad y se les han explicado una serie de pautas a seguir.<\/p>\n<p>La falta de inmunizaci\u00f3n unido a una <b>elevada interacci\u00f3n social<\/b> hace que<b> el riesgo de propagaci\u00f3n de esta enfermedad sea muy elevado,<\/b> por lo que no se descarta que puedan darse m\u00e1s casos en las pr\u00f3ximas semanas. Este caso llega en un contexto en el que <a href=\"https:\/\/www.eleconomista.es\/salud-bienestar\/enfermedades\/noticias\/13266396\/03\/25\/nuevo-brote-en-europa-de-la-enfermedad-mas-contagiosa-principales-sintomas-y-cual-es-su-tratamiento.html\" title=\"Nuevo brote en Europa de la enfermedad m\u00e1s contagiosa: principales s\u00edntomas y cu\u00e1l es su tratamiento\" rel=\"nofollow noopener\" target=\"_blank\">Europa lleva a\u00f1os registrando un alto \u00edndice de contagios<\/a> por esta enfermedad, la cual es una de las que m\u00e1s r\u00e1pido se extiende.<\/p>\n<p>Los s\u00edntomas<\/p>\n<p>El sarampi\u00f3n afecta especialmente a ni\u00f1os y <b>se transmite a trav\u00e9s de got\u00edculas<\/b> procedentes de la nariz, boca y faringe de las personas infectadas. Los <b>s\u00edntomas suelen aparecer entre 8 y 12 d\u00edas despu\u00e9s<\/b> de la primera exposici\u00f3n y se manifiestan especialmente a trav\u00e9s de erupciones cut\u00e1neas. <\/p>\n<p>La Organizaci\u00f3n Mundial de la Salud (OMS) advierte de que una de las formas m\u00e1s seguras y eficaces para prevenir esta enfermedad es mediante la vacunaci\u00f3n. Esta organizaci\u00f3n estima que la vacuna contra el sarampi\u00f3n<b> ha logrado prevenir m\u00e1s de 93 millones de muertes en todo el mundo desde sus inicios en el a\u00f1o 1974. <\/b><\/p>\n<p>WhatsApp<a href=\"https:\/\/api.whatsapp.com\/send?text=https:\/\/www.eleconomista.es\/salud-bienestar\/ultimas-noticias\/noticias\/13583117\/10\/25\/alerta-sanitaria-se-detecta-un-brote-de-sarampion-en-una-familia-antivacunas-de-cataluna-y-podria-haber-mas-de-300-contactos.html?utm_source%3Dwhatsapp%26utm_medium%3Dshare_button&amp;id=1648118629957_whatsapp\" target=\"_blank\" data-action=\"share\/whatsapp\/share\" aria-label=\"Compartir en Whatsapp\" rel=\"nofollow noopener\"><\/a>Facebook<a id=\"fb-share\" href=\"#\" target=\"_blank\" rel=\"noopener noreferrer\" aria-label=\"Compartir en Facebook\"><\/a>Twitter<a href=\"https:\/\/twitter.com\/share?text=Alerta+sanitaria%3A+se+detecta+un+brote+de+sarampi%C3%B3n+en+una+familia+antivacunas+de+Catalu%C3%B1a+y+podr%C3%ADa+haber+m%C3%A1s+de+300+contactos&amp;url=https:\/\/www.eleconomista.es\/salud-bienestar\/ultimas-noticias\/noticias\/13583117\/10\/25\/alerta-sanitaria-se-detecta-un-brote-de-sarampion-en-una-familia-antivacunas-de-cataluna-y-podria-haber-mas-de-300-contactos.html&amp;via=elEconomistaes&amp;id=1648118839245_twitter\" target=\"_blank\" aria-label=\"Compartir en Twitter\" rel=\"nofollow noopener\"><\/a>Linkedin<a href=\"https:\/\/linkedin.com\/share?text=https:\/\/www.eleconomista.es\/salud-bienestar\/ultimas-noticias\/noticias\/13583117\/10\/25\/alerta-sanitaria-se-detecta-un-brote-de-sarampion-en-una-familia-antivacunas-de-cataluna-y-podria-haber-mas-de-300-contactos.html&amp;via=elEconomistaes\" target=\"_blank\" aria-label=\"Compartir en linkedin\" rel=\"nofollow noopener\"><\/a>Beloud<a href=\"https:\/\/beloud.com\/share?text=Alerta+sanitaria%3A+se+detecta+un+brote+de+sarampi%C3%B3n+en+una+familia+antivacunas+de+Catalu%C3%B1a+y+podr%C3%ADa+haber+m%C3%A1s+de+300+contactos&amp;url=https:\/\/www.eleconomista.es\/salud-bienestar\/ultimas-noticias\/noticias\/13583117\/10\/25\/alerta-sanitaria-se-detecta-un-brote-de-sarampion-en-una-familia-antivacunas-de-cataluna-y-podria-haber-mas-de-300-contactos.html&amp;via=elEconomistaes&amp;id=1648118839245_beloud\" target=\"_blank\" aria-label=\"Compartir en beloud\" rel=\"nofollow noopener\"><\/a>Bluesky<a href=\"https:\/\/bsky.app\/intent\/compose?text=https:\/\/bsky.app\/intent\/compose?text=https:\/\/www.eleconomista.es\/salud-bienestar\/ultimas-noticias\/noticias\/13583117\/10\/25\/alerta-sanitaria-se-detecta-un-brote-de-sarampion-en-una-familia-antivacunas-de-cataluna-y-podria-haber-mas-de-300-contactos.html&amp;url=https:\/\/www.eleconomista.es\/salud-bienestar\/ultimas-noticias\/noticias\/13583117\/10\/25\/alerta-sanitaria-se-detecta-un-brote-de-sarampion-en-una-familia-antivacunas-de-cataluna-y-podria-haber-mas-de-300-contactos.html&amp;via=elEconomistaes&amp;id=1648118839245_bluesky\" target=\"_blank\" aria-label=\"Compartir en bluesky\" rel=\"nofollow noopener\"><\/a><\/p>\n<p><script async src=\"https:\/\/platform.twitter.com\/widgets.js\" charset=\"utf-8\"><\/script><\/p>\n","protected":false},"excerpt":{"rendered":"El Departament de Salut de Catalu\u00f1a confirm\u00f3 este martes la existencia de ocho casos de sarampi\u00f3n originados en&hellip;\n","protected":false},"author":2,"featured_media":162609,"comment_status":"","ping_status":"","sticky":false,"template":"","format":"standard","meta":{"footnotes":""},"categories":[92],"tags":[25,24,165,166,4134,23],"class_list":{"0":"post-162608","1":"post","2":"type-post","3":"status-publish","4":"format-standard","5":"has-post-thumbnail","7":"category-salud","8":"tag-es","9":"tag-espana","10":"tag-health","11":"tag-salud","12":"tag-salud-bienestar","13":"tag-spain"},"share_on_mastodon":{"url":"","error":""},"_links":{"self":[{"href":"https:\/\/www.europesays.com\/es\/wp-json\/wp\/v2\/posts\/162608","targetHints":{"allow":["GET"]}}],"collection":[{"href":"https:\/\/www.europesays.com\/es\/wp-json\/wp\/v2\/posts"}],"about":[{"href":"https:\/\/www.europesays.com\/es\/wp-json\/wp\/v2\/types\/post"}],"author":[{"embeddable":true,"href":"https:\/\/www.europesays.com\/es\/wp-json\/wp\/v2\/users\/2"}],"replies":[{"embeddable":true,"href":"https:\/\/www.europesays.com\/es\/wp-json\/wp\/v2\/comments?post=162608"}],"version-history":[{"count":0,"href":"https:\/\/www.europesays.com\/es\/wp-json\/wp\/v2\/posts\/162608\/revisions"}],"wp:featuredmedia":[{"embeddable":true,"href":"https:\/\/www.europesays.com\/es\/wp-json\/wp\/v2\/media\/162609"}],"wp:attachment":[{"href":"https:\/\/www.europesays.com\/es\/wp-json\/wp\/v2\/media?parent=162608"}],"wp:term":[{"taxonomy":"category","embeddable":true,"href":"https:\/\/www.europesays.com\/es\/wp-json\/wp\/v2\/categories?post=162608"},{"taxonomy":"post_tag","embeddable":true,"href":"https:\/\/www.europesays.com\/es\/wp-json\/wp\/v2\/tags?post=162608"}],"curies":[{"name":"wp","href":"https:\/\/api.w.org\/{rel}","templated":true}]}}