{"id":162616,"date":"2025-10-08T10:28:07","date_gmt":"2025-10-08T10:28:07","guid":{"rendered":"https:\/\/www.europesays.com\/es\/162616\/"},"modified":"2025-10-08T10:28:07","modified_gmt":"2025-10-08T10:28:07","slug":"lecornu-asegura-que-sus-contactos-con-los-grupos-politicos-alejan-la-posibilidad-de-elecciones-en-francia-internacional","status":"publish","type":"post","link":"https:\/\/www.europesays.com\/es\/162616\/","title":{"rendered":"Lecornu asegura que sus contactos con los grupos pol\u00edticos alejan la posibilidad de elecciones en Francia | Internacional"},"content":{"rendered":"<p class=\"\"><a href=\"https:\/\/elpais.com\/internacional\/2025-10-05\/lecornu-anuncia-un-gobierno-sin-grandes-cambios-y-sin-la-izquierda-en-francia.html\" target=\"_self\" rel=\"nofollow noopener\" title=\"https:\/\/elpais.com\/internacional\/2025-10-05\/lecornu-anuncia-un-gobierno-sin-grandes-cambios-y-sin-la-izquierda-en-francia.html\">El primer ministro dimisionario de Francia, S\u00e9bastien Lecornu, <\/a>ha anunciado que las conversaciones con los partidos van por el buen camino y alejan la posibilidad de una disoluci\u00f3n de la Asamblea Nacional y la convocatoria de elecciones. Lecornu no ha especificado a qu\u00e9 concesiones est\u00e1 dispuesto para contentar a la izquierda, pero cunde la idea en las filas progresistas de que podr\u00eda acceder a suspender la reforma de las pensiones.<\/p>\n<p class=\"\">\u201cTengo buenas razones para decirles que, entre las buenas noticias, en el conjunto de las consultas que he podido mantener, existe la voluntad de que Francia tenga un Presupuesto antes del 31 de diciembre\u201d, declar\u00f3 Lecornu. \u201cEsa voluntad crea un movimiento y una convergencia que, evidentemente, alejan las perspectivas de una disoluci\u00f3n\u201d.<\/p>\n<p class=\"\">La reforma de las pensiones es quiz\u00e1 la medida m\u00e1s impopular de su mandato: eleva sustancialmente (de 62 a 64 a\u00f1os) la edad de jubilaci\u00f3n, y ha despertado la ira de la izquierda y de los sindicatos. Fue aprobada por decreto, ante la imposibilidad de lograr los apoyos parlamentarios necesarios. Su supresi\u00f3n era una insistente reivindicaci\u00f3n del Partido Socialista y de la mayor\u00eda de grupos progresistas que confluyeron en el Nuevo Frente Popular (NFP) en las \u00faltimas elecciones legislativas, en julio del a\u00f1o pasado, <a href=\"https:\/\/elpais.com\/internacional\/2024-07-07\/la-izquierda-francesa-celebra-en-las-calles-una-victoria-inesperada.html\" target=\"_self\" rel=\"nofollow noopener\" title=\"https:\/\/elpais.com\/internacional\/2024-07-07\/la-izquierda-francesa-celebra-en-las-calles-una-victoria-inesperada.html\">en las que se impusieron a la ultraderecha<\/a>. <\/p>\n<p class=\"\">Antes de despachar con Lecornu, el dirigente socialista <a href=\"https:\/\/elpais.com\/internacional\/2018\/03\/16\/actualidad\/1521201065_284838.html\" target=\"_self\" rel=\"nofollow noopener\" title=\"https:\/\/elpais.com\/internacional\/2018\/03\/16\/actualidad\/1521201065_284838.html\">Olivier Faure<\/a> ha asegurado que quiere comprobar que esa idea que sobrevuela las negociaciones \u201cno sea simplemente una cortina de humo\u201d. \u201cQuiero saber si esta victoria es real o no\u201d, ha afirmado. Ser\u00eda, seg\u00fan \u00e9l, \u201cun gesto importante si llegara a producirse\u201d, pero ha a\u00f1adido que \u201cno le gusta vender la piel del oso antes de cazarlo\u201d. Se ha dicho, adem\u00e1s, dispuesto a contribuir a \u201cdesbloquear esta situaci\u00f3n de crisis absolutamente incomprensible para los franceses\u201d, que ha calificado de \u201ccomedia de bulevar\u201d. \u201cEs hora de mostrar otra cara de la pol\u00edtica\u201d.<\/p>\n<p class=\"\">La medida podr\u00eda abrir una nueva v\u00eda, <a href=\"https:\/\/elpais.com\/internacional\/2025-09-04\/macron-estudia-nombrar-a-un-primer-ministro-socialista-para-zanjar-la-crisis-politica.html\" target=\"_self\" rel=\"nofollow noopener\" title=\"https:\/\/elpais.com\/internacional\/2025-09-04\/macron-estudia-nombrar-a-un-primer-ministro-socialista-para-zanjar-la-crisis-politica.html\">la de un primer ministro de izquierdas<\/a>, como reivindica el NFP desde que dicha coalici\u00f3n gan\u00f3 las \u00faltimas elecciones. Preguntado sobre la capacidad de la izquierda para aprobar un presupuesto, Faure ha respondido: \u201cS\u00ed, podr\u00edamos hacerlo\u201d.<\/p>\n<p class=\"\">De salir adelante, la marcha atr\u00e1s en las reformas de las pensiones provocar\u00eda un agujero importante en unas arcas p\u00fablicas de por s\u00ed bastante tensionadas. Entrevistado en la cadena de radio France Inter, Roland Lescure, ministro dimisionario de Econom\u00eda, afirm\u00f3 el mi\u00e9rcoles que sus servicios trabajan en \u201cmuchas hip\u00f3tesis\u201d. Sin embargo, advirti\u00f3, \u201cmodificar la reforma de las pensiones costar\u00e1 cientos de millones en 2026 y miles de millones en 2027\u201d. Aunque se declar\u00f3 \u201cdispuesto a hacer concesiones\u201d, Lescure, del ala progresista del macronismo, a\u00f1adi\u00f3 que \u201chabr\u00e1 que financiarlas\u201d.<\/p>\n","protected":false},"excerpt":{"rendered":"El primer ministro dimisionario de Francia, S\u00e9bastien Lecornu, ha anunciado que las conversaciones con los partidos van por&hellip;\n","protected":false},"author":2,"featured_media":162617,"comment_status":"","ping_status":"","sticky":false,"template":"","format":"standard","meta":{"footnotes":""},"categories":[42],"tags":[17,18,4374,48136,730,13,14,48135,317,11,61,62,63,64,19,20,9,10,15,16,12865,952,48134,40457,12,21,22,65,66,67],"class_list":{"0":"post-162616","1":"post","2":"type-post","3":"status-publish","4":"format-standard","5":"has-post-thumbnail","7":"category-internacional","8":"tag-breaking-news","9":"tag-breakingnews","10":"tag-elecciones","11":"tag-elecciones-francia","12":"tag-emmanuel-macron","13":"tag-featured-news","14":"tag-featurednews","15":"tag-finanzas-publicas","16":"tag-francia","17":"tag-headlines","18":"tag-internacional","19":"tag-international","20":"tag-international-news","21":"tag-internationalnews","22":"tag-latest-news","23":"tag-latestnews","24":"tag-news","25":"tag-noticias","26":"tag-noticias-destacadas","27":"tag-noticiasdestacadas","28":"tag-pensiones","29":"tag-politica","30":"tag-ps-francia","31":"tag-sebastien-lecornu","32":"tag-titulares","33":"tag-ultimas-noticias","34":"tag-ultimasnoticias","35":"tag-world","36":"tag-world-news","37":"tag-worldnews"},"share_on_mastodon":{"url":"","error":""},"_links":{"self":[{"href":"https:\/\/www.europesays.com\/es\/wp-json\/wp\/v2\/posts\/162616","targetHints":{"allow":["GET"]}}],"collection":[{"href":"https:\/\/www.europesays.com\/es\/wp-json\/wp\/v2\/posts"}],"about":[{"href":"https:\/\/www.europesays.com\/es\/wp-json\/wp\/v2\/types\/post"}],"author":[{"embeddable":true,"href":"https:\/\/www.europesays.com\/es\/wp-json\/wp\/v2\/users\/2"}],"replies":[{"embeddable":true,"href":"https:\/\/www.europesays.com\/es\/wp-json\/wp\/v2\/comments?post=162616"}],"version-history":[{"count":0,"href":"https:\/\/www.europesays.com\/es\/wp-json\/wp\/v2\/posts\/162616\/revisions"}],"wp:featuredmedia":[{"embeddable":true,"href":"https:\/\/www.europesays.com\/es\/wp-json\/wp\/v2\/media\/162617"}],"wp:attachment":[{"href":"https:\/\/www.europesays.com\/es\/wp-json\/wp\/v2\/media?parent=162616"}],"wp:term":[{"taxonomy":"category","embeddable":true,"href":"https:\/\/www.europesays.com\/es\/wp-json\/wp\/v2\/categories?post=162616"},{"taxonomy":"post_tag","embeddable":true,"href":"https:\/\/www.europesays.com\/es\/wp-json\/wp\/v2\/tags?post=162616"}],"curies":[{"name":"wp","href":"https:\/\/api.w.org\/{rel}","templated":true}]}}