{"id":162624,"date":"2025-10-08T10:32:08","date_gmt":"2025-10-08T10:32:08","guid":{"rendered":"https:\/\/www.europesays.com\/es\/162624\/"},"modified":"2025-10-08T10:32:08","modified_gmt":"2025-10-08T10:32:08","slug":"la-biografia-del-torero-paco-ceballos-protagoniza-el-segundo-volumen-de-la-coleccion-maletilla","status":"publish","type":"post","link":"https:\/\/www.europesays.com\/es\/162624\/","title":{"rendered":"La biograf\u00eda del torero Paco Ceballos protagoniza el segundo volumen de la Colecci\u00f3n Maletilla"},"content":{"rendered":"<p>Paco Ceballos es un torero malague\u00f1o que en los a\u00f1os 60 fue figura novilleril y como matador de toros goz\u00f3 de gran predicamento llegando a  &#8230; actuar 27 tardes en La Malagueta y 22 en Las Ventas. Se retir\u00f3 en 1975 poco despu\u00e9s de torear una corrida de Concha y Sierra en Madrid, donde cort\u00f3 una oreja. Ahora su trayectoria personal y taurina queda recogida en una biograf\u00eda que compone el segundo volumen de la Colecci\u00f3n Maletilla. <\/p>\n<p class=\"v-p\">Una serie de publicaciones creada por la Diputaci\u00f3n Provincial para recoger la biograf\u00eda de los toreros malague\u00f1os ante el vac\u00edo documental sobre la tauromaquia en M\u00e1laga y que en esta ocasi\u00f3n se ha encargado de escribir el reconocido aficionado Jos\u00e9 Luis G\u00e1lvez. Este licenciado en Filolog\u00eda Hisp\u00e1nica ha realizado un trabajo de recopilaci\u00f3n de fotograf\u00edas, carteles y vivencias junto al propio torero. <\/p>\n<p class=\"v-p\"> En esta biograf\u00eda se ofrecen numerosos detalles de su vida personal, de sus inicios como novillero, de su trayectoria como torero y de su despedida de los ruedos, seg\u00fan ha informado la Diputaci\u00f3n en un comunicado.<\/p>\n<p class=\"v-p\">La presentaci\u00f3n del libro tendr\u00e1 lugar el pr\u00f3ximo 16 de octubre a las 20 horas en el Centro Cultural La Malagueta, en un acto que ser\u00e1 dirigido por el periodista Juan Ortega. La entrada ser\u00e1 libre hasta completar aforo y se obsequiar\u00e1 a los asistentes con un ejemplar.<\/p>\n<p class=\"v-p\">Nacido en el popular barrio de El Perchel en 1947, a Francisco Ceballos Guerrero, Paco Ceballos en los carteles, la inculc\u00f3 la afici\u00f3n a los toros su madre, Catalina Guerrero Gonz\u00e1lez. Debut\u00f3 sin picadores en 1965 y tom\u00f3 la alternativa en Barcelona dos a\u00f1os despu\u00e9s con Joaqu\u00edn Bernad\u00f3 como padrino y Jaime Ostos de testigo ante reses de Torrestrella. <\/p>\n","protected":false},"excerpt":{"rendered":"Paco Ceballos es un torero malague\u00f1o que en los a\u00f1os 60 fue figura novilleril y como matador de&hellip;\n","protected":false},"author":2,"featured_media":162625,"comment_status":"","ping_status":"","sticky":false,"template":"","format":"standard","meta":{"footnotes":""},"categories":[277],"tags":[3711,373,28206,3000,168,25,24,48138,1047,20521,1566,23,167,374,1570,48137],"class_list":{"0":"post-162624","1":"post","2":"type-post","3":"status-publish","4":"format-standard","5":"has-post-thumbnail","7":"category-toreo","8":"tag-biografia","9":"tag-bullfighting","10":"tag-ceballos","11":"tag-coleccion","12":"tag-deportes","13":"tag-es","14":"tag-espana","15":"tag-maletilla","16":"tag-paco","17":"tag-protagoniza","18":"tag-segundo","19":"tag-spain","20":"tag-sports","21":"tag-toreo","22":"tag-torero","23":"tag-volumen"},"share_on_mastodon":{"url":"","error":""},"_links":{"self":[{"href":"https:\/\/www.europesays.com\/es\/wp-json\/wp\/v2\/posts\/162624","targetHints":{"allow":["GET"]}}],"collection":[{"href":"https:\/\/www.europesays.com\/es\/wp-json\/wp\/v2\/posts"}],"about":[{"href":"https:\/\/www.europesays.com\/es\/wp-json\/wp\/v2\/types\/post"}],"author":[{"embeddable":true,"href":"https:\/\/www.europesays.com\/es\/wp-json\/wp\/v2\/users\/2"}],"replies":[{"embeddable":true,"href":"https:\/\/www.europesays.com\/es\/wp-json\/wp\/v2\/comments?post=162624"}],"version-history":[{"count":0,"href":"https:\/\/www.europesays.com\/es\/wp-json\/wp\/v2\/posts\/162624\/revisions"}],"wp:featuredmedia":[{"embeddable":true,"href":"https:\/\/www.europesays.com\/es\/wp-json\/wp\/v2\/media\/162625"}],"wp:attachment":[{"href":"https:\/\/www.europesays.com\/es\/wp-json\/wp\/v2\/media?parent=162624"}],"wp:term":[{"taxonomy":"category","embeddable":true,"href":"https:\/\/www.europesays.com\/es\/wp-json\/wp\/v2\/categories?post=162624"},{"taxonomy":"post_tag","embeddable":true,"href":"https:\/\/www.europesays.com\/es\/wp-json\/wp\/v2\/tags?post=162624"}],"curies":[{"name":"wp","href":"https:\/\/api.w.org\/{rel}","templated":true}]}}