{"id":162630,"date":"2025-10-08T10:37:10","date_gmt":"2025-10-08T10:37:10","guid":{"rendered":"https:\/\/www.europesays.com\/es\/162630\/"},"modified":"2025-10-08T10:37:10","modified_gmt":"2025-10-08T10:37:10","slug":"la-millonaria-indemnizacion-a-la-que-se-enfrenta-un-piloto-espanol","status":"publish","type":"post","link":"https:\/\/www.europesays.com\/es\/162630\/","title":{"rendered":"la millonaria indemnizaci\u00f3n a la que se enfrenta un piloto espa\u00f1ol"},"content":{"rendered":"<p>Nacido en San Antonio Vilamajor (Barcelona) el 1 de abril de 1997, Alex Palou siempre ha tenido en los coches su pasi\u00f3n. Se inici\u00f3 en el karting a los 6 a\u00f1os y en su primera temporada gan\u00f3 el t\u00edtulo del circuito donde corr\u00eda. R\u00e1pidamente llam\u00f3 la atenci\u00f3n de los ojeadores y apenas un a\u00f1o m\u00e1s tarde, debut\u00f3 en el campeonato de Espa\u00f1a, en el que consigui\u00f3 acabar tercero. Con ocho primaveras logr\u00f3 el de la categor\u00eda alev\u00edn, as\u00ed como la Copa de Campeones de cadetes.<\/p>\n<p>Fue el inicio de una carrera mete\u00f3rica de Alex Palou en el karting, que en 2014 le hizo dar el salto a los monoplazas.<\/p>\n<p>El 1 de diciembre de 2022 McLaren hizo oficial que Palou se convert\u00eda en su nuevo piloto probador en la F1. Debido a este acuerdo,<b> Alex Palou se puso al volante del monoplaza de la escuder\u00eda brit\u00e1nica en un primer test en el circuito de Catalu\u00f1a y poco despu\u00e9s en los entrenamientos libres del Gran Premio de Estados Unidos. <\/b><\/p>\n<p>Una pol\u00e9mica ruptura<\/p>\n<p>Cuando parec\u00eda que su v\u00ednculo con McLaren le iba a hacer repetir en estas pruebas previas tambi\u00e9n en 2023, <b>el piloto decidi\u00f3 romper su contrato con la escuder\u00eda de Woking, generando una batalla judicial que no le descentr\u00f3 en su desaf\u00edo por ganar, de nuevo, el t\u00edtulo en la IndyCar.<\/b><\/p>\n<p>Ganador de las 500 millas de Indian\u00e1polis y campe\u00f3n por cuarta vez de la IndyCar,<b> el a\u00f1o 2025 ha sido redondo para \u00c1lex Palou que tal vez, si no hubiera dado un portazo, podr\u00eda estar pelando por el Mundial de F-<\/b>1. Sin embargo<b>, de aquel contrato ya solo queda una dura batalla en los tribunales.<\/b><\/p>\n<p>El tribunal de Londres analiza desde el pasado lunes el futuro financiero del piloto espa\u00f1ol Alex Palou, quien enfrenta una demanda interpuesta por McLaren Racing tras su decisi\u00f3n de incumplir el contrato que lo vinculaba con el equipo brit\u00e1nico para las temporadas 2024 a 2026. Seg\u00fan inform\u00f3 Motorsport, el litigio gira en torno a la exigencia de un pago de 33 millones de d\u00f3lares (28,5 millones de euros)<\/p>\n<p>Seg\u00fan la Agencia de Noticias PA , Palou niega que deba pagar da\u00f1os y perjuicios. <b>Los abogados que representan al cuatro veces campe\u00f3n de IndyCar afirman que la cifra que McLaren solicita es \u00abextremadamente inflada\u00bb y un \u00abintento descarado de &#8216;dejar en la ruina&#8217; al Sr. Palou\u00bb.<\/b><\/p>\n<p>Tambi\u00e9n sugiri\u00f3 que McLaren desde entonces ha ganado m\u00e1s de lo que ha perdido. Tras negarse a cumplir su contrato con McLaren, Palou sigui\u00f3 siendo empleado de Chip Ganassi Racing (CGR), donde desde entonces se ha convertido en uno de los pilotos m\u00e1s exitosos en la historia de IndyCar.<\/p>\n<p>Consecuencias financieras<\/p>\n<p>Por su parte, el director ejecutivo de McLaren, Zak Brown, asegur\u00f3 ante el tribunal que <b>la salida de Palou caus\u00f3 \u00abconsecuencias financieras y de reputaci\u00f3n significativas para McLaren\u00bb.<\/b><\/p>\n<p>En este sentido, afirm\u00f3 que un lucrativo acuerdo de patrocinio con la firma de TI NTT Data Americas tuvo que ser renegociado porque no se pudo encontrar a tiempo otro conductor de calibre similar.<\/p>\n<p>En su declaraci\u00f3n, a\u00f1adi\u00f3 \u201cNTT entr\u00f3 en negociaciones en primer lugar porque sab\u00edan que Alex vendr\u00eda a McLaren, y la cantidad que estaban dispuestos a pagar se basaba en que Alex condujera para nosotros. Si hubi\u00e9ramos tenido un conductor menos experimentado o no tan bueno, el precio que acordamos con NTT no habr\u00eda sido tan alto como finalmente lo fue, o tal vez habr\u00edan decidido no asociarse con nosotros en absoluto\u201d.<\/p>\n<p>El Sr. Palou gan\u00f3 los campeonatos de IndyCar de 2021, 2023, 2024 y 2025 y tambi\u00e9n gan\u00f3 la 109\u00aa carrera de las 500 Millas de Indian\u00e1polis a principios de este a\u00f1o, lo que lo convirti\u00f3 en el primer espa\u00f1ol en lograr ambos. Corri\u00f3 para Chip Ganassi Racing (CGR) en la serie IndyCar antes de aceptar conducir el Car 6 de Arrow McLaren, pero luego regres\u00f3 a CGR.<\/p>\n<p>El director ejecutivo de McLaren denunci\u00f3 <b>que es \u201cprobable\u201d que el Sr. Palou le \u201cmintiera\u201d en agosto de 2023 sobre su entusiasmo por competir para McLaren, ya que una semana despu\u00e9s anunci\u00f3 a trav\u00e9s de sus abogados que se quedar\u00eda en CGR.<\/b><\/p>\n<p>\u00abAlex lanz\u00f3 una granada en la habitaci\u00f3n\u00bb<\/p>\n<p>\u201c<b>No solo perdimos un piloto del campeonato, sino que tambi\u00e9n hemos estado rotando pilotos dentro y fuera del coche de Alex y lidiando con pilotos lesionados<\/b>, todo lo cual ha sido muy perjudicial para nuestro equipo de carreras. La conducta de Alex no solo tuvo serias implicaciones para los acuerdos de patrocinio de McLaren, sino que, en mi opini\u00f3n, se vio agravada por el hecho de que ni siquiera me inform\u00f3 como cortes\u00eda de su decisi\u00f3n, de una manera que podr\u00eda haberme permitido gestionar mejor las relaciones involucradas, incluso con NTT. En lugar de eso,<b> Alex hizo rodar una granada por la habitaci\u00f3n y la dej\u00f3 explotar, dej\u00e1ndome a m\u00ed solo para lidiar con las consecuencias con nuestros patrocinadores\u201d,<\/b> sentenci\u00f3.<\/p>\n<p>Est\u00e1 previsto que<b> Palou que acusa a McLaren de buscar \u00abintencionadamente su ruina\u00bb preste testimonio m\u00e1s adelante en un juicio que est\u00e1 previsto que concluya en noviembre.<\/b><\/p>\n","protected":false},"excerpt":{"rendered":"Nacido en San Antonio Vilamajor (Barcelona) el 1 de abril de 1997, Alex Palou siempre ha tenido en&hellip;\n","protected":false},"author":2,"featured_media":162631,"comment_status":"","ping_status":"","sticky":false,"template":"","format":"standard","meta":{"footnotes":""},"categories":[270],"tags":[168,25,24,306,271,272,23,167],"class_list":{"0":"post-162630","1":"post","2":"type-post","3":"status-publish","4":"format-standard","5":"has-post-thumbnail","7":"category-formula-1","8":"tag-deportes","9":"tag-es","10":"tag-espana","11":"tag-f1","12":"tag-formula-1","13":"tag-formula1","14":"tag-spain","15":"tag-sports"},"share_on_mastodon":{"url":"","error":""},"_links":{"self":[{"href":"https:\/\/www.europesays.com\/es\/wp-json\/wp\/v2\/posts\/162630","targetHints":{"allow":["GET"]}}],"collection":[{"href":"https:\/\/www.europesays.com\/es\/wp-json\/wp\/v2\/posts"}],"about":[{"href":"https:\/\/www.europesays.com\/es\/wp-json\/wp\/v2\/types\/post"}],"author":[{"embeddable":true,"href":"https:\/\/www.europesays.com\/es\/wp-json\/wp\/v2\/users\/2"}],"replies":[{"embeddable":true,"href":"https:\/\/www.europesays.com\/es\/wp-json\/wp\/v2\/comments?post=162630"}],"version-history":[{"count":0,"href":"https:\/\/www.europesays.com\/es\/wp-json\/wp\/v2\/posts\/162630\/revisions"}],"wp:featuredmedia":[{"embeddable":true,"href":"https:\/\/www.europesays.com\/es\/wp-json\/wp\/v2\/media\/162631"}],"wp:attachment":[{"href":"https:\/\/www.europesays.com\/es\/wp-json\/wp\/v2\/media?parent=162630"}],"wp:term":[{"taxonomy":"category","embeddable":true,"href":"https:\/\/www.europesays.com\/es\/wp-json\/wp\/v2\/categories?post=162630"},{"taxonomy":"post_tag","embeddable":true,"href":"https:\/\/www.europesays.com\/es\/wp-json\/wp\/v2\/tags?post=162630"}],"curies":[{"name":"wp","href":"https:\/\/api.w.org\/{rel}","templated":true}]}}