{"id":162636,"date":"2025-10-08T10:40:13","date_gmt":"2025-10-08T10:40:13","guid":{"rendered":"https:\/\/www.europesays.com\/es\/162636\/"},"modified":"2025-10-08T10:40:13","modified_gmt":"2025-10-08T10:40:13","slug":"te-resumo-la-portada-de-diez-minutos-en-90-segundos","status":"publish","type":"post","link":"https:\/\/www.europesays.com\/es\/162636\/","title":{"rendered":"te resumo la portada de Diez Minutos en 90 segundos"},"content":{"rendered":"<p data-journey-content=\"true\" data-node-id=\"3\" class=\"css-6wxqfj emevuu60\"><strong data-node-id=\"3.0\"><a href=\"https:\/\/www.diezminutos.es\/alejandra-rubio\/\" target=\"_blank\" data-vars-ga-outbound-link=\"https:\/\/www.diezminutos.es\/alejandra-rubio\/\" data-vars-ga-ux-element=\"Hyperlink\" data-vars-ga-call-to-action=\"Alejandra Rubio\" data-node-id=\"3.0.0\" class=\"body-link css-177bzfx emevuu60\" rel=\"nofollow noopener\">Alejandra Rubio<\/a><\/strong> y <strong data-node-id=\"3.2\">Carlo Costanzia<\/strong> protagonizan esta semana la portada de Diez Minutos con <a href=\"https:\/\/www.diezminutos.es\/famosos-corazon\/famosos-espanoles\/a68871041\/alejandra-rubio-carlo-costanzia-fotos-hijo-playa-malaga\/\" target=\"_blank\" data-vars-ga-outbound-link=\"https:\/\/www.diezminutos.es\/famosos-corazon\/famosos-espanoles\/a68871041\/alejandra-rubio-carlo-costanzia-fotos-hijo-playa-malaga\/\" data-vars-ga-ux-element=\"Hyperlink\" data-vars-ga-call-to-action=\"sus fotos, en EXCLUSIVA, m\u00e1s cari\u00f1osas y familiares junto a su beb\u00e9, Carlo Jr\" data-node-id=\"3.4\" class=\"body-link css-177bzfx emevuu60\" rel=\"nofollow noopener\">sus fotos, en EXCLUSIVA, m\u00e1s cari\u00f1osas y familiares junto a su beb\u00e9, Carlo Jr<\/a>. Ambos han querido hacer una <strong data-node-id=\"3.6\">breve escapada a M\u00e1laga<\/strong>, tierra a la que ella est\u00e1 muy unida por su familia y donde vimos nacer el amor entre la colaboradora y el hijo de Mar Flores, para <strong data-node-id=\"3.8\">recargar pilar y poner algo de tierra de por medio<\/strong>, pues el <strong data-node-id=\"3.10\">hurac\u00e1n medi\u00e1tico<\/strong> que ha provocado el lanzamiento de las <strong data-node-id=\"3.12\">memorias de Mar<\/strong>, ha provocado que la pareja se est\u00e9 enfrentando a <strong data-node-id=\"3.14\">u<\/strong><strong data-node-id=\"3.15\">na guerra que no es suya<\/strong>.<\/p>\n<p data-journey-content=\"true\" data-node-id=\"6\" class=\"css-6wxqfj emevuu60\">En la playa, y muy <strong data-node-id=\"6.1\">rom\u00e1nticos<\/strong> entre ellos, Alejandra y Carlo han demostrado que cualquier rumor sobre crisis entre ellos, o sus enfrentamientos con la Prensa por la calle, son solo cosas puntuales, pues<strong data-node-id=\"6.3\"> ellos, de puertas para adentro, son una familia unida<\/strong>. Incluso ahora, despu\u00e9s de negar que quieran casarse, <a href=\"https:\/\/www.diezminutos.es\/famosos-corazon\/famosos-espanoles\/a68818339\/carlo-costanzia-boda-alejandra-rubio-me-encantaria-casarme-de-viernes\/\" target=\"_blank\" data-vars-ga-outbound-link=\"https:\/\/www.diezminutos.es\/famosos-corazon\/famosos-espanoles\/a68818339\/carlo-costanzia-boda-alejandra-rubio-me-encantaria-casarme-de-viernes\/\" data-vars-ga-ux-element=\"Hyperlink\" data-vars-ga-call-to-action=\"se atreven ya a hablar de planes de boda\" data-node-id=\"6.5\" class=\"body-link css-177bzfx emevuu60\" rel=\"nofollow noopener\">se atreven ya a hablar de <strong data-node-id=\"6.5.1\">planes de boda<\/strong><\/a>.<\/p>\n<p><img draggable=\"true\" alt=\"alejandra rubio y carlo costanzia se divierten con su hijo en la playa de malaga\" title=\"Alejandra Rubio y Carlos Costanzia con su hijo en Malaga\" loading=\"lazy\" width=\"3000\" height=\"1997\" decoding=\"async\" data-nimg=\"1\" style=\"color:transparent;width:100%;height:auto;\"   src=\"https:\/\/www.europesays.com\/es\/wp-content\/uploads\/2025\/10\/alejandra-rubio-carlo-costanzia-hijo-malaga-portada-68e4e63ac081e.jpg\" class=\"css-0 e1g79fud0\"\/><\/p>\n<p>Agencias<\/p>\n<p>El drama de Raquel Mosquera y su marido, Isi<\/p>\n<p data-journey-content=\"true\" data-node-id=\"10\" class=\"css-6wxqfj emevuu60\"><strong data-node-id=\"10.0\">La vida de Raquel Mosquera ha dado un giro de 180 grados<\/strong> en los \u00faltimos d\u00edas tras salir a la luz que <strong data-node-id=\"10.2\">su pareja, Isi, estar\u00eda supuestamente encarcelado en Francia<\/strong>. Ella no ha querido hacer declaraciones al respecto y se ha mostrado <strong data-node-id=\"10.4\">muy cauta<\/strong> ante la situaci\u00f3n mientras <a href=\"https:\/\/www.diezminutos.es\/famosos-corazon\/famosos-espanoles\/a68867284\/raquel-mosquera-primeras-imagenes-privacion-libertad-marido-isi\/\" target=\"_blank\" data-vars-ga-outbound-link=\"https:\/\/www.diezminutos.es\/famosos-corazon\/famosos-espanoles\/a68867284\/raquel-mosquera-primeras-imagenes-privacion-libertad-marido-isi\/\" data-vars-ga-ux-element=\"Hyperlink\" data-vars-ga-call-to-action=\"intenta hacer vida normal en Madrid\" data-node-id=\"10.6\" class=\"body-link css-177bzfx emevuu60\" rel=\"nofollow noopener\">intenta hacer vida normal en Madrid<\/a>. Eso s\u00ed,<strong data-node-id=\"10.8\"> <a href=\"https:\/\/www.diezminutos.es\/famosos-corazon\/famosos-espanoles\/a68837097\/primeras-palabras-raquel-mosquera-detencion-isi-francia\/\" target=\"_blank\" data-vars-ga-outbound-link=\"https:\/\/www.diezminutos.es\/famosos-corazon\/famosos-espanoles\/a68837097\/primeras-palabras-raquel-mosquera-detencion-isi-francia\/\" data-vars-ga-ux-element=\"Hyperlink\" data-vars-ga-call-to-action=\"en declaraciones en exclusiva a Diez Minutos dijo que &quot;hay que esperar&quot;\" data-node-id=\"10.8.1\" class=\"body-link css-177bzfx emevuu60\" rel=\"nofollow noopener\">en declaraciones en exclusiva a Diez Minutos dijo que \u00abhay que esperar\u00bb<\/a><\/strong>.<\/p>\n<p>La boda del a\u00f1o: Todos los detalles del enlace de Cayetano Mart\u00ednez de Irujo y B\u00e1rbara Mirjan<\/p>\n<p data-journey-content=\"true\" data-node-id=\"15\" class=\"css-6wxqfj emevuu60\">El duque de Arjona y su chica, B\u00e1rbara Mirjan, por fin <strong data-node-id=\"15.1\">han puesto el lacito a su amor con <a href=\"https:\/\/www.diezminutos.es\/famosos-corazon\/famosos-espanoles\/a68823809\/detalle-boda-cayetano-martinez-de-irujo-relacion-hermanos\/\" target=\"_blank\" data-vars-ga-outbound-link=\"https:\/\/www.diezminutos.es\/famosos-corazon\/famosos-espanoles\/a68823809\/detalle-boda-cayetano-martinez-de-irujo-relacion-hermanos\/\" data-vars-ga-ux-element=\"Hyperlink\" data-vars-ga-call-to-action=\"una gran boda\" data-node-id=\"15.1.1\" class=\"body-link css-177bzfx emevuu60\" rel=\"nofollow noopener\">una gran boda<\/a><\/strong>. Fue el pasado 4 de octubre cuando, tras muchos preparativos, se dieron el <strong data-node-id=\"15.3\">&#8216;s\u00ed, quiero<\/strong>&#8216; en una preciosa ceremonia en la <strong data-node-id=\"15.5\">Iglesia del Cristo de los Gitanos<\/strong> (Sevilla), a la que asistieron muchas caras conocidas. Si cre\u00edas que lo hab\u00edas visto todo, <strong data-node-id=\"15.7\">no te pierdas las fotos y toda la informaci\u00f3n que publicamos esta semana en Diez Minutos<\/strong>. \u00a1Te vas a sorprender!<\/p>\n<p><img draggable=\"true\" alt=\"cayetano martinez de irujo y barbara mirjan\" title=\"cayetano martinez de irujo y barbara mirjan\" loading=\"lazy\" width=\"1920\" height=\"1280\" decoding=\"async\" data-nimg=\"1\" style=\"color:transparent;width:100%;height:auto;\"   src=\"https:\/\/www.europesays.com\/es\/wp-content\/uploads\/2025\/10\/boda-cayetano-martinez-barbara-mirjan-68e11ebdf05bf.jpg\" class=\"css-0 e1g79fud0\"\/><\/p>\n<p>JON ARRILLAGA<\/p>\n<p>Zeus Montiel se sincera como nunca antes en Diez Minutos<\/p>\n<p data-journey-content=\"true\" data-node-id=\"19\" class=\"css-6wxqfj emevuu60\">El hijo de Sara Montiel <strong data-node-id=\"19.1\">sigue trabajando en su sue\u00f1o de vivir de la m\u00fasica<\/strong>, a la que se dedica desde hace d\u00e9cadas. En nuestra revista <strong data-node-id=\"19.3\">se ha sincerado como pocas veces ha hecho<\/strong>, y no s\u00f3lo ha hablado de la gran oportunidad que est\u00e1 viviendo en M\u00e9xico, sino tambi\u00e9n de<strong data-node-id=\"19.5\"> lo duro que ha sido para \u00e9l vivir a la sombra de su madre, algo que, reconoce, no le ha ayudado mucho en Espa\u00f1a<\/strong>.<\/p>\n<p data-journey-content=\"true\" data-node-id=\"21\" class=\"css-6wxqfj emevuu60\">Todas las noticias al completo, y mucho m\u00e1s, en el nuevo n\u00famero de Diez Minutos y en diezminutos.es.<\/p>\n<p><img draggable=\"true\" alt=\"alejandra rubio con su hijo carlo en brazos en malaga\" title=\"Portada Diez Minutos 3869 Alejandra Rubio y Carlo Costanzia con su hijo en Malaga\" loading=\"lazy\" width=\"3000\" height=\"4091\" decoding=\"async\" data-nimg=\"1\" style=\"color:transparent;width:100%;height:auto;\"   src=\"https:\/\/www.europesays.com\/es\/wp-content\/uploads\/2025\/10\/portada-diez-minutos-3869-alejandra-rubio-carlo-hijo-malaga-68e4dbb0d26bb.jpg\" class=\"css-0 e1g79fud0\"\/><\/p>\n<p>Hearst<\/p>\n<p><img src=\"https:\/\/www.europesays.com\/es\/wp-content\/uploads\/2025\/10\/1759920013_223_a982b4f8-3383-45d0-81ca-fb597fd6fa80_1734436044.jpg\" alt=\"Headshot of Daniel Reyes\" title=\"Headshot of Daniel Reyes\" width=\"100%\" height=\"100%\" decoding=\"async\" loading=\"lazy\" class=\"css-o0wq4v ev8dhu53\"\/><\/p>\n<p>Daniel Reyes se gradu\u00f3 en Periodismo por la Universidad Rey Juan Carlos. Experto en actualidad de coraz\u00f3n, sociedad y televisi\u00f3n; Dani redacta noticias en Diez Minutos desde 2015, donde ha ganado en los \u00faltimos a\u00f1os una gran experiencia a la hora de escribir sobre todas las novedades de los famosos, reality de televisi\u00f3n como &#8216;Supervivientes&#8217; y &#8216;La isla de las tentaciones&#8217; o series.<br \/>\nLas redes sociales no tienen secretos para \u00e9l, donde se mueve como pez en el agua para encontrar la \u00faltima hora de la vida de los famosos o la pol\u00e9mica m\u00e1s reciente: lo mismo te habla de las Kardashian que de Isabel Pantoja, Beyonc\u00e9, &#8216;S\u00e1lvame&#8217; o de Felipe y Letizia: Realeza, al fin y al cabo, aunque cada uno en lo suyo.<br \/>\nPeriodista 360, a lo Paquita Salas, tampoco tiene l\u00edmite a la hora de escribir sobre temas tan variados como pol\u00edtica o maternidad, o incluso sobre sus aficiones, que pasan por la moda, las \u00faltimas tendencias o la belleza, algo en lo que se especializ\u00f3 tras pasar por la revista S Moda entre 2014 y 2015, donde si ya lleg\u00f3 haci\u00e9ndole &#8216;til\u00edn&#8217; todo ese mundillo, all\u00ed se volvi\u00f3 todo un experto del maquillaje, las cremas o los tratamientos puntuales teros. Un pasatiempo que sigue desarroll\u00e1ndose y que compagina con su trabajo como redactor.<\/p>\n","protected":false},"excerpt":{"rendered":"Alejandra Rubio y Carlo Costanzia protagonizan esta semana la portada de Diez Minutos con sus fotos, en EXCLUSIVA,&hellip;\n","protected":false},"author":2,"featured_media":162637,"comment_status":"","ping_status":"","sticky":false,"template":"","format":"standard","meta":{"footnotes":""},"categories":[174],"tags":[255,253,146,147,25,24,256,23],"class_list":{"0":"post-162636","1":"post","2":"type-post","3":"status-publish","4":"format-standard","5":"has-post-thumbnail","7":"category-famosos","8":"tag-celebrities","9":"tag-discover","10":"tag-entertainment","11":"tag-entretenimiento","12":"tag-es","13":"tag-espana","14":"tag-famosos","15":"tag-spain"},"share_on_mastodon":{"url":"","error":""},"_links":{"self":[{"href":"https:\/\/www.europesays.com\/es\/wp-json\/wp\/v2\/posts\/162636","targetHints":{"allow":["GET"]}}],"collection":[{"href":"https:\/\/www.europesays.com\/es\/wp-json\/wp\/v2\/posts"}],"about":[{"href":"https:\/\/www.europesays.com\/es\/wp-json\/wp\/v2\/types\/post"}],"author":[{"embeddable":true,"href":"https:\/\/www.europesays.com\/es\/wp-json\/wp\/v2\/users\/2"}],"replies":[{"embeddable":true,"href":"https:\/\/www.europesays.com\/es\/wp-json\/wp\/v2\/comments?post=162636"}],"version-history":[{"count":0,"href":"https:\/\/www.europesays.com\/es\/wp-json\/wp\/v2\/posts\/162636\/revisions"}],"wp:featuredmedia":[{"embeddable":true,"href":"https:\/\/www.europesays.com\/es\/wp-json\/wp\/v2\/media\/162637"}],"wp:attachment":[{"href":"https:\/\/www.europesays.com\/es\/wp-json\/wp\/v2\/media?parent=162636"}],"wp:term":[{"taxonomy":"category","embeddable":true,"href":"https:\/\/www.europesays.com\/es\/wp-json\/wp\/v2\/categories?post=162636"},{"taxonomy":"post_tag","embeddable":true,"href":"https:\/\/www.europesays.com\/es\/wp-json\/wp\/v2\/tags?post=162636"}],"curies":[{"name":"wp","href":"https:\/\/api.w.org\/{rel}","templated":true}]}}