{"id":162650,"date":"2025-10-08T10:50:10","date_gmt":"2025-10-08T10:50:10","guid":{"rendered":"https:\/\/www.europesays.com\/es\/162650\/"},"modified":"2025-10-08T10:50:10","modified_gmt":"2025-10-08T10:50:10","slug":"primark-alcanzo-una-facturacion-de-1855-millones-de-euros-en-espana-en-2024-pese-a-una-ralentizacion-del-crecimiento","status":"publish","type":"post","link":"https:\/\/www.europesays.com\/es\/162650\/","title":{"rendered":"Primark alcanz\u00f3 una facturaci\u00f3n de 1855 millones de euros en Espa\u00f1a en 2024 pese a una ralentizaci\u00f3n del crecimiento"},"content":{"rendered":"<p>\n                                    <b>Publicado el<\/b><br \/>\n                                    <\/p>\n<p>                                        8 de octubre de 2025<\/p>\n<p class=\"article-content col-md-8 offset-md-1\">\n                                La cadena irlandesa de moda r\u00e1pida contin\u00faa reforzando su posicionamiento en el mercado espa\u00f1ol. <a class=\"fnwAddLinks\" href=\"https:\/\/es.fashionnetwork.com\/tags-primark\" title=\"Primark\" rel=\"nofollow noopener\" target=\"_blank\">Primark<\/a> cerr\u00f3 su ejercicio 2024 con una cifra de negocio de 1885 millones de euros en Espa\u00f1a, seg\u00fan consta en las cuentas anuales que Primark Tiendas SL ha registrado en el Registro Mercantil. Esta cifra representa un incremento del 3,7 % frente al a\u00f1o fiscal anterior, marcando un nuevo m\u00e1ximo hist\u00f3rico en el pa\u00eds. No obstante, el incremento registrado ha sido el m\u00e1s moderado desde la pandemia, reflejando cierta desaceleraci\u00f3n frente al crecimiento de a\u00f1os anteriores, tal y como informa el diario econ\u00f3mico Cinco D\u00edas.<\/p>\n<p><img decoding=\"async\" class=\"news-image\" style=\"width:100%;\" src=\"https:\/\/www.europesays.com\/es\/wp-content\/uploads\/2025\/10\/6784.jpg\" alt=\"Exterior de una de las tiendas de la cadena irlandesa\" loading=\"lazy\"\/>Exterior de una de las tiendas de la cadena irlandesa &#8211; Fotografia: Primark<\/p>\n<p class=\"col-md-8 offset-md-1 article-content--texte\">En cuanto al beneficio neto, la filial espa\u00f1ola concluy\u00f3 el ejercicio con una ganancia de 40,3 millones de euros, un 4 % m\u00e1s que en el a\u00f1o fiscal anterior, a pesar de un descenso en el resultado de explotaci\u00f3n, que cay\u00f3 un 9 % debido, principalmente, al incremento de los pagos ligados al contrato de franquicia que mantiene con su matriz en Irlanda.\u00a0<\/p>\n<p>La mayor parte de los ingresos provinieron de las ventas en tiendas f\u00edsicas, que crecieron un 7,2 % y alcanzaron los 1576 millones de euros. Una evoluci\u00f3n que, no obstante, contrasta con el incremento del 14,4 % registrado en 2023. En paralelo, las ventas realizadas a otras empresas del grupo, con destino principalmente a Irlanda, experimentaron una ca\u00edda cercana al 13 %. Teniendo en cuenta \u00fanicamente las ventas generadas en los puntos de venta, el margen bruto fue del 31,1 %, diez puntos por encima del ejercicio anterior.<\/p>\n<p class=\"col-md-8 offset-md-1 article-content--texte\">M\u00e1s all\u00e1 de la ralentizaci\u00f3n de sus ventas, el ejercicio estuvo marcado tambi\u00e9n por el desarrollo de su plan de expansi\u00f3n en el mercado espa\u00f1ol. A lo largo del a\u00f1o fiscal, Primark puso en marcha seis nuevos establecimientos, cuatro de ellos en la Comunidad de Madrid y dos m\u00e1s en Melilla y Lorca. En el ejercicio en curso, Primark contin\u00faa apostando por esta palanca de crecimiento, con aperturas notables como sus tiendas en los centros comerciales <a href=\"https:\/\/es.fashionnetwork.com\/news\/Primark-prepara-la-apertura-de-su-segunda-tienda-en-zaragoza,1746102.html\" rel=\"nofollow noopener\" target=\"_blank\">Grancasa de Zaragoza<\/a> y <a href=\"https:\/\/es.fashionnetwork.com\/news\/Primark-se-fortalece-en-espana-con-un-nuevo-establecimiento-en-lugo,1720348.html\" rel=\"nofollow noopener\" target=\"_blank\">As Termas de Lugo<\/a>, fortaleciendo su capilaridad en el territorio nacional. En total, la cadena cuenta actualmente con 66 tiendas propias en Espa\u00f1a y una plantilla que supera ya los 7000 empleados.<\/p>\n<p>Fundada en Dubl\u00edn en 1969 bajo el nombre original de Penneys, Primark forma parte del grupo brit\u00e1nico <a class=\"fnwAddLinks\" href=\"https:\/\/es.fashionnetwork.com\/tags-associated-british-foods\" title=\"Associated British Foods\" rel=\"nofollow noopener\" target=\"_blank\">Associated British Foods<\/a>. A nivel global, la firma opera m\u00e1s de 460 tiendas repartidas en 17 pa\u00edses de Europa y Estados Unidos. De cara al futuro, la compa\u00f1\u00eda mantiene su estrategia de crecimiento basada en la expansi\u00f3n de su red comercial, con el objetivo de alcanzar los 530 puntos de venta a escala internacional en 2026.\n                            <\/p>\n<p>\n                                Copyright \u00a9 2025 FashionNetwork.com Todos los derechos reservados.\n                            <\/p>\n","protected":false},"excerpt":{"rendered":"Publicado el 8 de octubre de 2025 La cadena irlandesa de moda r\u00e1pida contin\u00faa reforzando su posicionamiento en&hellip;\n","protected":false},"author":2,"featured_media":162651,"comment_status":"","ping_status":"","sticky":false,"template":"","format":"standard","meta":{"footnotes":""},"categories":[80],"tags":[48141,3451,82,95,94,5509,25,24,1531,1023,22595,489,16600,35618,23,3902],"class_list":{"0":"post-162650","1":"post","2":"type-post","3":"status-publish","4":"format-standard","5":"has-post-thumbnail","7":"category-economia","8":"tag-associated-british-foods","9":"tag-belleza","10":"tag-business","11":"tag-economia","12":"tag-economy","13":"tag-empleo","14":"tag-es","15":"tag-espana","16":"tag-lujo","17":"tag-moda","18":"tag-perfume","19":"tag-primark","20":"tag-profesionales","21":"tag-red-de-contactos","22":"tag-spain","23":"tag-textil"},"share_on_mastodon":{"url":"","error":""},"_links":{"self":[{"href":"https:\/\/www.europesays.com\/es\/wp-json\/wp\/v2\/posts\/162650","targetHints":{"allow":["GET"]}}],"collection":[{"href":"https:\/\/www.europesays.com\/es\/wp-json\/wp\/v2\/posts"}],"about":[{"href":"https:\/\/www.europesays.com\/es\/wp-json\/wp\/v2\/types\/post"}],"author":[{"embeddable":true,"href":"https:\/\/www.europesays.com\/es\/wp-json\/wp\/v2\/users\/2"}],"replies":[{"embeddable":true,"href":"https:\/\/www.europesays.com\/es\/wp-json\/wp\/v2\/comments?post=162650"}],"version-history":[{"count":0,"href":"https:\/\/www.europesays.com\/es\/wp-json\/wp\/v2\/posts\/162650\/revisions"}],"wp:featuredmedia":[{"embeddable":true,"href":"https:\/\/www.europesays.com\/es\/wp-json\/wp\/v2\/media\/162651"}],"wp:attachment":[{"href":"https:\/\/www.europesays.com\/es\/wp-json\/wp\/v2\/media?parent=162650"}],"wp:term":[{"taxonomy":"category","embeddable":true,"href":"https:\/\/www.europesays.com\/es\/wp-json\/wp\/v2\/categories?post=162650"},{"taxonomy":"post_tag","embeddable":true,"href":"https:\/\/www.europesays.com\/es\/wp-json\/wp\/v2\/tags?post=162650"}],"curies":[{"name":"wp","href":"https:\/\/api.w.org\/{rel}","templated":true}]}}