{"id":162656,"date":"2025-10-08T10:53:16","date_gmt":"2025-10-08T10:53:16","guid":{"rendered":"https:\/\/www.europesays.com\/es\/162656\/"},"modified":"2025-10-08T10:53:16","modified_gmt":"2025-10-08T10:53:16","slug":"las-galerias-subterraneas-del-torreon-vuelven-a-abrirse-al-publico","status":"publish","type":"post","link":"https:\/\/www.europesays.com\/es\/162656\/","title":{"rendered":"Las galer\u00edas subterr\u00e1neas del Torre\u00f3n vuelven a abrirse al p\u00fablico"},"content":{"rendered":"<dl class=\"article-info\">\n<dt class=\"article-info-term\"\/>\n<dd class=\"parent-category-name\">\n\t\t\t\t\t\t\t\t\t\t\t\t\t\t\t\t<a href=\"https:\/\/www.ciudadreal.es\/noticias\/zona-de-prensa.html\" rel=\"nofollow noopener\" target=\"_blank\">Noticias<\/a>\t\t\t\t\t\t\t\t\t\t\t\t\t\t&gt;<br \/>\n\t\t\t\t\t\t\t\t\t\t\t\t\t\t\t\t<a href=\"https:\/\/www.ciudadreal.es\/noticias\/turismo.html\" rel=\"nofollow noopener\" target=\"_blank\">Turismo<\/a>\t\t\t\t\t\t\t\t\t\t\t\t\t\t\t\t<\/dd>\n<dd class=\"published\">\n\t\t\t\t\t Publicado: 08 Octubre 2025\t\t\t\t<\/dd>\n<\/dl>\n<p>\t\t\t<a class=\"modal thumbnail\" href=\"https:\/\/www.europesays.com\/es\/wp-content\/uploads\/2025\/10\/Visita_galer\u00eda1.jpg\"><img decoding=\"async\" src=\"https:\/\/www.europesays.com\/es\/wp-content\/uploads\/2025\/10\/Visita_galer\u00eda1.jpg\" alt=\"\"\/><\/a><\/p>\n<p>Tras la intervenci\u00f3n que ha realizado el Ayuntamiento de Ciudad Real para solucionar el problema de humedades que oblig\u00f3 a su cierre, la concejal\u00eda de Turismo va a volver a reactivar las visitas guiadas a las galer\u00edas subterr\u00e1neas del Torre\u00f3n a lo largo de este mes de octubre. El alcalde, Francisco Ca\u00f1izares, ha recorrido hoy el hist\u00f3rico espacio<\/p>\n<p>Las galer\u00edas subterr\u00e1neas del Torre\u00f3n volver\u00e1n a abrirse al p\u00fablico en las pr\u00f3ximas semanas. La concejal de Turismo ha anunciado la puesta en marcha de visitas guiadas durante este mes de octubre tras la intervenci\u00f3n acometida por el Ayuntamiento de Ciudad Real para dar soluci\u00f3n al problema de humedades que hab\u00eda llevado a su cierre. Cristina Gal\u00e1n ha acompa\u00f1ado hoy al alcalde de Ciudad Real, Francisco Ca\u00f1izares, y a gu\u00edas tur\u00edsticos de la ciudad en un recorrido por las galer\u00edas para comprobar el estado en el que se encuentran tras las obras de rehabilitaci\u00f3n acometidas, que contaron con un presupuesto de alrededor de 60.000 euros.<\/p>\n<p>Cristina Gal\u00e1n ha asegurado que la ciudad est\u00e1 de \u201cenhorabuena\u201d. Se trata, ha dicho \u201cde un recurso tur\u00edstico muy importante\u201d y m\u00e1s despu\u00e9s de que la UNESCO declarara como parte de la Red Mundial de Geoparques al Geoparque \u201cVolcanes de Calatrava. Ciudad Real\u201d. Por ello, ha afirmado que \u201cera imprescindible que la reapertura se hiciera cuanto antes\u201d puesto que es algo \u201cmuy demandado por los ciudadanos y por los gu\u00edas tur\u00edsticos que sabemos que disfrutan de este recurso ense\u00f1\u00e1ndolo\u201d.<\/p>\n<p>Precisamente, como portavoz de los gu\u00edas tur\u00edsticos ha hablado Cristina S\u00e1nchez para recordar el valor hist\u00f3rico y geol\u00f3gico que tienen las galer\u00edas subterr\u00e1neas del Torre\u00f3n y el gran \u201cinter\u00e9s que tienen los ciudadanos en poder conocerlas\u201d.<\/p>\n<p>El origen y la funcionalidad inicial de las galer\u00edas se desconoce, aunque podr\u00edan haberse utilizado como bodegas o almacenes. Se accede a ellas por medio de una escalinata de acero que finaliza en el primer nivel de la galer\u00eda principal desde la que surgen otras dos (a ambos lados) y otra m\u00e1s que baja a un nivel inferior. La galer\u00eda principal tiene unas dimensiones de 11,5 metros de largo, 2 metros de ancho y una altura de tres metros en el extremo superior. Poseen dos arcos de medio punto de ladrillo que refuerzan la entrada a las galer\u00edas que se abren a los dos lados del pasillo.<\/p>\n<p>Una de las galer\u00edas, que se ha ampliado en 3 metros con esta intervenci\u00f3n, tiene una longitud de 5 metros desde el arco de entrada. La otra cuenta con 15 metros de longitud y su ancho var\u00eda seg\u00fan el tramo. Al final del extremo inferior de la galer\u00eda se document\u00f3 un espacio cuadrangular que servir\u00eda de distribuidor a otros corredores desaparecidos.<\/p>\n","protected":false},"excerpt":{"rendered":"Noticias &gt; Turismo Publicado: 08 Octubre 2025 Tras la intervenci\u00f3n que ha realizado el Ayuntamiento de Ciudad Real&hellip;\n","protected":false},"author":2,"featured_media":162657,"comment_status":"","ping_status":"","sticky":false,"template":"","format":"standard","meta":{"footnotes":""},"categories":[5],"tags":[4071,1250,17,18,777,1940,5509,25,24,13,14,11,19,20,9,10,15,16,5510,23,12,5067,4664,21,22],"class_list":{"0":"post-162656","1":"post","2":"type-post","3":"status-publish","4":"format-standard","5":"has-post-thumbnail","7":"category-titulares","8":"tag-agenda","9":"tag-ayuntamiento","10":"tag-breaking-news","11":"tag-breakingnews","12":"tag-ciudad","13":"tag-ciudad-real","14":"tag-empleo","15":"tag-es","16":"tag-espana","17":"tag-featured-news","18":"tag-featurednews","19":"tag-headlines","20":"tag-latest-news","21":"tag-latestnews","22":"tag-news","23":"tag-noticias","24":"tag-noticias-destacadas","25":"tag-noticiasdestacadas","26":"tag-promocion-economica","27":"tag-spain","28":"tag-titulares","29":"tag-tramites","30":"tag-turismo","31":"tag-ultimas-noticias","32":"tag-ultimasnoticias"},"share_on_mastodon":{"url":"","error":""},"_links":{"self":[{"href":"https:\/\/www.europesays.com\/es\/wp-json\/wp\/v2\/posts\/162656","targetHints":{"allow":["GET"]}}],"collection":[{"href":"https:\/\/www.europesays.com\/es\/wp-json\/wp\/v2\/posts"}],"about":[{"href":"https:\/\/www.europesays.com\/es\/wp-json\/wp\/v2\/types\/post"}],"author":[{"embeddable":true,"href":"https:\/\/www.europesays.com\/es\/wp-json\/wp\/v2\/users\/2"}],"replies":[{"embeddable":true,"href":"https:\/\/www.europesays.com\/es\/wp-json\/wp\/v2\/comments?post=162656"}],"version-history":[{"count":0,"href":"https:\/\/www.europesays.com\/es\/wp-json\/wp\/v2\/posts\/162656\/revisions"}],"wp:featuredmedia":[{"embeddable":true,"href":"https:\/\/www.europesays.com\/es\/wp-json\/wp\/v2\/media\/162657"}],"wp:attachment":[{"href":"https:\/\/www.europesays.com\/es\/wp-json\/wp\/v2\/media?parent=162656"}],"wp:term":[{"taxonomy":"category","embeddable":true,"href":"https:\/\/www.europesays.com\/es\/wp-json\/wp\/v2\/categories?post=162656"},{"taxonomy":"post_tag","embeddable":true,"href":"https:\/\/www.europesays.com\/es\/wp-json\/wp\/v2\/tags?post=162656"}],"curies":[{"name":"wp","href":"https:\/\/api.w.org\/{rel}","templated":true}]}}