{"id":162658,"date":"2025-10-08T10:54:10","date_gmt":"2025-10-08T10:54:10","guid":{"rendered":"https:\/\/www.europesays.com\/es\/162658\/"},"modified":"2025-10-08T10:54:10","modified_gmt":"2025-10-08T10:54:10","slug":"el-segundo-intento-de-nerea-patino","status":"publish","type":"post","link":"https:\/\/www.europesays.com\/es\/162658\/","title":{"rendered":"El segundo intento de Nerea Pati\u00f1o"},"content":{"rendered":"<p class=\"paragraph-atom &#10;        B-500-300-700-N B-550-300-700-N--md  \">Segunda temporada que, realmente, se presenta como la primera para la viguesa <strong>Nerea Pati\u00f1o con el Aula Valladolid.<\/strong> El pasado curso, la primera l\u00ednea e internacional en las categor\u00edas inferiores de Espa\u00f1a cambi\u00f3 el <strong>Carballal <\/strong>por la formaci\u00f3n pucelana y apenas tuvo dos meses de competici\u00f3n porque se quebr\u00f3 el ligamento cruzado de su rodilla izquierda. \u201cFueron casi 11 meses sin jugar\u201d, admite la deportista, que suma dos encuentros en la presente<a href=\"https:\/\/www.atlantico.net\/temas\/balonmano\/\" rel=\"nofollow noopener\" target=\"_blank\"> Divisi\u00f3n de Honor. <\/a><\/p>\n<p class=\"paragraph-atom &#10;        B-500-300-700-N B-550-300-700-N--md  \">\u201cCreo que disput\u00e9 seis partidos de liga y la eliminatoria europea antes de la lesi\u00f3n\u201d, indica la ol\u00edvica. Debido a ello, a sus 19 a\u00f1os, admite que \u201cno me dio tiempo ni para adaptarme a la categor\u00eda y me lo tomar\u00e9 como un a\u00f1o para adaptarme al m\u00e1ximo. Tengo muchas <strong>ganas de disfrutar<\/strong>, de una vez por todas, del equipo y de Divisi\u00f3n de Honor\u201d. Si toda dolencia de larga duraci\u00f3n es complicada para una deportista, lo es un poco m\u00e1s cuando llega en el primer a\u00f1o fuera de casa e iniciando los estudios. Muchos cambios y curvas deportivas. \u201cEstuve 11 meses sin jugar a balonmano, que es lo que m\u00e1s me gusta hacer. S\u00ed que es verdad que se hizo largo. Hubo muchos momentos en los que parec\u00eda no avanzar, que me quedaba bloqueada en el mismo sitio, y son los instantes en los que tienes que tener m\u00e1s la cabeza fr\u00eda. Tengo que dar las gracias al preparador f\u00edsico y a la fisio, que siempre estuvieron conmigo para guiarme. Tambi\u00e9n a las compa\u00f1eras, que me animaron mucho, y al cuerpo t\u00e9cnico, que <strong>siempre mostr\u00f3 confianza en m\u00ed y en el proceso. <\/strong>Dentro de lo malo, el equipo me lo hizo mucho m\u00e1s f\u00e1cil\u00bb, expres\u00f3 la viguesa. <\/p>\n<p class=\"paragraph-atom &#10;        B-500-300-700-N B-550-300-700-N--md  \">Por si la situaci\u00f3n personal no es suficientemente compleja, en el Aula Valladolid se une la circunstancia de que el cambio de campa\u00f1a conllev\u00f3 una notable modificaci\u00f3n en la plantilla. Poco queda del conjunto de la temporada anterior. \u201cDel equipo con m\u00e1s minutos, la portera y dos jugadoras\u201d, relata Pati\u00f1o. Esto significa que \u201cel resto son nuevas y muchas j\u00f3venes. Tengo la suerte de que conozco a algunas de la <strong>selecci\u00f3n espa\u00f1ola y es algo que ayuda.<\/strong> Adem\u00e1s, creo que hay un gran grupo humano y que eso permite avanzar y crecer desde ah\u00ed. La calidad de los entrenamientos est\u00e1 siendo buena y s\u00ed que nos falta encontrar algo de regularidad en los partidos\u201d. <\/p>\n<blockquote class=\"blockquote-atom \">\n<p>                Hab\u00eda momentos en los que se hac\u00eda complicado porque te estancabas, hay que tener la cabeza fr\u00eda\u00bb<\/p>\n<\/blockquote>\n<blockquote class=\"blockquote-atom \">\n<p>                Durante casi 11 meses no pude jugar al balonmano, que es lo que me gusta. Se hizo muy largo\u201d<\/p>\n<\/blockquote>\n<blockquote class=\"blockquote-atom \">\n<p>                Estoy entrando en defensa y buscar\u00e9 crecer a partir de ah\u00ed. Para m\u00ed es un a\u00f1o de adaptaci\u00f3n\u00bb<br \/>\n                    \u2014 Nerea Pati\u00f1o &#8211; Jugadora viguesa del Aula Cultural<\/p>\n<\/blockquote>\n<p class=\"paragraph-atom &#10;        B-500-300-700-N B-550-300-700-N--md  \">En el caso de la jugadora viguesa, la incorporaci\u00f3n al equipo es progresiva porque \u201csab\u00eda que en agosto no iba a estar al 100% con el equipo, pero un d\u00eda te dejan hacer la mitad del entreno y yo ya quer\u00eda hacerlo entero porque me ve\u00eda bien al no haber molestias\u201d, <strong>comenta Nerea Pati\u00f1o<\/strong>. Son los instantes en los que hay que saber parar. Tuvo muchos en una recuperaci\u00f3n de hasta diez meses. \u201cCuando comienzas a correr, s\u00ed que la fisio te dice: \u201cest\u00e1 muy bien, pero cabeza porque es un momento cr\u00edtico\u201d. Y, cuando comienzo a pisar la pista, es igual. No hice la pretemporada con el equipo, pero s\u00ed que hac\u00eda parte del trabajo y ah\u00ed s\u00ed que la fisio y la preparadora f\u00edsica ten\u00edan que estar encima para que no me acelerase. Hab\u00eda momentos que costaba pararse, <strong>pero siempre hab\u00eda alguien para record\u00e1rmelo\u201d, <\/strong>describe la viguesa con claridad. Son m\u00faltiples los aspectos que influyen en una recuperaci\u00f3n total de una rodilla da\u00f1ada y un poco m\u00e1s cuando los plazos se alargan m\u00e1s de lo planificado o habitual. <\/p>\n<p class=\"paragraph-atom &#10;        B-500-300-700-N B-550-300-700-N--md  \">En todo caso, Nerea Pati\u00f1o ya est\u00e1 de regreso y, por el momento, lo hace desde la presencia en defensa. \u201cEspero crecer desde mi aportaci\u00f3n defensiva. Ahora, tengo dos semanas sin partidos para entrenar y poder acercarme m\u00e1s al tono de mis compa\u00f1eras\u201d, admite la viguesa que, en el d\u00eda a s\u00ed, s\u00ed que hace <strong>\u201ctodo el entrenamiento, tanto atr\u00e1s como en el ataque\u201d. <\/strong><\/p>\n<p class=\"paragraph-atom &#10;        B-500-300-700-N B-550-300-700-N--md  \">De hecho, la central ol\u00edvica siempre dio rendimiento en la parcela ofensiva, pero destac\u00f3 en su trayectoria por ser una central con notable proyecci\u00f3n debido a la capacidad de direcci\u00f3n y tambi\u00e9n de lanzamiento gracias a un notable f\u00edsico. Por ello, el Aula Valladolid apost\u00f3 por ella para integrarla directamente al primer equipo al llegar a la edad s\u00e9nior. <\/p>\n<p class=\"paragraph-atom &#10;        B-500-300-700-N B-550-300-700-N--md  \">El crecimiento se vio parado por esa inoportuna lesi\u00f3n <strong>de la rodilla izquierda y Nera Pati\u00f1o<\/strong> ahora se encuentra en el reinicio tras un notable trabajo y el habitual sufrimiento en la grada. \u201cSe pasa muy mal, especialmente en los partidos europeos o en los de \u2018play-off\u2019. Me sorprend\u00eda porque me sal\u00eda el instinto de ir a por alg\u00fan bal\u00f3n\u201d, relata. Con su juventud, le quedan muchos por atrapar y distribuir mientras compagina el balonmano con los estudios de enfermer\u00eda. \u201cVoy a clase de ma\u00f1ana, despu\u00e9s hago la sesi\u00f3n de gimnasio y vuelvo a la universidad de 16:00 a 18:00 antes de la sesi\u00f3n de pista. Al menos, estoy a diez minutos andando de clase\u201d, explica Nerea Pati\u00f1o. Una rutina algo estresante.<\/p>\n","protected":false},"excerpt":{"rendered":"Segunda temporada que, realmente, se presenta como la primera para la viguesa Nerea Pati\u00f1o con el Aula Valladolid.&hellip;\n","protected":false},"author":2,"featured_media":162659,"comment_status":"","ping_status":"","sticky":false,"template":"","format":"standard","meta":{"footnotes":""},"categories":[278],"tags":[376,168,25,24,375,1509,8014,1566,23,167],"class_list":{"0":"post-162658","1":"post","2":"type-post","3":"status-publish","4":"format-standard","5":"has-post-thumbnail","7":"category-balonmano","8":"tag-balonmano","9":"tag-deportes","10":"tag-es","11":"tag-espana","12":"tag-handball","13":"tag-nerea","14":"tag-patino","15":"tag-segundo","16":"tag-spain","17":"tag-sports"},"share_on_mastodon":{"url":"","error":""},"_links":{"self":[{"href":"https:\/\/www.europesays.com\/es\/wp-json\/wp\/v2\/posts\/162658","targetHints":{"allow":["GET"]}}],"collection":[{"href":"https:\/\/www.europesays.com\/es\/wp-json\/wp\/v2\/posts"}],"about":[{"href":"https:\/\/www.europesays.com\/es\/wp-json\/wp\/v2\/types\/post"}],"author":[{"embeddable":true,"href":"https:\/\/www.europesays.com\/es\/wp-json\/wp\/v2\/users\/2"}],"replies":[{"embeddable":true,"href":"https:\/\/www.europesays.com\/es\/wp-json\/wp\/v2\/comments?post=162658"}],"version-history":[{"count":0,"href":"https:\/\/www.europesays.com\/es\/wp-json\/wp\/v2\/posts\/162658\/revisions"}],"wp:featuredmedia":[{"embeddable":true,"href":"https:\/\/www.europesays.com\/es\/wp-json\/wp\/v2\/media\/162659"}],"wp:attachment":[{"href":"https:\/\/www.europesays.com\/es\/wp-json\/wp\/v2\/media?parent=162658"}],"wp:term":[{"taxonomy":"category","embeddable":true,"href":"https:\/\/www.europesays.com\/es\/wp-json\/wp\/v2\/categories?post=162658"},{"taxonomy":"post_tag","embeddable":true,"href":"https:\/\/www.europesays.com\/es\/wp-json\/wp\/v2\/tags?post=162658"}],"curies":[{"name":"wp","href":"https:\/\/api.w.org\/{rel}","templated":true}]}}