{"id":162660,"date":"2025-10-08T10:55:04","date_gmt":"2025-10-08T10:55:04","guid":{"rendered":"https:\/\/www.europesays.com\/es\/162660\/"},"modified":"2025-10-08T10:55:04","modified_gmt":"2025-10-08T10:55:04","slug":"la-serie-espanola-sobre-la-tauromaquia-protagonizada-por-oscar-jaenada-que-llega-hoy-a-las-plataformas-donde-ver-la-suerte","status":"publish","type":"post","link":"https:\/\/www.europesays.com\/es\/162660\/","title":{"rendered":"La serie espa\u00f1ola sobre la tauromaquia protagonizada por \u00d3scar Jaenada que llega hoy a las plataformas: d\u00f3nde ver &#8216;La suerte&#8217;"},"content":{"rendered":"<p style=\"\">Despu\u00e9s de que en 2024 la pel\u00edcula <a href=\"https:\/\/www.abc.es\/cultura\/toros\/sevilla\/sobre-pelicula-momento-tardes-soledad-dialogo-intimo-20250310122038-nts.html\" title=\"www.abc.es\" data-voc-vtm-id=\"in-text-traffic\" data-mrf-link=\"www.abc.es\" rel=\"nofollow noopener\" target=\"_blank\">&#8216;Tardes de Soledad&#8217;<\/a> de Albert Serra triunfara en el Festival de San Sebasti\u00e1n alz\u00e1ndose con la Concha de Oro, la tauromaquia vuelve a ser la protagonista de durante estos d\u00edas de los estrenos de la semana.<\/p>\n<p style=\"\">Lo  &#8230; hace desde otro prisma. La cinta de Serra retrata la experiencia \u00edntima del toreo, el arte y la fiesta a trav\u00e9s de Andr\u00e9s Roca Rey. Sin embargo, <strong>&#8216;La Suerte&#8217;<\/strong>, serie que se estrena este mi\u00e9rcole<strong>s, se aproxima a la tauromaquia desde el humor y la amistad<\/strong> y con todo lo que puede llegar a torear al torero, pero sin mostrar una corrida en la plaza.<\/p>\n<p>\nLa trama de &#8216;La Suerte&#8217;\n<\/p>\n<p class=\"voc-p\" style=\"\">Dirigida por Paco Plaza y Pablo Guerrero, esta serie que llega a la plataforma de &#8216;streaming&#8217; <strong>habla m\u00e1s bien sobre las \u00abcausalidades\u00bb<\/strong> y as\u00ed se deja claro tambi\u00e9n en el t\u00edtulo: &#8216;La Suerte. Una serie de casualidades&#8217;.<\/p>\n<p class=\"voc-p\" style=\"\">En ella, <strong>David es un opositor<\/strong> que durante las noches trabaja como taxista ocasional. Sin embargo, un d\u00eda se sube en su coche <strong>&#8216;Maestro&#8217;, un veterano torero<\/strong>, a quien debe llevar a contrarreloj al hospital. Ah\u00ed cambiar\u00e1 su vida, ya que ser\u00e1 contratado por el matador como ch\u00f3fer privado acomp\u00f1\u00e1ndolo por sus eventos a lo largo de Espa\u00f1a.<\/p>\n<p class=\"voc-p\" style=\"\">Se convierte en el amuleto de la cuadrilla y de un Maestro que pese a su prestigio est\u00e1 de \u00abcapa ca\u00edda\u00bb. Durante el proceso se descubir\u00e1 entonces un mundo para \u00e9l desconocido. \u00abAunque <strong>David y Maestro pertenecen a mundos distintos, ambos descubrir\u00e1n que tienen m\u00e1s cosas en com\u00fan de lo que inicialmente pudieron imaginar\u00bb<\/strong>, resume la sinopsis de la nueva serie.<\/p>\n<p>\nD\u00f3nde ver &#8216;La Suerte&#8217;\n<\/p>\n<p class=\"voc-p\" style=\"\">&#8216;La Suerte. Una serie de casualidades&#8217; <strong>llega en exclusiva este mi\u00e9rcoles 8 de octubre a &#8216;Disney+&#8217;<\/strong>. El reparto lo lideran \u00d3scar Jaenada, en el papel de Maestro, y Ricardo G\u00f3mez, que se mete en la piel del ch\u00f3fer David.<\/p>\n<p class=\"voc-p\" style=\"\">Junto a ellos, completan el reparto Carlos Bernardino, \u00d3scar Higares, Pedro Bachura, Jason Fern\u00e1ndez, \u00d3scar Reyes, Almudena Amor, Almudena Cid, Diana Pe\u00f1alver, Aira Bedmar o Manuel Mor\u00f3n.<\/p>\n","protected":false},"excerpt":{"rendered":"Despu\u00e9s de que en 2024 la pel\u00edcula &#8216;Tardes de Soledad&#8217; de Albert Serra triunfara en el Festival de&hellip;\n","protected":false},"author":2,"featured_media":162661,"comment_status":"","ping_status":"","sticky":false,"template":"","format":"standard","meta":{"footnotes":""},"categories":[277],"tags":[373,168,25,24,2501,315,48142,5012,2789,810,10751,156,57,23,167,11057,625,374,809],"class_list":{"0":"post-162660","1":"post","2":"type-post","3":"status-publish","4":"format-standard","5":"has-post-thumbnail","7":"category-toreo","8":"tag-bullfighting","9":"tag-deportes","10":"tag-es","11":"tag-espana","12":"tag-espanola","13":"tag-hoy","14":"tag-jaenada","15":"tag-llega","16":"tag-oscar","17":"tag-plataformas","18":"tag-protagonizada","19":"tag-serie","20":"tag-sobre","21":"tag-spain","22":"tag-sports","23":"tag-suerte","24":"tag-tauromaquia","25":"tag-toreo","26":"tag-ver"},"share_on_mastodon":{"url":"","error":""},"_links":{"self":[{"href":"https:\/\/www.europesays.com\/es\/wp-json\/wp\/v2\/posts\/162660","targetHints":{"allow":["GET"]}}],"collection":[{"href":"https:\/\/www.europesays.com\/es\/wp-json\/wp\/v2\/posts"}],"about":[{"href":"https:\/\/www.europesays.com\/es\/wp-json\/wp\/v2\/types\/post"}],"author":[{"embeddable":true,"href":"https:\/\/www.europesays.com\/es\/wp-json\/wp\/v2\/users\/2"}],"replies":[{"embeddable":true,"href":"https:\/\/www.europesays.com\/es\/wp-json\/wp\/v2\/comments?post=162660"}],"version-history":[{"count":0,"href":"https:\/\/www.europesays.com\/es\/wp-json\/wp\/v2\/posts\/162660\/revisions"}],"wp:featuredmedia":[{"embeddable":true,"href":"https:\/\/www.europesays.com\/es\/wp-json\/wp\/v2\/media\/162661"}],"wp:attachment":[{"href":"https:\/\/www.europesays.com\/es\/wp-json\/wp\/v2\/media?parent=162660"}],"wp:term":[{"taxonomy":"category","embeddable":true,"href":"https:\/\/www.europesays.com\/es\/wp-json\/wp\/v2\/categories?post=162660"},{"taxonomy":"post_tag","embeddable":true,"href":"https:\/\/www.europesays.com\/es\/wp-json\/wp\/v2\/tags?post=162660"}],"curies":[{"name":"wp","href":"https:\/\/api.w.org\/{rel}","templated":true}]}}