{"id":162670,"date":"2025-10-08T11:02:07","date_gmt":"2025-10-08T11:02:07","guid":{"rendered":"https:\/\/www.europesays.com\/es\/162670\/"},"modified":"2025-10-08T11:02:07","modified_gmt":"2025-10-08T11:02:07","slug":"debate-en-directo-con-as-sobre-la-situacion-de-lewandowski-manda-tu-pregunta-u-opinion-y-participa-diario-as","status":"publish","type":"post","link":"https:\/\/www.europesays.com\/es\/162670\/","title":{"rendered":"Debate en directo con AS sobre la situaci\u00f3n de Lewandowski: \u00a1manda tu pregunta u opini\u00f3n y participa! &#8211; Diario AS"},"content":{"rendered":"<ol>\n<li><a href=\"https:\/\/news.google.com\/rss\/articles\/CBMiywFBVV95cUxNMWlBSnRBTVB6ZU5NdklldEtUeEdRSDUzelBOekZ4LWNfNDJTYkdOTUtoUnZBNTlmTk5aajBlSmthZU9hS1NTblNEM29WdG81YW9hbWxpUHZCbS1ZRUdZUWFJWnlqOTVNYlBDV0RUT05DcXZRQnhuUVhVeDhrVmpxNzd5SDdxMmxxcFhiNEQwcWN1elowUnlEYnM3bHo1VW9TMWhVRWpYeDZNbEJBNWRSay11S3JmLWVSNzZ0ZjJlZzhONTdSZlRvWUNiONIB3wFBVV95cUxPWWgyUWdKVWFIclgwRmZNSEhzVjZ0dTYzRkVKRTRkUGRaWTBqVzk3VnI3dnU0RjJUSHU3cFVzNC1GWU1mV3R2a2VEdVF6VG5MVGJua2FiU2RLMkdWUXZVcVJfZXlGQmxVcHFtUFE2Q3N0S09HbndybXgyd2RjV0lkS1FQclRxVWVfQnZuZWJMS29ZSTBGUlRCU3VvZHpnV0plS3Nsd0dtdDBMdkpGZzltT2U3RTF2WlhLeHNtMjByQ2Voc2dnSDZ3LWprT2FHbWVoV3BSYUF5YnVUOUZ6NW5R?oc=5\" target=\"_blank\" rel=\"nofollow noopener\">Debate en directo con AS sobre la situaci\u00f3n de Lewandowski: \u00a1manda tu pregunta u opini\u00f3n y participa!<\/a>&nbsp;&nbsp;Diario AS<\/li>\n<li><a href=\"https:\/\/news.google.com\/rss\/articles\/CBMi1wFBVV95cUxPSEZKYzRhVjJQbE5aM0lrVHU1cF9XRE5JWWJKYmFIQi1QSUN1Rmh6ZjNRd0ZJNU55SDhPRk9ndlA1d3kxT2pFNE5vcFpfdFNUTC01SndWT3hSa3dmQWtjVVhmYkZuRFh0cTNTOWRxUVp2VWRwSkFENXpfZkxLQTVnMHF4a3F1RW9oVjdaZTRoaVVTQVVkc2praE5pWW1URURsLWFpTFpfUkpRcDJkYkFIYUtadHE5V0hjMklsXzQ1V2hNc0piWnU5dEVQdHQ0TlVnVmdhT2Vsbw?oc=5\" target=\"_blank\" rel=\"nofollow noopener\">Comunica a Joan Laporta y Deco que su decisi\u00f3n de salir del Bar\u00e7a es innegociable, no renovar\u00e1, s&#8230;<\/a>&nbsp;&nbsp;El Nacional.cat<\/li>\n<li><a href=\"https:\/\/news.google.com\/rss\/articles\/CBMizAFBVV95cUxQdzhSN2M5WDZqRTlWU3QyV1FuVHU1dWNxc184QXVrV0NRbHpJbm5qaGU0TmJ3dEJGeGJxZENkbWJYUGdvSHlVZkRaXzBCZmhtNlJBZVRLX2xoTVRxNklraGUzLUg0ZnBldTZrU3lGclBjZnV3OUJpaTczVVVIMEFRX3l2S0dfYUZydFprbVM1bm9UcWRUVlRydHFBVGR1STdQUldxLVkxaHQ1U0hwSE5jMFBmYmxSRUlKcURWXzF0QWVkOTNyQTNhYmJCbUI?oc=5\" target=\"_blank\" rel=\"nofollow noopener\">Barcelona experiment\u00f3 un puesto de apertura, convencido de futuras conversaciones en enero<\/a>&nbsp;&nbsp;noticiashuesca.com<\/li>\n<li><a href=\"https:\/\/news.google.com\/rss\/articles\/CBMiugFBVV95cUxPZkY3eUhKVDVfR2VMWS02Ni1rYnpyNDM1ZjZCZmxoWHFPLUlucm1wbXdxYmxpLVFlQW9vQ1R2WDFhUzAzT01BeGR3X295dWZzYTVTRE1taDRWcDRTUVFGOFFMbU9FQjBQTWQ5elZTV2VqMUtnUEtrRnVCTVlvdTZDTzZSLXhnS191MDRPUUJBWVBLU1J1NWQwVksxM0VqQTNOcWdYSFhFZGdZY1FEeURpb2hJVTc4Y0tVZWfSAb8BQVVfeXFMT0lvcU4xb0lVcVdzMjZmVnNGbjRlc1ZjZXpIUlpqSDZOZ19JQ3JtTi1jVTdMZy1sUEpna0RqX1dyUHZsQlYyMmFkaExjcTliUVpaeE5JcnZMbEZjU0F2M0kxQTdGczBGTUh0Z2FLX1BELV9RWURVVFZtRkFVSkJ3LUJGUk9WQ3J0WTVaNGpfZno1RmdsNUp4Smg0SWJWVWE0YjVqVUxoNWdqcXVLeDVqZ1BkY3BrUmJudHEzSmY0Qm8?oc=5\" target=\"_blank\" rel=\"nofollow noopener\">Robert Lewandowski conf\u00eda en recuperar su titularidad en el Barcelona \u2013 informes<\/a>&nbsp;&nbsp;Tribuna.com<\/li>\n<li><a href=\"https:\/\/news.google.com\/rss\/articles\/CBMixAFBVV95cUxPMkpjbkRlWFZ1NGNOVXNCd0Z1dDc3VmtqZ3FjX1hYMkNNMlJTcHN5alM2NnUzRTJBZ0Jvdmg1eEZFY3pPa2dMOUJGc2dZcmVmbVlqdkxyNkpBSjBnUDVkZTNLXzBmM1hYOFF3RW9sVnc1SWF2WlliTWxIVldETUY4V0J1TldpNHR1Ml9YUDVadFlCN2F3bnBUN1RiOXl1Sk9Na0hJTEdfR2NNak43M2R2d2VmM0RxVS1GeDl4X0FjZkllckct?oc=5\" target=\"_blank\" rel=\"nofollow noopener\">Lewandowski se ha movido por la espalda para que no juegue contra el PSG<\/a>&nbsp;&nbsp;MSN<\/li>\n<\/ol>\n","protected":false},"excerpt":{"rendered":"Debate en directo con AS sobre la situaci\u00f3n de Lewandowski: \u00a1manda tu pregunta u opini\u00f3n y participa!&nbsp;&nbsp;Diario AS&hellip;\n","protected":false},"author":2,"featured_media":162671,"comment_status":"","ping_status":"","sticky":false,"template":"","format":"standard","meta":{"footnotes":""},"categories":[268],"tags":[168,25,24,280,282,281,23,167],"class_list":{"0":"post-162670","1":"post","2":"type-post","3":"status-publish","4":"format-standard","5":"has-post-thumbnail","7":"category-futbol","8":"tag-deportes","9":"tag-es","10":"tag-espana","11":"tag-football","12":"tag-futbol","13":"tag-soccer","14":"tag-spain","15":"tag-sports"},"share_on_mastodon":{"url":"","error":""},"_links":{"self":[{"href":"https:\/\/www.europesays.com\/es\/wp-json\/wp\/v2\/posts\/162670","targetHints":{"allow":["GET"]}}],"collection":[{"href":"https:\/\/www.europesays.com\/es\/wp-json\/wp\/v2\/posts"}],"about":[{"href":"https:\/\/www.europesays.com\/es\/wp-json\/wp\/v2\/types\/post"}],"author":[{"embeddable":true,"href":"https:\/\/www.europesays.com\/es\/wp-json\/wp\/v2\/users\/2"}],"replies":[{"embeddable":true,"href":"https:\/\/www.europesays.com\/es\/wp-json\/wp\/v2\/comments?post=162670"}],"version-history":[{"count":0,"href":"https:\/\/www.europesays.com\/es\/wp-json\/wp\/v2\/posts\/162670\/revisions"}],"wp:featuredmedia":[{"embeddable":true,"href":"https:\/\/www.europesays.com\/es\/wp-json\/wp\/v2\/media\/162671"}],"wp:attachment":[{"href":"https:\/\/www.europesays.com\/es\/wp-json\/wp\/v2\/media?parent=162670"}],"wp:term":[{"taxonomy":"category","embeddable":true,"href":"https:\/\/www.europesays.com\/es\/wp-json\/wp\/v2\/categories?post=162670"},{"taxonomy":"post_tag","embeddable":true,"href":"https:\/\/www.europesays.com\/es\/wp-json\/wp\/v2\/tags?post=162670"}],"curies":[{"name":"wp","href":"https:\/\/api.w.org\/{rel}","templated":true}]}}