{"id":162698,"date":"2025-10-08T11:18:16","date_gmt":"2025-10-08T11:18:16","guid":{"rendered":"https:\/\/www.europesays.com\/es\/162698\/"},"modified":"2025-10-08T11:18:16","modified_gmt":"2025-10-08T11:18:16","slug":"olga-casado-elegida-como-el-novillero-triunfador-de-la-feria-taurina-virgen-de-la-vega-2025-por-la-asociacion-taurina-de-guijuelo","status":"publish","type":"post","link":"https:\/\/www.europesays.com\/es\/162698\/","title":{"rendered":"Olga Casado, elegida como el \u00abnovillero triunfador\u00bb de la Feria Taurina Virgen de la Vega 2025 por la Asociaci\u00f3n Taurina de Guijuelo"},"content":{"rendered":"<p class=\"paragraph-atom &#10;        A-500-300-700-N A-550-300-700-N--md  \">La novillera madrile\u00f1a Olga Casado ha sido elegida por la Asociaci\u00f3n Taurina de Guijuelo, que le concede su III Premio al Novillero Triunfador de la Feria Taurina Virgen de la Vega 2025.<\/p>\n<p class=\"paragraph-atom &#10;        A-500-300-700-N A-550-300-700-N--md  \">La novillera actu\u00f3 durante la tarde del pasado 12 de septiembre en un festejo mixto en el que altern\u00f3 con Raquel Mart\u00edn y la rejoneadora francesa Lea Vicens. Desde esta asociaci\u00f3n argumentan que la decisi\u00f3n de ser elegida como el \u00abmejor novillero\u00bb fue por una \u00abactuaci\u00f3n de temple y valor que le vali\u00f3 las dos orejas y la salida por la Puerta Grande en una tarde hist\u00f3rica por ser la primera con un cartel \u00edntegramente femenino en los m\u00e1s de 130 a\u00f1os del coso charro\u00bb.<\/p>\n<p class=\"paragraph-atom &#10;        A-500-300-700-N A-550-300-700-N--md  \">El galard\u00f3n ser\u00e1 entregado en el transcurso de la pr\u00f3xima Gala Cultural Taurina, organizada anualmente por la Federaci\u00f3n de Pe\u00f1as Taurinas Helm\u00e1ntica junto con el Ayuntamiento de Salamanca, en la que la Asociaci\u00f3n Taurina de Guijuelo distingue al mejor novillero del ciclo salmantino.<\/p>\n","protected":false},"excerpt":{"rendered":"La novillera madrile\u00f1a Olga Casado ha sido elegida por la Asociaci\u00f3n Taurina de Guijuelo, que le concede su&hellip;\n","protected":false},"author":2,"featured_media":162699,"comment_status":"","ping_status":"","sticky":false,"template":"","format":"standard","meta":{"footnotes":""},"categories":[277],"tags":[373,12691,168,18702,25,24,11161,12690,23,167,374,1168],"class_list":{"0":"post-162698","1":"post","2":"type-post","3":"status-publish","4":"format-standard","5":"has-post-thumbnail","7":"category-toreo","8":"tag-bullfighting","9":"tag-casado","10":"tag-deportes","11":"tag-elegida","12":"tag-es","13":"tag-espana","14":"tag-novillero","15":"tag-olga","16":"tag-spain","17":"tag-sports","18":"tag-toreo","19":"tag-triunfador"},"share_on_mastodon":{"url":"","error":""},"_links":{"self":[{"href":"https:\/\/www.europesays.com\/es\/wp-json\/wp\/v2\/posts\/162698","targetHints":{"allow":["GET"]}}],"collection":[{"href":"https:\/\/www.europesays.com\/es\/wp-json\/wp\/v2\/posts"}],"about":[{"href":"https:\/\/www.europesays.com\/es\/wp-json\/wp\/v2\/types\/post"}],"author":[{"embeddable":true,"href":"https:\/\/www.europesays.com\/es\/wp-json\/wp\/v2\/users\/2"}],"replies":[{"embeddable":true,"href":"https:\/\/www.europesays.com\/es\/wp-json\/wp\/v2\/comments?post=162698"}],"version-history":[{"count":0,"href":"https:\/\/www.europesays.com\/es\/wp-json\/wp\/v2\/posts\/162698\/revisions"}],"wp:featuredmedia":[{"embeddable":true,"href":"https:\/\/www.europesays.com\/es\/wp-json\/wp\/v2\/media\/162699"}],"wp:attachment":[{"href":"https:\/\/www.europesays.com\/es\/wp-json\/wp\/v2\/media?parent=162698"}],"wp:term":[{"taxonomy":"category","embeddable":true,"href":"https:\/\/www.europesays.com\/es\/wp-json\/wp\/v2\/categories?post=162698"},{"taxonomy":"post_tag","embeddable":true,"href":"https:\/\/www.europesays.com\/es\/wp-json\/wp\/v2\/tags?post=162698"}],"curies":[{"name":"wp","href":"https:\/\/api.w.org\/{rel}","templated":true}]}}