{"id":162700,"date":"2025-10-08T11:19:09","date_gmt":"2025-10-08T11:19:09","guid":{"rendered":"https:\/\/www.europesays.com\/es\/162700\/"},"modified":"2025-10-08T11:19:09","modified_gmt":"2025-10-08T11:19:09","slug":"quien-sera-el-primer-triple-campeon-de-la-ufc","status":"publish","type":"post","link":"https:\/\/www.europesays.com\/es\/162700\/","title":{"rendered":"\u00bfQui\u00e9n ser\u00e1 el primer triple campe\u00f3n de la UFC?"},"content":{"rendered":"<p data-mrf-recirculation=\"Links P\u00e1rrafos\" class=\"ue-c-article__paragraph paragraph ue-c-article--first-letter-highlighted\">El pasado s\u00e1bado, <strong>Alex Pereira<\/strong> volvi\u00f3 a recuperar su aura de <strong>superestrella<\/strong> al noquear a Magomed Ankalaev en <strong>80 segundos <\/strong>para volver a tener en sus manos el cintur\u00f3n de peso semipesado de la UFC. Antes del traspi\u00e9s ante el daguestan\u00ed, &#8216;Poatan&#8217; ya ten\u00eda intenci\u00f3n de subir a peso pesado a convertirse en el <strong>primer triple campe\u00f3n<\/strong> de la historia de la compa\u00f1\u00eda, rumor que ha vuelto a aflorar tras su &#8216;vendetta&#8217;.<strong> Ilia Topuria<\/strong> tambi\u00e9n quiere ser el primero en hacerlo, por lo que ahora la duda est\u00e1 en ver qui\u00e9n lo har\u00e1 antes y si la promotora est\u00e1 <strong>de acuerdo.<\/strong><\/p>\n<p data-mrf-recirculation=\"Links P\u00e1rrafos\" class=\"ue-c-article__paragraph paragraph\">En el caso de &#8216;El Matador&#8217;, todo hacer indicar que como m\u00ednimo tendr\u00e1 que realizar primero<strong> una defensa<\/strong> de cintur\u00f3n en el peso ligero. Topuria consigui\u00f3 el t\u00edtulo el pasado junio al<strong> noquear <\/strong>a Charles Oliveira en el primer asalto, y se espera que reaparezca en <strong>pocos meses<\/strong> para enfrentarse a alg\u00fan contendiente. La duda est\u00e1 en saber <strong>qui\u00e9n.<\/strong> Si Tsarukyan vence de manera c\u00f3moda a Hooker en noviembre podr\u00eda ser el siguiente, aunque tambi\u00e9n existe la posibilidad de una pelea contra Paddy Pimblett o <strong>Justin Gaethje.<\/strong><\/p>\n<p data-mrf-recirculation=\"Links P\u00e1rrafos\" class=\"ue-c-article__paragraph paragraph\">Para subir a<strong> peso w\u00e9lter<\/strong> a por el triple cintur\u00f3n, el escenario id\u00f3neo para Ilia seria qu\u00e9<strong> Islam Makhachev<\/strong> consiguiese el cintur\u00f3n de esa categor\u00eda en noviembre ante Jack Della Maddalena. El peleador daguestan\u00ed era el <strong>campe\u00f3n de peso ligero<\/strong> hasta hace unos meses, pero decidi\u00f3 subir de categor\u00eda a por la <strong>doble corona<\/strong>. Topuria y \u00e9l ya tienen cierto beef desde hace tiempo, por lo que un combate entre ambos en las 170 libras se vender\u00eda solo. Al menos habr\u00eda un <strong>motivo de peso<\/strong> para que la UFC dejase a &#8216;El Matador&#8217; cambiar de categor\u00eda.<\/p>\n<p><img decoding=\"async\" width=\"1980\" height=\"1320\" class=\"ue-c-article__image lazyload\" alt=\"Alex Pereira tras recuperar el cintur\u00f3n de peso semipesado ante Magomed Ankalaev.\" loading=\"lazy\" src=\"https:\/\/www.europesays.com\/es\/wp-content\/uploads\/2025\/10\/1759922349_835_68e2081b8da25.jpeg\"\/><\/p>\n<p>Alex Pereira tras recuperar el cintur\u00f3n de peso semipesado ante Magomed Ankalaev.UFC.<\/p>\n<p>Pereira, m\u00e1s cerca<\/p>\n<p data-mrf-recirculation=\"Links P\u00e1rrafos\" class=\"ue-c-article__paragraph paragraph\">La situaci\u00f3n de Alex Pereira es <strong>m\u00e1s favorable<\/strong> que la de Topuria. &#8216;Poatan&#8217; ya conquist\u00f3 el peso medio, ha<strong> arrasado<\/strong> con el peso semipesado, y tiene <strong>pocos rivales<\/strong> en su categor\u00eda que le den motivos para no subir al peso completo. El \u00fanico contendiente real al que todav\u00eda no ha enfrentado <strong>Carlos Ulberg<\/strong>, y no es un combate lo suficiente medi\u00e1tico para la figura que es el brasile\u00f1o. Otra opci\u00f3n ser\u00eda la <strong>trilog\u00eda<\/strong> con Jiri Prochazka, pero ya le ha noqueado en dos ocasiones y la rivalidad no tiene mucha m\u00e1s historia a pesar de las <strong>grandes actuaciones <\/strong>recientes del checo.<\/p>\n<p data-mrf-recirculation=\"Links P\u00e1rrafos\" class=\"ue-c-article__paragraph paragraph\">Por si fuera poco, las <strong>dos mayores superestrellas <\/strong>del peso pesado han visto con buenos ojos una subida de peso del brasile\u00f1o. Antes de retirarse hace unos meses, <strong>Jon Jones<\/strong> afirm\u00f3 que prefer\u00eda un combate contra &#8216;Poatan&#8217; antes que defender el cintur\u00f3n de peso pesado ante <strong>Tom Aspinall. <\/strong>Sin embargo, la UFC le dijo que o enfrentaba al ingl\u00e9s o se tendr\u00eda que retirar, y acab\u00f3 optando por la <strong>segunda opci\u00f3n<\/strong>. Ahora que &#8216;Bones&#8217; quiere volver en la cartelera de la <strong>Casa Blanca<\/strong>, Alex ha mostrado inter\u00e9s en enfrentarse contra \u00e9l aunque no sea por el t\u00edtulo.<\/p>\n<p data-mrf-recirculation=\"Links P\u00e1rrafos\" class=\"ue-c-article__paragraph paragraph\">Tom Aspinall, <strong>actual campe\u00f3n<\/strong> de peso pesado, tambi\u00e9n ha dicho en m\u00e1s de una ocasi\u00f3n que no le importar\u00eda enfrentarse a Pereira, pero lo ha dejado <strong>en manos de la UFC. <\/strong>El peleador ingl\u00e9s intentar\u00e1 realizar su primera defensa en el UFC 321 ante <strong>Ciryl Gane<\/strong>, y en caso de salir victorioso un combate con &#8216;Poatan&#8217; ser\u00eda un <strong>\u00e9xito de ventas. <\/strong>Dana White todav\u00eda no lo ve claro, y el brasile\u00f1o tiene que recuperarse de la <strong>lesi\u00f3n en el pie<\/strong> que sufri\u00f3 el s\u00e1bado, pero est\u00e1 claro que tanto Topuria como \u00e9l tienen todas las papeletas para ser <strong>pioneros<\/strong> en la compa\u00f1\u00eda.\u00a0<\/p>\n","protected":false},"excerpt":{"rendered":"El pasado s\u00e1bado, Alex Pereira volvi\u00f3 a recuperar su aura de superestrella al noquear a Magomed Ankalaev en&hellip;\n","protected":false},"author":2,"featured_media":162701,"comment_status":"","ping_status":"","sticky":false,"template":"","format":"standard","meta":{"footnotes":""},"categories":[276],"tags":[168,25,24,23,167,343],"class_list":{"0":"post-162700","1":"post","2":"type-post","3":"status-publish","4":"format-standard","5":"has-post-thumbnail","7":"category-ufc","8":"tag-deportes","9":"tag-es","10":"tag-espana","11":"tag-spain","12":"tag-sports","13":"tag-ufc"},"share_on_mastodon":{"url":"","error":""},"_links":{"self":[{"href":"https:\/\/www.europesays.com\/es\/wp-json\/wp\/v2\/posts\/162700","targetHints":{"allow":["GET"]}}],"collection":[{"href":"https:\/\/www.europesays.com\/es\/wp-json\/wp\/v2\/posts"}],"about":[{"href":"https:\/\/www.europesays.com\/es\/wp-json\/wp\/v2\/types\/post"}],"author":[{"embeddable":true,"href":"https:\/\/www.europesays.com\/es\/wp-json\/wp\/v2\/users\/2"}],"replies":[{"embeddable":true,"href":"https:\/\/www.europesays.com\/es\/wp-json\/wp\/v2\/comments?post=162700"}],"version-history":[{"count":0,"href":"https:\/\/www.europesays.com\/es\/wp-json\/wp\/v2\/posts\/162700\/revisions"}],"wp:featuredmedia":[{"embeddable":true,"href":"https:\/\/www.europesays.com\/es\/wp-json\/wp\/v2\/media\/162701"}],"wp:attachment":[{"href":"https:\/\/www.europesays.com\/es\/wp-json\/wp\/v2\/media?parent=162700"}],"wp:term":[{"taxonomy":"category","embeddable":true,"href":"https:\/\/www.europesays.com\/es\/wp-json\/wp\/v2\/categories?post=162700"},{"taxonomy":"post_tag","embeddable":true,"href":"https:\/\/www.europesays.com\/es\/wp-json\/wp\/v2\/tags?post=162700"}],"curies":[{"name":"wp","href":"https:\/\/api.w.org\/{rel}","templated":true}]}}