{"id":162704,"date":"2025-10-08T11:22:08","date_gmt":"2025-10-08T11:22:08","guid":{"rendered":"https:\/\/www.europesays.com\/es\/162704\/"},"modified":"2025-10-08T11:22:08","modified_gmt":"2025-10-08T11:22:08","slug":"el-nuevo-proyecto-de-jon-odriozola-toma-forma-a-toda-velocidad","status":"publish","type":"post","link":"https:\/\/www.europesays.com\/es\/162704\/","title":{"rendered":"El nuevo proyecto de Jon Odriozola toma forma a toda velocidad"},"content":{"rendered":"<p>Jon Odriozola es una persona con una extraordinaria trayectoria como ciclista profesional y como manager de un equipo que corri\u00f3 y gan\u00f3 en la Vuelta a Espa\u00f1a. Pero en su nuevo proyecto est\u00e1 apostando por la base y con una idea revolucionaria: la creaci\u00f3n de un centro de alto rendimiento y la consolidaci\u00f3n de una estructura que ofrezca salidas laborales a todos sus corredores.<\/p>\n<p>El proyecto de <strong>Jon Odriozola<\/strong> es todo menos humo. Para empezar, cuenta con un socio muy fuerte desde el punto de vista financiero, pero tambi\u00e9n muy implicado desde el punto de vista empresarial. Hablamos de <strong>Smartlog<\/strong>, una empresa que tiene su sede en el pol\u00edgono de Mugitegi de Urretxu y que est\u00e1 centrada en la log\u00edstica, con planes de desarrollo en pr\u00e1cticamente todo el mundo.<\/p>\n<p>Ahora mismo est\u00e1n construyendo el nuevo centro de innovaci\u00f3n y talento, pieza fundamental en el desarrollo de un proyecto deportivo, pero tambi\u00e9n humano y laboral. Smartlog quiere ofrecer una alternativa real a los j\u00f3venes que combine desarrollo acad\u00e9mico y valores deportivos, con convenios con universidades, centros de formaci\u00f3n profesional\u2026 y por supuesto con un equipo sub-23 para no dejar desatendida ninguna de las dos parcelas: entrenar y competir, pero tambi\u00e9n seguir form\u00e1ndose para tener un futuro fuera de la carretera. Ese nuevo centro ya tiene su esqueleto finalizado, una primera fase dentro de una obra ambiciosa que va a toda velocidad y que <strong>certifica que el proyecto de Jon Odriozola pronto ser\u00e1 una realidad en las carretera, pero tambi\u00e9n en las aulas.<\/strong><\/p>\n","protected":false},"excerpt":{"rendered":"Jon Odriozola es una persona con una extraordinaria trayectoria como ciclista profesional y como manager de un equipo&hellip;\n","protected":false},"author":2,"featured_media":162705,"comment_status":"","ping_status":"","sticky":false,"template":"","format":"standard","meta":{"footnotes":""},"categories":[273],"tags":[313,312,168,25,24,23,167],"class_list":{"0":"post-162704","1":"post","2":"type-post","3":"status-publish","4":"format-standard","5":"has-post-thumbnail","7":"category-ciclismo","8":"tag-ciclismo","9":"tag-cycling","10":"tag-deportes","11":"tag-es","12":"tag-espana","13":"tag-spain","14":"tag-sports"},"share_on_mastodon":{"url":"","error":""},"_links":{"self":[{"href":"https:\/\/www.europesays.com\/es\/wp-json\/wp\/v2\/posts\/162704","targetHints":{"allow":["GET"]}}],"collection":[{"href":"https:\/\/www.europesays.com\/es\/wp-json\/wp\/v2\/posts"}],"about":[{"href":"https:\/\/www.europesays.com\/es\/wp-json\/wp\/v2\/types\/post"}],"author":[{"embeddable":true,"href":"https:\/\/www.europesays.com\/es\/wp-json\/wp\/v2\/users\/2"}],"replies":[{"embeddable":true,"href":"https:\/\/www.europesays.com\/es\/wp-json\/wp\/v2\/comments?post=162704"}],"version-history":[{"count":0,"href":"https:\/\/www.europesays.com\/es\/wp-json\/wp\/v2\/posts\/162704\/revisions"}],"wp:featuredmedia":[{"embeddable":true,"href":"https:\/\/www.europesays.com\/es\/wp-json\/wp\/v2\/media\/162705"}],"wp:attachment":[{"href":"https:\/\/www.europesays.com\/es\/wp-json\/wp\/v2\/media?parent=162704"}],"wp:term":[{"taxonomy":"category","embeddable":true,"href":"https:\/\/www.europesays.com\/es\/wp-json\/wp\/v2\/categories?post=162704"},{"taxonomy":"post_tag","embeddable":true,"href":"https:\/\/www.europesays.com\/es\/wp-json\/wp\/v2\/tags?post=162704"}],"curies":[{"name":"wp","href":"https:\/\/api.w.org\/{rel}","templated":true}]}}