{"id":162710,"date":"2025-10-08T11:25:12","date_gmt":"2025-10-08T11:25:12","guid":{"rendered":"https:\/\/www.europesays.com\/es\/162710\/"},"modified":"2025-10-08T11:25:12","modified_gmt":"2025-10-08T11:25:12","slug":"el-valencia-cf-ira-al-mercado-de-fichajes-de-invierno-para-reforzarse","status":"publish","type":"post","link":"https:\/\/www.europesays.com\/es\/162710\/","title":{"rendered":"El Valencia CF ir\u00e1 al mercado de fichajes de invierno para reforzarse"},"content":{"rendered":"\n<p>M\u00e1s noticias<\/p>\n<p><a class=\"info_masnoticias\" href=\"https:\/\/www.eldesmarque.com\/futbol\/valencia-cf\/\" rel=\"nofollow noopener\" target=\"_blank\"><br \/>\nM\u00e1s de<br \/>\nM\u00e1s noticias de<br \/>\nValencia CF<br \/>\n<\/a><\/p>\n<p>\u00abQueremos devolver al VCF a glorias pasadas. Hay que tener en cuenta que el Nou Mestalla est\u00e1 muy cerca y queremos tener una excelente plantilla para cuando lo podamos inaugurar. <a href=\"https:\/\/www.eldesmarque.com\/futbol\/valencia-cf\/20251006\/ron-gourlay-rueda-prensa-atajar-crisis-valencia-cf-2_300776476.html\" rel=\"nofollow noopener\" target=\"_blank\">Para ello, <strong>solo nos quedan cuatro ventanas<\/strong> en el mercado de fichajes<\/a>. No va a ser nada f\u00e1cil, pero vamos a llegar\u00bb, dec\u00eda <strong>Ron Gourlay<\/strong> confirmando que el Valencia ir\u00e1 al mercado este invierno, la primera de las cuatro ventanas disponibles para firmar jugadores.<\/p>\n<p>A pesar de que se llevan ocho jornadas disputadas, el <strong>Valencia CF<\/strong> ya tiene claro que ir\u00e1 a reforzarse en invierno para seguir apuntalando su plantilla. \u00abEl mercado de verano fue la primera fase. Nos quedan cuatro ventanas de fichajes hasta llegar al Nou Mestalla y <strong>trataremos de aprovecharlas al m\u00e1ximo<\/strong>. Veremos si los futbolistas que queremos est\u00e1n disponibles. El tiempo es oro y la ventana de enero, tambi\u00e9n.\u00bb, dec\u00eda el CEO de f\u00fatbol escoc\u00e9s, al que se la relacionado <a href=\"https:\/\/www.eldesmarque.com\/futbol\/valencia-cf\/20251006\/roger-ibanez-objetivo-mercado-valencia-cf_300775983.html\" rel=\"nofollow noopener\" target=\"_blank\">recientemente con <strong>Roger Iba\u00f1ez<\/strong><\/a> y con la posible <a href=\"https:\/\/www.eldesmarque.com\/futbol\/real-madrid\/20251007\/endrick-salir-cedido-enero-west-ham-valencia-real-sociedad-interesados_300777528.html\" rel=\"nofollow noopener\" target=\"_blank\">cesi\u00f3n de <strong>Endrick<\/strong>, del Real Madrid<\/a>.<\/p>\n<p><img decoding=\"async\" src=\"https:\/\/www.europesays.com\/es\/wp-content\/uploads\/2025\/10\/ron_gourlay_en_rueda_de_prensa_foto_valencia_cf.jpg\" width=\"660\" height=\"428.57\" alt=\"Ron Gourlay en rueda de prensa habl\u00f3 de los fichajes (Foto: Valencia CF)\"\/><br \/>\nRon Gourlay en rueda de prensa habl\u00f3 de los fichajes (Foto: Valencia CF)<\/p>\n<p>El perfil de los fichajes y las posiciones<\/p>\n<p>De nuevo hay que zambullirse en la rueda de prensa de <strong>Ron Gourlay<\/strong> para saber que la opini\u00f3n de <strong>Carlos Corber\u00e1n<\/strong> ser\u00e1 definitiva: \u00abEl objetivo es construir un equipo futuro, siempre acorde con el estilo del entrenador. Estoy muy contento con el trabajo que hicimos en verano\u201d, pero antes matiz\u00f3: \u00abVeremos si los futbolistas que queremos est\u00e1n disponibles\u00bb. Y es que, en invierno es complicado firmar futbolistas ya que el mercado es m\u00e1s escueto y, salvo los que van a acabar contrato, es dif\u00edcil que salgan. A\u00fan as\u00ed, la idea del Valencia parece seg\u00fan Gourlay, sondear perfiles y buscar refuerzos en posiciones como el centro de la zaga o la punta del ataque d\u00f3nde va m\u00e1s escaso de integrantes. Aunque sea, como en el caso de <strong>Umar Sadiq<\/strong>, <strong>Iv\u00e1n Jaime<\/strong> o <strong>Max Aarons<\/strong>, que llegaron cedidos con opciones de compra que, en estos casos, el Valencia no ejecut\u00f3.<\/p>\n<p>Al margen de los fichajes, eso s\u00ed, el club deber\u00e1 ratificar la renovaci\u00f3n de <strong>Luis Rioja<\/strong> (tiene un a\u00f1o m\u00e1s prorrogable por rendimiento y, al paso que va, le sobrar\u00e1n partidos) y <strong>Thierry Rendall<\/strong>. otro de los jugadores que acaban en junio y que el club quiere cerrar su continuidad.<\/p>\n","protected":false},"excerpt":{"rendered":"M\u00e1s noticias M\u00e1s de M\u00e1s noticias de Valencia CF \u00abQueremos devolver al VCF a glorias pasadas. Hay que&hellip;\n","protected":false},"author":2,"featured_media":162711,"comment_status":"","ping_status":"","sticky":false,"template":"","format":"standard","meta":{"footnotes":""},"categories":[268],"tags":[168,25,24,280,282,281,23,167],"class_list":{"0":"post-162710","1":"post","2":"type-post","3":"status-publish","4":"format-standard","5":"has-post-thumbnail","7":"category-futbol","8":"tag-deportes","9":"tag-es","10":"tag-espana","11":"tag-football","12":"tag-futbol","13":"tag-soccer","14":"tag-spain","15":"tag-sports"},"share_on_mastodon":{"url":"","error":""},"_links":{"self":[{"href":"https:\/\/www.europesays.com\/es\/wp-json\/wp\/v2\/posts\/162710","targetHints":{"allow":["GET"]}}],"collection":[{"href":"https:\/\/www.europesays.com\/es\/wp-json\/wp\/v2\/posts"}],"about":[{"href":"https:\/\/www.europesays.com\/es\/wp-json\/wp\/v2\/types\/post"}],"author":[{"embeddable":true,"href":"https:\/\/www.europesays.com\/es\/wp-json\/wp\/v2\/users\/2"}],"replies":[{"embeddable":true,"href":"https:\/\/www.europesays.com\/es\/wp-json\/wp\/v2\/comments?post=162710"}],"version-history":[{"count":0,"href":"https:\/\/www.europesays.com\/es\/wp-json\/wp\/v2\/posts\/162710\/revisions"}],"wp:featuredmedia":[{"embeddable":true,"href":"https:\/\/www.europesays.com\/es\/wp-json\/wp\/v2\/media\/162711"}],"wp:attachment":[{"href":"https:\/\/www.europesays.com\/es\/wp-json\/wp\/v2\/media?parent=162710"}],"wp:term":[{"taxonomy":"category","embeddable":true,"href":"https:\/\/www.europesays.com\/es\/wp-json\/wp\/v2\/categories?post=162710"},{"taxonomy":"post_tag","embeddable":true,"href":"https:\/\/www.europesays.com\/es\/wp-json\/wp\/v2\/tags?post=162710"}],"curies":[{"name":"wp","href":"https:\/\/api.w.org\/{rel}","templated":true}]}}