{"id":162714,"date":"2025-10-08T11:28:08","date_gmt":"2025-10-08T11:28:08","guid":{"rendered":"https:\/\/www.europesays.com\/es\/162714\/"},"modified":"2025-10-08T11:28:08","modified_gmt":"2025-10-08T11:28:08","slug":"isaac-rosa-nieves-concostrina-nativel-preciado-y-kiko-amat-en-la-35-feria-del-libro-de-fuerteventura","status":"publish","type":"post","link":"https:\/\/www.europesays.com\/es\/162714\/","title":{"rendered":"Isaac Rosa, Nieves Concostrina, Nativel Preciado y Kiko Amat en la 35 Feria del Libro de Fuerteventura"},"content":{"rendered":"<p>EIsaac Rosa, Nieves Concostrina, Vicente Vall\u00e9s, Blanca Lacasa, Kiko Amat, Agust\u00edn Fern\u00e1ndez Mallo y Nativel Preciado son algunos de los autores que participan en la 35 edici\u00f3n de la Feria del Libro de Fuerteventura que se celebra del 23 al 26 de octubre en la Plaza del Palacio de Formaci\u00f3n y Congresos de la Isla.<\/p>\n<p>Hoy se ha presentado en rueda de prensa la 35 edici\u00f3n de la Feria, un festival cultural que re\u00fane durante cuatro d\u00edas a autores, libreros, editores y lectores. La presidenta del Cabildo de Fuerteventura, Lola Garc\u00eda, expres\u00f3 \u00abel honor que supone presentar una nueva edici\u00f3n de la feria, que naci\u00f3 con el prop\u00f3sito de fomentar la lectura en la Isla y que hoy es un referente cultural en Canarias\u00bb. \u00abSupone un impulso a la creaci\u00f3n local, a nuestras autoras y autores, librer\u00edas y al di\u00e1logo con profesionales de Fuerteventura\u00bb.<\/p>\n<p>El consejero de Cultura, Rayco Le\u00f3n, detall\u00f3 que \u00abse celebrar\u00e1n encuentros con escritores y escritoras de primer nivel, con un contacto directo con los lectores que forma parte de la magia de la feria del libro, y actividades de diferentes disciplinas como m\u00fasica, danza o poes\u00eda\u00bb.<\/p>\n<p>Por su parte, el alcalde de Puerto del Rosario, David de Vera, felicit\u00f3 al Cabildo de Fuerteventura por la excelente programaci\u00f3n de la presente edici\u00f3n de la Feria del Libro. Adem\u00e1s, el alcalde mostr\u00f3 la disposici\u00f3n del Ayuntamiento a seguir colaborando con un evento de referencia que se ha ido consolidando por su gran relevancia en la agenda cultural insular.<\/p>\n<p>Estuvo presente, asimismo, Javier Santos, director de la Banda de la Escuela Insular de M\u00fasica, que participar\u00e1 en el espect\u00e1culo inaugural.<\/p>\n<p>El poeta y escritor Benjam\u00edn Prado ser\u00e1 el encargado de pregonar esta edici\u00f3n. Prado dar\u00e1 el pistoletazo de salida con su preg\u00f3n a cuatro d\u00edas de presentaciones de libros y firmas en un a\u00f1o en el que visitar\u00e1n la feria: Isaac Rosa, Nieves Concostrina, Benjam\u00edn G. Rosado, Kiko Amat, Mar\u00eda de las Nieves P\u00e9rez Cejas, Paulina Flores, Elena Correa, Nativel Preciado, Rafael Reig, Blanca Lacasa, Vicente Vall\u00e9s, Berna Gonz\u00e1lez Harbour, junto a los majoreros Marcos Hormiga, Violeta Chac\u00f3n, Javier Tendero, y Mar\u00eda Aroa Su\u00e1rez.<\/p>\n<p>El ciclo &#8216;El escritor y t\u00fa&#8217; regresa una edici\u00f3n m\u00e1s a la feria del libro con Agust\u00edn Fern\u00e1ndez Mallo, autor de m\u00e1s de una veintena de obras que incluyen novelas, ensayos, poes\u00eda y otros tipos de narrativa. Es uno de los miembros m\u00e1s destacados de la llamada Generaci\u00f3n Nocilla.<\/p>\n<p>Adem\u00e1s, la Feria del Libro de Fuerteventura se suma a la celebraci\u00f3n del D\u00eda de las Letras Canarias, dedicado este a\u00f1o a Alonso Quesada, con una mesa en la que Marcos Hormiga, Beatriz Morales y Victoriano Santana abordar\u00e1n la obra del autor grancanario.<\/p>\n<p>La feria se ha convertido en los \u00faltimos a\u00f1os en un festival cultural abierto a otras disciplinas como la danza, el circo, el teatro o la m\u00fasica. El cantante Muerdo ofrecer\u00e1 un concierto en la Carpa Josefina Pl\u00e1 el 24 de octubre.<\/p>\n<p>Un d\u00eda antes, el 23 de octubre, el cantautor Nacho Vegas y el poeta Rafael Espejo conversar\u00e1n de poes\u00eda y m\u00fasica en el encuentro &#8216;La obra generacional&#8217;, mientras los valencianos Visitants aterrizan en Fuerteventura, tras su paso por los festivales de T\u00e1rrega y el Festival Internacional de Teatro y Artes de Calle de Valladolid, con &#8216;Masclet\u00e1 po\u00e9tica&#8217;, una propuesta que a\u00fana teatro, poes\u00eda y danza que se podr\u00e1 ver en la Isla el 24 de octubre.<\/p>\n<p>La danza vuelve un a\u00f1o m\u00e1s al suelo de la Feria del Libro. La compa\u00f1\u00eda valenciana Marroch representar\u00e1 &#8216;Rosa de Papel&#8217;, un espect\u00e1culo inspirado en la vida del poeta y periodista valenciano Vicent Andr\u00e9s Estell\u00e9s, mientras que bailar\u00edn majorero Aar\u00f3n Comino estrenar\u00e1 en la feria su \u00faltimo espect\u00e1culo, &#8216;No pidas sardinas fuera de temporada&#8217;, un solo coreogr\u00e1fico inspirado en textos de Virginia Woolf.<\/p>\n<p>La feria se convertir\u00e1 en una gran carpa circense con los espect\u00e1culos Xpectro de los andaluces Zen del Sur.<\/p>\n<p>Uno de los platos fuertes de esta edici\u00f3n correr\u00e1 a cargo de la compa\u00f1\u00eda gallega Pistacatro que, junto a la Banda de la Escuela Insular de M\u00fasica de Fuerteventura, dirigida por Javier Santos pondr\u00e1n en escena &#8216;Orquesta malabares&#8217;. Asimismo, se desarrollar\u00e1 el espect\u00e1culo &#8216;Fisgoneo&#8217; de C\u00cdA De Tal Palo, procedente de Barcelona.<\/p>\n<p>Tras su paso por Sagunt a escena, en Valencia, y el Grec, el festival de Barcelona, el p\u00fablico majorero podr\u00e1 ver sobre las tablas de la Sala Sinf\u00f3nica del Palacio de Formaci\u00f3n y Congresos el mon\u00f3logo &#8216;En mitad de tanto&#8217; fuego&#8217;, inspirado en La &#8216;Il\u00edada&#8217; de Homero con Rub\u00e9n de Egu\u00eda y texto de Alberto de Conejero.<\/p>\n<p>El espect\u00e1culo de clausura correr\u00e1 a cargo del actor Pepe Viyuela y el bar\u00edtono Luis Santana que presentan &#8216;La Risa en Verso&#8217;, un recital en torno al humor a trav\u00e9s de una selecci\u00f3n de fragmentos y relatos de los grandes escritores de la literatura espa\u00f1ola con la personal visi\u00f3n de uno de los actores m\u00e1s queridos de la escena nacional.<\/p>\n<p>La feria tambi\u00e9n tiene una amplia programaci\u00f3n para escolares y p\u00fablico familiar. Los catalanes Festuc Teatre representar\u00e1n &#8216;Bunji, la peque\u00f1a coala&#8217;; desde Valencia llega la compa\u00f1\u00eda Lucas Escobedo con &#8216;Los ma\u00f1as&#8217;, mientras que la compa\u00f1\u00eda de t\u00edteres La canica representar\u00e1 una versi\u00f3n del cl\u00e1sico &#8216;El mago de Oz&#8217;.<\/p>\n<p>Desde Castilla-La Mancha visitan la feria las compa\u00f1\u00edas Ultramarinos de Lucas y Tumbalobos Teatro con las obras &#8216;Pinocho&#8217; y &#8216;El Quijote&#8217;, respectivamente.<\/p>\n<p>Los narradores GemaGe, Cristina Quesada y Juan Carlos Toste acercar\u00e1n el mundo de los cuentos a los escolares de la Isla en un a\u00f1o en el que El tren de las Letras volver\u00e1 a recorrer las calles de la capital acercando a las familias hasta la feria.<\/p>\n<p>El Premio Alexis Ravelo ser\u00e1 entregado este a\u00f1o a la Asociaci\u00f3n Ra\u00edz del Pueblo por su dedicaci\u00f3n y difusi\u00f3n de la cultura. El Premio Alexis Ravelo es un galard\u00f3n ideado por la organizaci\u00f3n de la Feria con el que en cada edici\u00f3n se reconoce el trabajo de personas y colectivos que trabajan en el fomento del libro y la lectura, as\u00ed como su implicaci\u00f3n con la Feria del Libro de Fuerteventura.<\/p>\n<p>La Feria del Libro est\u00e1 organizada por el Centro Bibliotecario Insular, dependiente de la Consejer\u00eda de Cultura del Cabildo de Fuerteventura, y cuenta con la colaboraci\u00f3n del Instituto Canario de Desarrollo Cultural del Gobierno.<\/p>\n","protected":false},"excerpt":{"rendered":"EIsaac Rosa, Nieves Concostrina, Vicente Vall\u00e9s, Blanca Lacasa, Kiko Amat, Agust\u00edn Fern\u00e1ndez Mallo y Nativel Preciado son algunos&hellip;\n","protected":false},"author":2,"featured_media":162715,"comment_status":"","ping_status":"","sticky":false,"template":"","format":"standard","meta":{"footnotes":""},"categories":[172],"tags":[517,48162,224,48156,1896,48169,17354,36973,209,168,48149,7051,48150,48151,95,48154,48166,146,147,25,24,18496,48158,48152,48167,48160,48153,225,48170,48163,48164,48165,48161,10,1925,48159,4069,48168,952,48155,492,23,257,493,48157,1529,2338],"class_list":{"0":"post-162714","1":"post","2":"type-post","3":"status-publish","4":"format-standard","5":"has-post-thumbnail","7":"category-libros","8":"tag-actualidad","9":"tag-betancuria","10":"tag-books","11":"tag-caleta-de-fuste","12":"tag-canarias","13":"tag-carlos-de-saa","14":"tag-comentarios","15":"tag-corralejo","16":"tag-cultura","17":"tag-deportes","18":"tag-diario-de-fuerteventura","19":"tag-diario-digital","20":"tag-diariodefuerteventura-com","21":"tag-diariodefuerteventura-es","22":"tag-economia","23":"tag-el-cotillo","24":"tag-eloy-vera","25":"tag-entertainment","26":"tag-entretenimiento","27":"tag-es","28":"tag-espana","29":"tag-fuerteventura","30":"tag-gran-tarajal","31":"tag-isla-de-lobos","32":"tag-itziar-fernandez","33":"tag-jandia","34":"tag-la-oliva","35":"tag-libros","36":"tag-lourdes-bermejo","37":"tag-majorero","38":"tag-majoreros","39":"tag-manuel-riveiro","40":"tag-morro-jable","41":"tag-noticias","42":"tag-opinion","43":"tag-pajara","44":"tag-periodico","45":"tag-pia-penagarikano","46":"tag-politica","47":"tag-puerto-del-rosario","48":"tag-sociedad","49":"tag-spain","50":"tag-sucesos","51":"tag-tribunales","52":"tag-tuineje","53":"tag-ultima-hora","54":"tag-video"},"share_on_mastodon":{"url":"","error":""},"_links":{"self":[{"href":"https:\/\/www.europesays.com\/es\/wp-json\/wp\/v2\/posts\/162714","targetHints":{"allow":["GET"]}}],"collection":[{"href":"https:\/\/www.europesays.com\/es\/wp-json\/wp\/v2\/posts"}],"about":[{"href":"https:\/\/www.europesays.com\/es\/wp-json\/wp\/v2\/types\/post"}],"author":[{"embeddable":true,"href":"https:\/\/www.europesays.com\/es\/wp-json\/wp\/v2\/users\/2"}],"replies":[{"embeddable":true,"href":"https:\/\/www.europesays.com\/es\/wp-json\/wp\/v2\/comments?post=162714"}],"version-history":[{"count":0,"href":"https:\/\/www.europesays.com\/es\/wp-json\/wp\/v2\/posts\/162714\/revisions"}],"wp:featuredmedia":[{"embeddable":true,"href":"https:\/\/www.europesays.com\/es\/wp-json\/wp\/v2\/media\/162715"}],"wp:attachment":[{"href":"https:\/\/www.europesays.com\/es\/wp-json\/wp\/v2\/media?parent=162714"}],"wp:term":[{"taxonomy":"category","embeddable":true,"href":"https:\/\/www.europesays.com\/es\/wp-json\/wp\/v2\/categories?post=162714"},{"taxonomy":"post_tag","embeddable":true,"href":"https:\/\/www.europesays.com\/es\/wp-json\/wp\/v2\/tags?post=162714"}],"curies":[{"name":"wp","href":"https:\/\/api.w.org\/{rel}","templated":true}]}}