{"id":162720,"date":"2025-10-08T11:31:11","date_gmt":"2025-10-08T11:31:11","guid":{"rendered":"https:\/\/www.europesays.com\/es\/162720\/"},"modified":"2025-10-08T11:31:11","modified_gmt":"2025-10-08T11:31:11","slug":"nunca-habra-un-superman-calvo","status":"publish","type":"post","link":"https:\/\/www.europesays.com\/es\/162720\/","title":{"rendered":"Nunca habr\u00e1 un Superman calvo"},"content":{"rendered":"<p class=\"c-paragraph\">Imagina una escena en la que un hombre calvo apunta a otro de abundante cabellera con una pistola. \u00bfCu\u00e1l es el villano de los dos? Posiblemente, si te dejas guiar por tu primer pensamiento, el calvo. Jerry Siegel y Joe Shuster llegaron a la misma conclusi\u00f3n cuando les toc\u00f3 dise\u00f1ar al archienemigo de<b> Superman<\/b>: le dieron el nombre de <b>Lex Luthor<\/b> y lo privaron, por completo, de fol\u00edculos. En la <b><a href=\"https:\/\/www.20minutos.es\/cinemania\/noticias\/superman-ranking-peliculas-orden-peor-mejor-5731839\/\" rel=\"nofollow noopener\" target=\"_blank\">Superman<\/a><\/b> que desfila por las carteleras de Espa\u00f1a en la actualidad, Nicholas Hoult se mete en la piel craneal de Lex Luthor.\u00a0<\/p>\n<p class=\"c-paragraph\">Todo esto ha llevado al experto en ca\u00edda del cabello Spencer Stevenson a afirmar que <a href=\"https:\/\/www.independent.co.uk\/life-style\/baldness-movies-men-stereotypes-cinema-b2685120.html\" target=\"_blank\" rel=\"nofollow noopener\">nunca habr\u00e1 un Superman calvo<\/a>. La aseveraci\u00f3n no es especialmente disruptiva debido a que el dibujo original de Superman hace muy dif\u00edcil que se despojase al h\u00e9roe de Kript\u00f3n de su cabellera. No obstante, el planteamiento sirve para que pensemos<b>\u00a0cu\u00e1ntas pel\u00edculas hemos visto en las que el calvo sea \u201cel bueno\u201d<\/b>. Por supuesto, por la historia del cine rondan <b>Yul Brynner, Telly Savalas, <a href=\"https:\/\/www.20minutos.es\/cinemania\/noticias\/bruce-willis-ultima-pelicula-antes-retirarse-5692494\/\" rel=\"nofollow noopener\" target=\"_blank\">Bruce Willis<\/a>, Terry O\u2019Quinn <\/b>o <b><a href=\"https:\/\/www.20minutos.es\/cinemania\/noticias\/jason-statham-stallone-prime-video-numero-working-man-1-5718526\/\" rel=\"nofollow noopener\" target=\"_blank\">Jason Statham<\/a><\/b>. Pero, \u00bfson sus personajes norma o excepci\u00f3n?\u00a0<\/p>\n<p>El estigma de la maldad<\/p>\n<p class=\"c-paragraph\">El nombre, como tal, es rimbombante, pero no exento de raz\u00f3n, ya que pretende relacionar la proporci\u00f3n inversa entre calvicie y bondad que abunda en el cine. El humorista Javier Cansado tambi\u00e9n elabor\u00f3 una teor\u00eda similar: en las pel\u00edculas, <b>hay dos tipos de malo. El malo inteligente y el malo calvo<\/b>. Cuando el primero quiere dominar el mundo, se basta solo. Pero cuando desea torturar al h\u00e9roe, recurre a su alop\u00e9cico esbirro.\u00a0<\/p>\n<p class=\"c-paragraph\"><b>Marlon Brando<\/b> se rap\u00f3 voluntariamente para dar vida al coronel Kurtz en <b>Apocalypse Now<\/b> y <a href=\"https:\/\/www.20minutos.es\/cinemania\/noticias\/motivo-mark-wahlberg-mel-gibson-raparse-dennis-rader-5689306\/\" rel=\"nofollow noopener\" target=\"_blank\">Mark Wahlberg insisti\u00f3 en aniquilar su cabellera en Amenaza en el aire<\/a>, debido a que as\u00ed se parecer\u00eda m\u00e1s al asesino en serie Dennis Rader.\u00a0<\/p>\n<p class=\"c-paragraph\">Tras estas apuestas, late el citado estigma de la maldad, que se repite en caracterizaciones como la irrisoria calvicie de<b> Tom Cruise<\/b> en Tropic Thunder, personaje presuntamente basado en <a href=\"https:\/\/www.20minutos.es\/cinemania\/noticias\/por-que-peliculas-taquilleras-no-ganan-oscars-vengadores-endgame-culpan-weinstein-5692049\/\" rel=\"nofollow noopener\" target=\"_blank\">Harvey Weinstein<\/a>. Seg\u00fan un estudio publicado por el <a href=\"https:\/\/onlinelibrary.wiley.com\/doi\/epdf\/10.1111\/bjd.19508\" target=\"_blank\" rel=\"nofollow noopener\">British Journal of Dermatology<\/a>, la representaci\u00f3n de la alopecia en el cine viene a subrayar cargas psicol\u00f3gicas y a enfatizar una visi\u00f3n negativa de la calvicie.<\/p>\n<p class=\"c-paragraph\"><b>La p\u00e9rdida de pelo afecta a uno de cada dos hombres<\/b> y entra\u00f1a un debilitamiento de la confianza, la seguridad en uno mismo y, en algunos casos, depresiones profundas. De nuevo, hay que volver al cine, como gran espejo social de nuestro presente, para interrogarnos acerca de por qu\u00e9 un cr\u00e1neo m\u00e1s o menos cubierto de pelo provoca semejantes secuelas. Terminamos con otra pregunta: \u00bf<b>Cu\u00e1l fue la \u00faltima pel\u00edcula rom\u00e1ntica que viste en la que el protagonista presentase un m\u00ednimo de \u00edndicio de alopecia?\u00a0<\/b><\/p>\n","protected":false},"excerpt":{"rendered":"Imagina una escena en la que un hombre calvo apunta a otro de abundante cabellera con una pistola.&hellip;\n","protected":false},"author":2,"featured_media":162721,"comment_status":"","ping_status":"","sticky":false,"template":"","format":"standard","meta":{"footnotes":""},"categories":[169],"tags":[44307,4489,177,179,178,146,147,25,24,176,48175,175,267,23,834],"class_list":{"0":"post-162720","1":"post","2":"type-post","3":"status-publish","4":"format-standard","5":"has-post-thumbnail","7":"category-cine","8":"tag-alopecia","9":"tag-bruce-willis","10":"tag-cine","11":"tag-cinemania-noticias","12":"tag-cinemania-streaming","13":"tag-entertainment","14":"tag-entretenimiento","15":"tag-es","16":"tag-espana","17":"tag-film","18":"tag-jason-statham","19":"tag-movies","20":"tag-planseo","21":"tag-spain","22":"tag-superman"},"share_on_mastodon":{"url":"","error":""},"_links":{"self":[{"href":"https:\/\/www.europesays.com\/es\/wp-json\/wp\/v2\/posts\/162720","targetHints":{"allow":["GET"]}}],"collection":[{"href":"https:\/\/www.europesays.com\/es\/wp-json\/wp\/v2\/posts"}],"about":[{"href":"https:\/\/www.europesays.com\/es\/wp-json\/wp\/v2\/types\/post"}],"author":[{"embeddable":true,"href":"https:\/\/www.europesays.com\/es\/wp-json\/wp\/v2\/users\/2"}],"replies":[{"embeddable":true,"href":"https:\/\/www.europesays.com\/es\/wp-json\/wp\/v2\/comments?post=162720"}],"version-history":[{"count":0,"href":"https:\/\/www.europesays.com\/es\/wp-json\/wp\/v2\/posts\/162720\/revisions"}],"wp:featuredmedia":[{"embeddable":true,"href":"https:\/\/www.europesays.com\/es\/wp-json\/wp\/v2\/media\/162721"}],"wp:attachment":[{"href":"https:\/\/www.europesays.com\/es\/wp-json\/wp\/v2\/media?parent=162720"}],"wp:term":[{"taxonomy":"category","embeddable":true,"href":"https:\/\/www.europesays.com\/es\/wp-json\/wp\/v2\/categories?post=162720"},{"taxonomy":"post_tag","embeddable":true,"href":"https:\/\/www.europesays.com\/es\/wp-json\/wp\/v2\/tags?post=162720"}],"curies":[{"name":"wp","href":"https:\/\/api.w.org\/{rel}","templated":true}]}}