{"id":162724,"date":"2025-10-08T11:33:07","date_gmt":"2025-10-08T11:33:07","guid":{"rendered":"https:\/\/www.europesays.com\/es\/162724\/"},"modified":"2025-10-08T11:33:07","modified_gmt":"2025-10-08T11:33:07","slug":"la-once-dedica-un-cupon-al-dia-mundial-de-la-vision-y-anima-a-cuidar-los-ojos-para-evitar-patologias-oculares-lider-en-informacion-social","status":"publish","type":"post","link":"https:\/\/www.europesays.com\/es\/162724\/","title":{"rendered":"La ONCE dedica un cup\u00f3n al D\u00eda Mundial de la Visi\u00f3n y anima a cuidar los ojos para evitar patolog\u00edas oculares | L\u00edder en Informaci\u00f3n Social"},"content":{"rendered":"<p>\n      El D\u00eda Mundial de la Visi\u00f3n protagonizar\u00e1 el cup\u00f3n de la ONCE de este jueves, 9 de octubre. Cinco millones de cupones animar\u00e1n a cuidar los ojos para evitar patolog\u00edas oculares, con el lema \u2018Tus ojos te conectan con el mundo. Cu\u00eddalos con tu m\u00e9dico oftalm\u00f3logo\u2019.\n    <\/p>\n<p>Tal y como explic\u00f3 ONCE en un comunicado, el segundo jueves del mes de octubre se celebra el D\u00eda Mundial de la Visi\u00f3n. La fecha fue decretada por Organizaci\u00f3n Mundial de la Salud (OMS) para sensibilizar y centrar la atenci\u00f3n mundial sobre la importancia de la salud visual, informar a los ciudadanos sobre cu\u00e1les son los diferentes tipos de afecciones visuales y sus tratamientos, y concienciar sobre la importancia de la prevenci\u00f3n para evitar que el paciente pierda totalmente la capacidad de ver.<\/p>\n<p>El D\u00eda Mundial de la Visi\u00f3n fue proclamado oficialmente en el a\u00f1o 2000 por la Agencia Internacional para la Prevenci\u00f3n de la Ceguera (IAPB) en colaboraci\u00f3n con la Organizaci\u00f3n Mundial de la Salud. El objetivo de este d\u00eda es sensibilizar sobre la importancia de la salud visual y la prevenci\u00f3n de la discapacidad visual, as\u00ed como promover el acceso a servicios de salud ocular de calidad.<\/p>\n<p>\u00abEntre las actividades que la ONCE realiza para mejorar la calidad de vida de las personas con ceguera y con deficiencia visual, se encuentra el apoyo a la investigaci\u00f3n en discapacidad visual. Para ello, establece colaboraciones con centros y equipos de investigaci\u00f3n e innovaci\u00f3n (p\u00fablicos o privados), con Universidades, con j\u00f3venes investigadores y con profesionales de diversos \u00e1mbitos, que ponen en marcha proyectos orientados a mejorar la autonom\u00eda y\/o la inclusi\u00f3n social de las personas a las que la Organizaci\u00f3n atiende\u00bb, indicaron.<\/p>\n<p>El Grupo Social ONCE, a trav\u00e9s de la Fundaci\u00f3n ONCE Baja Visi\u00f3n y continuando la labor ejercida anteriormente por la ONCE, tambi\u00e9n colabora con centros de investigaci\u00f3n de primer nivel en la realizaci\u00f3n de estudios espec\u00edficos sobre patolog\u00edas causantes de ceguera y deficiencia visual. Son proyectos que ampl\u00edan el conocimiento sobre las causas de la enfermedad, desarrollan opciones terap\u00e9uticas que pudieran curarla en un futuro, minimizan su impacto o fomentan, de alg\u00fan modo, la salud visual.<\/p>\n<p>La Fundaci\u00f3n ONCE Baja Visi\u00f3n surgi\u00f3 con un prop\u00f3sito claro: mejorar la calidad de vida de las personas con baja visi\u00f3n, favoreciendo su inclusi\u00f3n social y su plena autonom\u00eda personal.<\/p>\n<p>El Cup\u00f3n Diario de la ONCE pone en juego un premio de 500.000 euros al n\u00famero m\u00e1s la serie y 49 premios de 35.000 euros a las cinco cifras del n\u00famero premiado. Adem\u00e1s, 450 premios de 250 euros a las cuatro primeras cifras y otros 450 premios a las cuatro \u00faltimas; 9.000 premios de 25 euros en el caso de tres \u00faltimas o tres primeras; y lo mismo para las dos primeras y \u00faltimas (6 euros) y reintegro de 2 euros a la primera o la \u00faltima cifra del n\u00famero premiado.<\/p>\n<p>Los cupones de la ONCE se comercializan por los m\u00e1s de 20.700 vendedores y vendedoras de la Organizaci\u00f3n. Adem\u00e1s, se pueden adquirir desde &#8216;www.juegosonce.es&#8217; y en establecimientos colaboradores autorizados.<\/p>\n","protected":false},"excerpt":{"rendered":"El D\u00eda Mundial de la Visi\u00f3n protagonizar\u00e1 el cup\u00f3n de la ONCE de este jueves, 9 de octubre.&hellip;\n","protected":false},"author":2,"featured_media":162725,"comment_status":"","ping_status":"","sticky":false,"template":"","format":"standard","meta":{"footnotes":""},"categories":[92],"tags":[22178,48176,9521,2379,25,24,165,531,166,492,23],"class_list":{"0":"post-162724","1":"post","2":"type-post","3":"status-publish","4":"format-standard","5":"has-post-thumbnail","7":"category-salud","8":"tag-cupon","9":"tag-dia-mundial-de-la-vision-2025","10":"tag-discamedia","11":"tag-discapacidad","12":"tag-es","13":"tag-espana","14":"tag-health","15":"tag-once","16":"tag-salud","17":"tag-sociedad","18":"tag-spain"},"share_on_mastodon":{"url":"","error":""},"_links":{"self":[{"href":"https:\/\/www.europesays.com\/es\/wp-json\/wp\/v2\/posts\/162724","targetHints":{"allow":["GET"]}}],"collection":[{"href":"https:\/\/www.europesays.com\/es\/wp-json\/wp\/v2\/posts"}],"about":[{"href":"https:\/\/www.europesays.com\/es\/wp-json\/wp\/v2\/types\/post"}],"author":[{"embeddable":true,"href":"https:\/\/www.europesays.com\/es\/wp-json\/wp\/v2\/users\/2"}],"replies":[{"embeddable":true,"href":"https:\/\/www.europesays.com\/es\/wp-json\/wp\/v2\/comments?post=162724"}],"version-history":[{"count":0,"href":"https:\/\/www.europesays.com\/es\/wp-json\/wp\/v2\/posts\/162724\/revisions"}],"wp:featuredmedia":[{"embeddable":true,"href":"https:\/\/www.europesays.com\/es\/wp-json\/wp\/v2\/media\/162725"}],"wp:attachment":[{"href":"https:\/\/www.europesays.com\/es\/wp-json\/wp\/v2\/media?parent=162724"}],"wp:term":[{"taxonomy":"category","embeddable":true,"href":"https:\/\/www.europesays.com\/es\/wp-json\/wp\/v2\/categories?post=162724"},{"taxonomy":"post_tag","embeddable":true,"href":"https:\/\/www.europesays.com\/es\/wp-json\/wp\/v2\/tags?post=162724"}],"curies":[{"name":"wp","href":"https:\/\/api.w.org\/{rel}","templated":true}]}}