{"id":162726,"date":"2025-10-08T11:34:11","date_gmt":"2025-10-08T11:34:11","guid":{"rendered":"https:\/\/www.europesays.com\/es\/162726\/"},"modified":"2025-10-08T11:34:11","modified_gmt":"2025-10-08T11:34:11","slug":"eva-gonzalez-enamorada-las-imagenes-de-su-cita-romantica-en-sevilla-el-mundo","status":"publish","type":"post","link":"https:\/\/www.europesays.com\/es\/162726\/","title":{"rendered":"Eva Gonz\u00e1lez, \u00bfenamorada? Las im\u00e1genes de su cita rom\u00e1ntica en Sevilla &#8211; El Mundo"},"content":{"rendered":"<ol>\n<li><a href=\"https:\/\/news.google.com\/rss\/articles\/CBMigAFBVV95cUxNcmZiWXc2bHgzTXZJZGJuTVVHTWpVck1leVJFeWl4N2R0bkdKREhqNWFpYnZ0RnFVQ0UzSU1HYW80OElwNTlHU3E3ZkI1dG5ReW91ZEtQamdNT1ltWUR2SEhkRXQtLUxaYTAyT19RbGp6cEQ4c1NLTG5LR0paSFdDNtIBgAFBVV95cUxPLXlYTjJmVnZTdDBXZ0M3YnBreDhXOW11LUdNNV9NYkg5dTZZM042cUQ3bEhHekM3NzdkUjZyU0hsazJGLXNOTm9WanJ3SUhESVF4NXNaX1NPZElGOTFmb2xnb2Nidi1WV3l4azJzTmxYeDFtYVJ2SWkzallRUGxkRA?oc=5\" target=\"_blank\" rel=\"nofollow noopener\">Eva Gonz\u00e1lez, \u00bfenamorada? Las im\u00e1genes de su cita rom\u00e1ntica en Sevilla<\/a>&nbsp;&nbsp;El Mundo<\/li>\n<li><a href=\"https:\/\/news.google.com\/rss\/articles\/CBMiswFBVV95cUxOOGFQWHZCaWY3aFhHc3hoRG01VHI0LTN6Y1VhUHNMalZyR1FmWmVja1EzTHRZcFM3Q2E1ZGNSc2NNMW1kZ19jeEFHQ1ZsamZoUmpueUVvV0VpZzVmYTBOZG1KRUVhcGE4VlNXSEpvZ0tGVFZEUktBVXBIQWQ1Wmt0ajNLblhwcmxfbE5qZlZqNEU4TzBiN2Q1M244b2pFZVktNkVmQURVM2NNUXpRVWFxQkJzbw?oc=5\" target=\"_blank\" rel=\"nofollow noopener\">Ni amor ni novio: la verdad sobre el nuevo amor de Eva Gonz\u00e1lez, contada por su entorno<\/a>&nbsp;&nbsp;HOLA<\/li>\n<li><a href=\"https:\/\/news.google.com\/rss\/articles\/CBMitwFBVV95cUxOTHkyZ3dzbkhXZ2UyN3BMVFFiOHoxU2pGa3g5Yzl1bnJnT0JmdjZVaGZBT3piYzEwQkhoZDYzNndiWURYR1I5SUc1YkVuQXJtQVNqcUlBSXdQeGdXaFBrWGswV0wtQUdEQ0IzU1IzaGJsZ3E0Q3h5UzVDWW9wdlZBLU91bWQ5bnZ0dncwZUxSUThfV29GZEY5TGY2Vy1PSGZjQ192a1hlb1dwWkpqdXVUOEhlWjhSUEnSAbwBQVVfeXFMTUJSS3UtdHJPLVlMZklvR0xJRS1MakFod3J0M0pXeklSWlRqNGswWlZFUjFvOENNWEhxQWpka1hGN0lUSU9OVkR6VW9JSUFWTUJkV3VSVzdZcHd5TGZINUNjeUhQelNTQlVJRkZOSlhCb1R0WlIwdVdCSWZPYnBYbUtiREF6aGl3TjNuaGltdDI4WHRWYmhmMER5cVZWVF9hUmo2MkFyVlpCNlN6enlxQWNDMnY2M1kzVzYxVFc?oc=5\" target=\"_blank\" rel=\"nofollow noopener\">Eva Gonz\u00e1lez, de nuevo enamorada tres a\u00f1os despu\u00e9s de su ruptura con Cayetano Rivera: primeras im\u00e1genes con su nueva pareja<\/a>&nbsp;&nbsp;Vanitatis<\/li>\n<li><a href=\"https:\/\/news.google.com\/rss\/articles\/CBMirgFBVV95cUxQV25lZEZyanZIMllWQUczREFpX1kzZ0xTWUNCbzlQRVhNOFJiSnZETV9iV0dRMThKRDkwTkFzb0xEM3JfY051T0pBVmU1bnBDY2JUVGplS2c0Ni1vak41VXJialdwZ3pHNDd0Z1F0Y3RWWmlrSXJOM2pvekd3OEM1Q2R6MF9UbWpqUHlvRmhWeGtLdTFWNjczSHJzVXVTR2Q0SFhOd25RR3EwTFVRUEE?oc=5\" target=\"_blank\" rel=\"nofollow noopener\">Eva Gonz\u00e1lez sorprende con un misterioso acompa\u00f1ante: las im\u00e1genes que hacen saltar todas las alarmas<\/a>&nbsp;&nbsp;ABC<\/li>\n<li><a href=\"https:\/\/news.google.com\/rss\/articles\/CBMixgFBVV95cUxPeXJnYjRwc1MzMEpGaVRRNkdQTVFtWkxnNUI2cW9Md1FUS0lLdGl3Zk5hbGlwT3pwZUV1Z0ZKNGdPM01ZMXBCRDhXUWZEVkRsUUhlRml0alNSaGE1aGZuaTFidWp0MWtCNlJiSzJFX19ERUxQQnBiZm5aUXAzbFdVTEJ6T0xja2w3ZjhqbmRWSWY5TF9qeDQySmk3Q0o1SGtLVnd0cVVKc0ZxNnlUYVR4ZW1ZMi02RWJhalZWTGdLZEVQU2gxQ3fSAdIBQVVfeXFMT1gzcTdsQjFXUEZyQnNmUmdxRVZvUkJRcjI3Q3ZrM0R5VDZyZzBhX1lHWDZnRnp6RUlGb0RzLUJlT2MzUkJEUjd6a0hjd2hxLTJSSHhYRTJ2MEE1OGJhR0l4YUlDLVJjOGJrVkdCMjZzWTdEc2FFajZtUDd6ZnN4WXNIM3E2bEQ5b3kzM0wzRnlhN1laRDFscFlHN1BQczFlZnF0aDRCWUZsWGRGVnpiTmpIelIyLVV6eUlXclFlbWRIUDA5VUR3MjNpTloyVFYwTklB?oc=5\" target=\"_blank\" rel=\"nofollow noopener\">Eva Gonz\u00e1lez, de nuevo, enamorada: la identidad de su nuevo amor &#8211; El tiempo justo<\/a>&nbsp;&nbsp;Telecinco<\/li>\n<\/ol>\n","protected":false},"excerpt":{"rendered":"Eva Gonz\u00e1lez, \u00bfenamorada? Las im\u00e1genes de su cita rom\u00e1ntica en Sevilla&nbsp;&nbsp;El Mundo Ni amor ni novio: la verdad&hellip;\n","protected":false},"author":2,"featured_media":162727,"comment_status":"","ping_status":"","sticky":false,"template":"","format":"standard","meta":{"footnotes":""},"categories":[91],"tags":[146,147,25,24,2764,720,23],"class_list":{"0":"post-162726","1":"post","2":"type-post","3":"status-publish","4":"format-standard","5":"has-post-thumbnail","7":"category-entretenimiento","8":"tag-entertainment","9":"tag-entretenimiento","10":"tag-es","11":"tag-espana","12":"tag-eva-gonzalez","13":"tag-loc-famosos","14":"tag-spain"},"share_on_mastodon":{"url":"","error":""},"_links":{"self":[{"href":"https:\/\/www.europesays.com\/es\/wp-json\/wp\/v2\/posts\/162726","targetHints":{"allow":["GET"]}}],"collection":[{"href":"https:\/\/www.europesays.com\/es\/wp-json\/wp\/v2\/posts"}],"about":[{"href":"https:\/\/www.europesays.com\/es\/wp-json\/wp\/v2\/types\/post"}],"author":[{"embeddable":true,"href":"https:\/\/www.europesays.com\/es\/wp-json\/wp\/v2\/users\/2"}],"replies":[{"embeddable":true,"href":"https:\/\/www.europesays.com\/es\/wp-json\/wp\/v2\/comments?post=162726"}],"version-history":[{"count":0,"href":"https:\/\/www.europesays.com\/es\/wp-json\/wp\/v2\/posts\/162726\/revisions"}],"wp:featuredmedia":[{"embeddable":true,"href":"https:\/\/www.europesays.com\/es\/wp-json\/wp\/v2\/media\/162727"}],"wp:attachment":[{"href":"https:\/\/www.europesays.com\/es\/wp-json\/wp\/v2\/media?parent=162726"}],"wp:term":[{"taxonomy":"category","embeddable":true,"href":"https:\/\/www.europesays.com\/es\/wp-json\/wp\/v2\/categories?post=162726"},{"taxonomy":"post_tag","embeddable":true,"href":"https:\/\/www.europesays.com\/es\/wp-json\/wp\/v2\/tags?post=162726"}],"curies":[{"name":"wp","href":"https:\/\/api.w.org\/{rel}","templated":true}]}}