{"id":162738,"date":"2025-10-08T11:40:10","date_gmt":"2025-10-08T11:40:10","guid":{"rendered":"https:\/\/www.europesays.com\/es\/162738\/"},"modified":"2025-10-08T11:40:10","modified_gmt":"2025-10-08T11:40:10","slug":"rares-fodorean-intervenido-de-una-fractura-en-la-mano-izquierda","status":"publish","type":"post","link":"https:\/\/www.europesays.com\/es\/162738\/","title":{"rendered":"Rares Fodorean, intervenido de una fractura en la mano izquierda"},"content":{"rendered":"<p><a class=\"v-mdl-ath__fig-a\" href=\"https:\/\/www.elnortedecastilla.es\/autor\/el-norte-2102.html\" title=\"El Norte\" rel=\"nofollow noopener\" target=\"_blank\"><br \/>\n<img decoding=\"async\" class=\"v-mdl-ath__img\" src=\"https:\/\/www.europesays.com\/es\/wp-content\/uploads\/2025\/09\/1758600071_110_autor-2102-foto-2.png\" alt=\"El Norte\"\/><br \/>\n<\/a><\/p>\n<p class=\"v-mdl-ath__p v-mdl-ath__p--6\">\nMi\u00e9rcoles, 8 de octubre 2025, 13:25<\/p>\n<p class=\"v-p\">El jugador del Recoletas Atl\u00e9tico Valladolid, Rares Marian Fodorean, ha sido intervenido de una fractura en el cuarto metacarpiano de la mano izquierda. El lateral del conjunto pucelano, se produjo la citada lesi\u00f3n en un lance del choque de la jornada tres disputado en Huerta del Rey el pasado 27 de septiembre ante el BM Guadalajara.<\/p>\n<p><a href=\"http:\/\/www.elnortedecastilla.es\/deportes\/balonmano\/bar-punto-recoletas-torrelavega-sabe-poco-20251003233842-nt.html#vtm_modulosEngag=mod-rel:deportes:noticia:1:cmp:1-not\" class=\"v-a-link\" aria-label=\"Imagen\" rel=\"nofollow noopener\" target=\"_blank\"><\/p>\n<p><img decoding=\"async\" loading=\"lazy\" src=\"https:\/\/www.europesays.com\/es\/wp-content\/uploads\/2025\/10\/BarTorre-k5QH--366x256@El Norte.jpg\" class=\"v-a-img\" width=\"258\" height=\"180\" alt=\"\" data-voc-vtm-id=\"in-text-traffic\"\/><\/p>\n<p><\/a><\/p>\n<p class=\"v-p\">El jugador rumano permanecer\u00e1 de baja por un periodo aproximado de entre 4 y 6 semanas, transcurrido el cual podr\u00e1 retornar a la actividad deportiva. Fodorean estaba siendo un pilar importante del equipo vallisoletano especialmente en el apartado defensivo, aunque tambi\u00e9n participando activamente en ataque desde la primera l\u00ednea del cuadro dirigido por David Pisonero.<\/p>\n<p class=\"v-p\">En los tres encuentros de liga disputados esta temporada con los gladiadores azules, el lateral izquierdo nacido en Turda (Ruman\u00eda, 05\/11\/1998) ha anotado 7 goles en total con un tope de 3 tantos logrados en la primera jornada liguera ante el Bada Huesca en Huerta del Rey.<\/p>\n<p class=\"v-p\">Fodorean de 2,02 de estatura y 26 a\u00f1os, lleg\u00f3 al Recoletas este pasado verano procedente del Frigor\u00edficos del Morrazo donde hab\u00eda militado los \u00faltimos tres cursos. En sus cuatro campa\u00f1as de experiencia en la Liga acumula un total de 170 goles en los 88 partidos en los que ha intervenido hasta el momento dentro de la m\u00e1xima categor\u00eda del balonmano nacional.<\/p>\n<p>Reporta un error<\/p>\n","protected":false},"excerpt":{"rendered":"Mi\u00e9rcoles, 8 de octubre 2025, 13:25 El jugador del Recoletas Atl\u00e9tico Valladolid, Rares Marian Fodorean, ha sido intervenido&hellip;\n","protected":false},"author":2,"featured_media":162739,"comment_status":"","ping_status":"","sticky":false,"template":"","format":"standard","meta":{"footnotes":""},"categories":[278],"tags":[376,168,25,24,48182,11448,375,9933,6326,3238,48181,23,167],"class_list":{"0":"post-162738","1":"post","2":"type-post","3":"status-publish","4":"format-standard","5":"has-post-thumbnail","7":"category-balonmano","8":"tag-balonmano","9":"tag-deportes","10":"tag-es","11":"tag-espana","12":"tag-fodorean","13":"tag-fractura","14":"tag-handball","15":"tag-intervenido","16":"tag-izquierda","17":"tag-mano","18":"tag-rares","19":"tag-spain","20":"tag-sports"},"share_on_mastodon":{"url":"","error":""},"_links":{"self":[{"href":"https:\/\/www.europesays.com\/es\/wp-json\/wp\/v2\/posts\/162738","targetHints":{"allow":["GET"]}}],"collection":[{"href":"https:\/\/www.europesays.com\/es\/wp-json\/wp\/v2\/posts"}],"about":[{"href":"https:\/\/www.europesays.com\/es\/wp-json\/wp\/v2\/types\/post"}],"author":[{"embeddable":true,"href":"https:\/\/www.europesays.com\/es\/wp-json\/wp\/v2\/users\/2"}],"replies":[{"embeddable":true,"href":"https:\/\/www.europesays.com\/es\/wp-json\/wp\/v2\/comments?post=162738"}],"version-history":[{"count":0,"href":"https:\/\/www.europesays.com\/es\/wp-json\/wp\/v2\/posts\/162738\/revisions"}],"wp:featuredmedia":[{"embeddable":true,"href":"https:\/\/www.europesays.com\/es\/wp-json\/wp\/v2\/media\/162739"}],"wp:attachment":[{"href":"https:\/\/www.europesays.com\/es\/wp-json\/wp\/v2\/media?parent=162738"}],"wp:term":[{"taxonomy":"category","embeddable":true,"href":"https:\/\/www.europesays.com\/es\/wp-json\/wp\/v2\/categories?post=162738"},{"taxonomy":"post_tag","embeddable":true,"href":"https:\/\/www.europesays.com\/es\/wp-json\/wp\/v2\/tags?post=162738"}],"curies":[{"name":"wp","href":"https:\/\/api.w.org\/{rel}","templated":true}]}}