{"id":162740,"date":"2025-10-08T11:41:07","date_gmt":"2025-10-08T11:41:07","guid":{"rendered":"https:\/\/www.europesays.com\/es\/162740\/"},"modified":"2025-10-08T11:41:07","modified_gmt":"2025-10-08T11:41:07","slug":"antonio-bienvenida-era-el-torero-que-debia-en-cada-toro-sin-traicionar-su-esencia","status":"publish","type":"post","link":"https:\/\/www.europesays.com\/es\/162740\/","title":{"rendered":"\u00abAntonio Bienvenida era el torero que deb\u00eda en cada toro, sin traicionar su esencia\u00bb"},"content":{"rendered":"<p style=\"\">\u00abLa caballerosidad, torer\u00eda y hombr\u00eda de bien del maestro le hab\u00edan convertido en uno de los personajes m\u00e1s queridos y populares del pa\u00eds. Con Antonio <a href=\"https:\/\/www.abc.es\/opinion\/alejandro-del-rio-herrmann-antonio-bienvenida-hombria-bien-20251008191548-nt_amp.html\" target=\"_self\" data-voc-vtm-id=\"in-text-traffic\" title=\"Bienvenida\" data-mrf-link=\"www.abc.es\" rel=\"nofollow noopener\">Bienvenida<\/a> se va toda una \u00e9poca del arte de torear\u00ab, se le\u00eda en la portada que ABC dedic\u00f3  &#8230; en 1975 a \u00bbun gran se\u00f1or de los ruedos\u00ab. Escribi\u00f3 entonces en estas p\u00e1ginas Vicente Zabala sobre \u00e9l que \u00bbha muerto el \u00faltimo torero con legi\u00f3n de partidarios. Esos que hoy lloran la desaparici\u00f3n del perfecto profesional, del torero de la naturalidad, del hombre de bien, del caballero intachable. <a href=\"https:\/\/www.abc.es\/cultura\/toros\/ganadero-osborne-novillo-morante-madrid-descendiente-vaca-20251003121425-nt.html\" target=\"_self\" data-voc-vtm-id=\"in-text-traffic\" title=\"Maestro\" data-mrf-link=\"www.abc.es\" rel=\"nofollow noopener\">Maestro<\/a>, \u00a1qu\u00e9 pena!\u00ab.<\/p>\n<p class=\"voc-p\" style=\"\">En ese mismo obituario, Zabala mencionaba que Bienvenida estaba ilusionado con la puesta a punto de un nuevo miembro de la ilustre dinast\u00eda, su sobrino Miguel. Cincuenta a\u00f1os despu\u00e9s, aquella estampa de torer\u00eda fue recordada en un homenaje celebrado en Las Ventas este martes, en el que su sobrino fue uno de los protagonistas. \u00abAntonio Bienvenida sigue llenando Las Ventas y dejando gente fuera.  Su recuerdo, su evocaci\u00f3n, su p\u00e1lpito est\u00e1n permanentemente en este escenario\u00bb, comenz\u00f3 diciendo Federico Arn\u00e1s, que record\u00f3 las impresionantes estad\u00edsticas del maestro: aqu\u00ed hizo el pase\u00edllo en ciento seis ocasiones, ciento un corridas de toros, cinco novilladas y un n\u00famero importante de festivales. Fue adem\u00e1s el torero que  m\u00e1s veces se ha anunciado en solitario en la <a href=\"https:\/\/www.abc.es\/cultura\/toros\/viernes-toros-20251003104554-nt.html\" target=\"_self\" data-voc-vtm-id=\"in-text-traffic\" title=\"Monumental\" data-mrf-link=\"www.abc.es\" rel=\"nofollow noopener\">Monumental<\/a>, en seis ocasiones. <\/p>\n<p class=\"voc-p\" style=\"\">El tercer protagonista fue Luis Francisco Espl\u00e1, cuyas historias y formas de contar el toreo calan entre quienes le escuchan. Su padre le hablaba de Bienvenida, ya que \u00abera un admirador de los toreros de los a\u00f1os cincuenta. A partir de mi ah\u00ed, yo voy ordenando mi criterio en torno a toreros como don Antonio.  Hasta el punto de que, en su despedida, hicimos un viaje\u00bb, recuerda el maestro alicantino. \u00abMi padre me regal\u00f3 la despedida de Antonio Bienvenida en Vista Alegre, y recuerdo todo el viaje\u00bb.<\/p>\n<p class=\"voc-p\" style=\"\">Era la primera vez que Espl\u00e1 ve\u00eda toros en la capital, y \u00abpara m\u00ed era una odisea todo aquello, el salir de casa, el ir a ver toros a Madrid&#8230;\u00bb. Re\u00eda Luis Francisco al recordar que en aquellos tiempos Las Ventas le parec\u00eda demasiado r\u00edgida, y \u00abme hab\u00eda creado una visi\u00f3n id\u00edlica de Carabanchel. Poder ir a disfrutar de la despedida del maestro all\u00ed,  para m\u00ed fue uno de los acontecimientos que recordar\u00e9 toda mi vida\u00bb. Adem\u00e1s, de ni\u00f1os nos quedamos con detalles que a lo mejor no son muy relevantes, y eso le pas\u00f3 a Espl\u00e1, con el famoso capote de Joselito: \u00abAquello me ten\u00eda fascinado\u00bb.<\/p>\n<p class=\"voc-p\" style=\"\">Arn\u00e1s cont\u00f3 la curiosa historia de esa joya de Gallito: se lo hizo negro, por el luto por su madre, para darle la alternativa a Carnicerito de M\u00e1laga. Era costumbre entonces regalar un capote al ahijado, as\u00ed que se lo habr\u00eda regalado de no haberse cruzado con Bailaor. Al final, le dio la alternativa Rafael el Gallo al malague\u00f1o, cumpliendo con la voluntad de Jos\u00e9. El capote fue, pues, a manos de Carnicerito, cuya hija cas\u00f3, a\u00f1os despu\u00e9s con Rafael de Paula, al que su suegro promete el capote, -aunque no se lo lleg\u00f3 a dar-. Pasado un tiempo, Ord\u00f3\u00f1ez organiza un festival en favor de Carnicerito, que torea Bienvenida, y en deferencia al gesto, le regala el capote. Justamente esa tarde de Carabanchel, toreaba Antonio con Paula, que vio el capote y lo reclam\u00f3: \u00abEs m\u00edo\u00bb, dijo el de Jerez. \u00abEra, era\u00bb, contest\u00f3 el maestro. Actualmente, lo guarda Paloma, hija de don Antonio, que estaba presente entre el p\u00fablico.<\/p>\n<p class=\"voc-p\" style=\"\">Miguel Bienvenida recuerda bien a su t\u00edo. Muri\u00f3 cuando \u00e9l contaba con trece a\u00f1os, pero tuvo el privilegio de verle mucho en tentaderos: \u00abSi quieres ver a un torero en toda su dimensi\u00f3n\u00bb, algo en lo que coincid\u00eda Espl\u00e1, ya que \u00ablos toreros en las plazas est\u00e1n cautivos de las presiones, y los miedos que atenazan muchas veces  destruyen y destrozan faenas. En Madrid se estropean much\u00edsimas faenas por miedo a presi\u00f3n absurda  con la que vivimos la experiencia de Las Ventas los toreros\u00bb. En el campo, \u00abel t\u00edo Antonio era una cosa especial. Era una delicia, era una maravilla. En el campo es donde era m\u00e1s feliz y m\u00e1s disfrutaba\u00bb. <\/p>\n<p class=\"voc-p\" style=\"\">Porque adem\u00e1s, no era s\u00f3lo eso: Miguel se volv\u00eda con \u00e9l en coche, y \u00abuna de las maravillas de Antonio, era cuando se hab\u00eda terminado el tentadero, c\u00f3mo desmenuzaba todo. Eso era impresionante\u00bb. No se llega a ese nivel de maestr\u00eda sin esos conocimientos ni valor. Continuador de ese concepto del toreo es Espl\u00e1: \u00abBueno, pongo voluntad\u00bb, dijo ante las risas de los presentes-. <\/p>\n<p class=\"voc-p\" style=\"\">Explic\u00f3 el alicantino que \u00abahora el toro es m\u00e1s bravo que nunca, pero tambi\u00e9n m\u00e1s previsible que nunca. Antes, cada encaste era distinto, se notaba en comportamiento, morfolog\u00eda&#8230; Era un puzzle que t\u00fa ten\u00edas que resolver a la vez que ibas pegando pases, casi intuitivamente. Pero esos toreros estaban preparados para solucionar todas estas cuestiones que planteaba el toro\u00bb.<\/p>\n<p class=\"voc-p\" style=\"\">\u00bfEra m\u00e1s Jos\u00e9 o Juan? Luis Francisco sabe la respuesta: \u00abCuando era menester, era Joselito, y cuando cambiaba el toro, era un torero de arte. Su mayor virtud fue ser el torero que deb\u00eda en cada toro, sin traicionar su esencia\u00bb, algo que no es sencillo. Sent\u00eda don Antonio especial debilidad por el paleto de Borox. \u00abA los toreros nos suele fascinar un torero que suele ser antag\u00f3nico a tu concepto del toreo. Mi padre (\u00c1ngel Luis Bienvenida) era de Manolete, y el t\u00edo Antonio de Domingo Ortega\u00bb: \u00abEfectivamente\u00bb, asent\u00eda Espl\u00e1. \u00ab\u00a1Por eso yo soy de Morante!\u00bb.<\/p>\n<p class=\"voc-p\" style=\"\">De Joselito a Morante, sin olvidar a Domingu\u00edn, sin olvidar a Guerrita, Marcial Lalanda, Pepe Luis V\u00e1zquez&#8230; Nombre insignes de la tauromaquia que salieron a relucir al contar la historia de un maestro cuya aportaci\u00f3n a la tauromaquia contin\u00faa viva., y que disfrutaron los presentes, en un lleno de &#8216;no hay billetes&#8217;, en la sala con el nombre del hijo del Papa Negro. Estuvieron entre los presentes toreros como Uceda Leal, y Miguel Mart\u00edn, que inaugur\u00f3 el acto.<\/p>\n<p class=\"voc-p\" style=\"\">Tras las an\u00e9cdotas, cerr\u00f3 el coloquio Gonzalo Bienvenida agradeciendo los tres protagonistas, tres maestros: Espl\u00e1, \u00abcontinuador del legado de mi abuelo\u00bb, Miguel Bienvenida, \u00abmaestro de la vida, que nos has transmitido lo que la generaci\u00f3n anterior te leg\u00f3\u00bb, y Federico Arn\u00e1s, \u00abmaestro del periodismo\u00bb. <\/p>\n<p class=\"voc-p\" style=\"\">\u00abQu\u00e9 pena que no haya durado m\u00e1s\u00bb, \u00abestar\u00eda aqu\u00ed horas escuch\u00e1ndoles\u00bb, sal\u00edan diciendo los aficionados, que se quedaron un rato paladeando la chara, y continuaron aprendiendo de la trayectoria de Bienvenida en Madrid en una cuidada y bonita exposici\u00f3n que se podr\u00e1 ver hasta que finalice la Feria de Oto\u00f1o en los bajos de los tendidos 1 y 2.<\/p>\n","protected":false},"excerpt":{"rendered":"\u00abLa caballerosidad, torer\u00eda y hombr\u00eda de bien del maestro le hab\u00edan convertido en uno de los personajes m\u00e1s&hellip;\n","protected":false},"author":2,"featured_media":162741,"comment_status":"","ping_status":"","sticky":false,"template":"","format":"standard","meta":{"footnotes":""},"categories":[277],"tags":[988,1247,5228,373,35396,168,25,24,5010,20065,26723,23,167,374],"class_list":{"0":"post-162740","1":"post","2":"type-post","3":"status-publish","4":"format-standard","5":"has-post-thumbnail","7":"category-toreo","8":"tag-anos","9":"tag-antonio","10":"tag-bienvenida","11":"tag-bullfighting","12":"tag-cincuenta","13":"tag-deportes","14":"tag-es","15":"tag-espana","16":"tag-eterna","17":"tag-maestro","18":"tag-sonrisa","19":"tag-spain","20":"tag-sports","21":"tag-toreo"},"share_on_mastodon":{"url":"","error":""},"_links":{"self":[{"href":"https:\/\/www.europesays.com\/es\/wp-json\/wp\/v2\/posts\/162740","targetHints":{"allow":["GET"]}}],"collection":[{"href":"https:\/\/www.europesays.com\/es\/wp-json\/wp\/v2\/posts"}],"about":[{"href":"https:\/\/www.europesays.com\/es\/wp-json\/wp\/v2\/types\/post"}],"author":[{"embeddable":true,"href":"https:\/\/www.europesays.com\/es\/wp-json\/wp\/v2\/users\/2"}],"replies":[{"embeddable":true,"href":"https:\/\/www.europesays.com\/es\/wp-json\/wp\/v2\/comments?post=162740"}],"version-history":[{"count":0,"href":"https:\/\/www.europesays.com\/es\/wp-json\/wp\/v2\/posts\/162740\/revisions"}],"wp:featuredmedia":[{"embeddable":true,"href":"https:\/\/www.europesays.com\/es\/wp-json\/wp\/v2\/media\/162741"}],"wp:attachment":[{"href":"https:\/\/www.europesays.com\/es\/wp-json\/wp\/v2\/media?parent=162740"}],"wp:term":[{"taxonomy":"category","embeddable":true,"href":"https:\/\/www.europesays.com\/es\/wp-json\/wp\/v2\/categories?post=162740"},{"taxonomy":"post_tag","embeddable":true,"href":"https:\/\/www.europesays.com\/es\/wp-json\/wp\/v2\/tags?post=162740"}],"curies":[{"name":"wp","href":"https:\/\/api.w.org\/{rel}","templated":true}]}}