{"id":162754,"date":"2025-10-08T11:49:08","date_gmt":"2025-10-08T11:49:08","guid":{"rendered":"https:\/\/www.europesays.com\/es\/162754\/"},"modified":"2025-10-08T11:49:08","modified_gmt":"2025-10-08T11:49:08","slug":"comunicado-urgente-de-raquel-mosquera-tras-el-problema-de-su-marido-me-mantengo-fuerte","status":"publish","type":"post","link":"https:\/\/www.europesays.com\/es\/162754\/","title":{"rendered":"Comunicado urgente de Raquel Mosquera tras el problema de su marido: \u00abMe mantengo fuerte\u00bb"},"content":{"rendered":"<p style=\"\">El marido de <a href=\"https:\/\/www.abc.es\/gente\/raquel-mosquera-irreconocible-tras-cambio-fisico-filtros-20250708195222-nt.html\" target=\"_self\" data-voc-vtm-id=\"in-text-traffic\" title=\"Raquel Mosquera\" data-mrf-link=\"www.abc.es\" rel=\"nofollow noopener\">Raquel Mosquera<\/a>, Isi, se encuentra retenido en Francia y <strong>privado de libertad<\/strong>. Es todo lo que se sabe y de momento el resto es pura <strong>especulaci\u00f3n<\/strong>. Ahora ha salido a la palestra la peluquera para emitir <strong>un comunicado urgente<\/strong> &#8230;  en el que ha asegurado que se mantiene \u00ab<strong>fuerte<\/strong>\u00bb.<\/p>\n<p class=\"voc-p\" style=\"\">Tras concederse unos meses de tregua despu\u00e9s de largas pol\u00e9micas, el nombre de <a href=\"https:\/\/www.abc.es\/gente\/primeras-palabras-raquel-mosquera-despues-boda-secreta-20240802111907-nt.html\" target=\"_self\" data-voc-vtm-id=\"in-text-traffic\" title=\"Raquel Mosquera\" data-mrf-link=\"www.abc.es\" rel=\"nofollow noopener\">Raquel Mosquera<\/a> ha vuelto a acaparar titulares, seguramente muy a su pesar. Dicen que atraviesa <strong>una delicada situaci\u00f3n familiar<\/strong> desde hace ya un tiempo y que aunque ha procurado seguir con su rutina y vida habitual, ya nada es como antes.<\/p>\n<p class=\"voc-p\" style=\"\">El periodista Kike Calleja hizo saltar todas las alarmas cuando anunci\u00f3 que Isi se encuentra en Francia privado de libertad: \u00abEs algo tan grave que <strong>puede afectar a su vida sentimental<\/strong>, pero no es una infidelidad\u00bb. No quiso entrar en detalles y advirti\u00f3 de que \u00abes una informaci\u00f3n bastante comprometida\u00bb.<\/p>\n<p>\nUn antes y un despu\u00e9s\n<\/p>\n<p class=\"voc-p\" style=\"\">\u00abEs una informaci\u00f3n tan delicada que trastocar\u00eda la vida de la pareja. Los vecinos se han sorprendido de que supi\u00e9ramos lo que vamos a contar y ellos ya lo sospechaban. Va a haber un antes y un despu\u00e9s en la vida de Raquel y de su marido. <strong>Lleva sucediendo desde hace algunos meses<\/strong>\u00bb, agreg\u00f3.<\/p>\n<p class=\"voc-p\" style=\"\">Los vecinos dicen que hace tiempo que no ven a Raquel Mosquera y que ya no baja ni siquiera a la piscina comunitaria. <strong>Hace cuatro meses que tampoco ven a Isi<\/strong>. \u00abNo podemos contar los motivos por los que est\u00e1 en esta situaci\u00f3n porque es un tema muy delicado\u00ab, coment\u00f3 Kike Calleja.<\/p>\n<p class=\"voc-p\" style=\"\">Aunque en un principio la viuda de Pedro Carrasco se neg\u00f3 a hacer cualquier comentario sobre lo que est\u00e1 pasando, la bola de nieve ha ido creciendo tanto que ahora la peluquera se ha visto obligada a salir al frente para emitir un comunicado en sus redes sociales. \u00abAgradezco, inmensamente,<strong> todas las muestras de cari\u00f1o y afecto<\/strong>, de todos vosotros, mis allegados, amigos y familia. De todo coraz\u00f3n\u00bb, comenzaba.<\/p>\n<p>\nla advertencia de Raquel Mosquera\n<\/p>\n<p class=\"voc-p\" style=\"\">Luego llegaba la amenaza, escrita de forma un poco confusa: \u00abQue se atengan a las consecuencias, todas aquellas personas, que quieran <strong>aprovecharse de esta situaci\u00f3n y se inventen cosas<\/strong>, sin contrastarlas, igualmente aquellos programas, en los cuales lleven personas o personajes, que sea mentira, lo que vayan a contar, incluso ni nos conozcan de nada, para subirse al carro y no se aseguren antes de contratarles, por el bien del programa. La informaci\u00f3n con ellos, de que sea verdad, de lo que vayan a contar\u00ab, ha advertido.<\/p>\n<p class=\"voc-p\" style=\"\"><a href=\"https:\/\/www.abc.es\/gente\/raquel-mosquera-condena-violencia-general-malos-tratos-20221113032214-nt.html\" target=\"_self\" data-voc-vtm-id=\"in-text-traffic\" title=\"Raquel Mosquera\" data-mrf-link=\"www.abc.es\" rel=\"nofollow noopener\">Raquel Mosquera<\/a> ha querido subrayar que de momento va a optar por el silencio y que no va a aclarar mucho m\u00e1s sobre lo que le est\u00e1 pasando a Isi. Textualmente ha escrito: \u00abYa que en estos momentos, <strong>prefiero guardar silencio<\/strong> y no hacer ning\u00fan tipo de comentarios, eso no quiere decir, que no tenga mi abogado penalista, pendiente de todo. Cuando yo crea que es, el momento de hablar y me sienta con ganas lo har\u00e9. Explicar\u00e9, lo que yo crea que tenga que aclarar\u00bb.<\/p>\n<p>\nSe mantiene fuerte\n<\/p>\n<p class=\"voc-p\" style=\"\">Adem\u00e1s, la peluquera ha recalcado que se mantiene \u00abfuerte\u00bb especialmente por quienes est\u00e1 a su lado. \u00ab<strong>Por mis hijos, mi familia y aquellas personas que me rodean<\/strong>, d\u00eda a d\u00eda. Como son mis clientas amigas y compa\u00f1eras profesionales de trabajo\u00bb, ha escrito.<\/p>\n<p class=\"voc-p\" style=\"\">Para terminar el mensaje, <a href=\"https:\/\/www.abc.es\/gente\/abci-raquel-mosquera-peluquera-viuda-lleva-viviendo-herencia-pedro-carrasco-toda-vida-202202142040_noticia.html\" target=\"_self\" data-voc-vtm-id=\"in-text-traffic\" title=\"Raquel Mosquera\" data-mrf-link=\"www.abc.es\" rel=\"nofollow noopener\">Raquel Mosquera<\/a> ha querido agradecer el cari\u00f1o recibido con estas palabras, sin quitar una sola coma: \u00abUn abrazo y un beso grande. Para todas aquellas personas, que me quer\u00e9is, respet\u00e1is, confi\u00e1is y cre\u00e9is siempre en m\u00ed. Ya que sab\u00e9is, que cuando yo hablo, <strong>hablo muy clarito<\/strong>, sin pelos en la lengua, de coraz\u00f3n y con la verdad por delante, como he hecho siempre\u00bb.<\/p>\n","protected":false},"excerpt":{"rendered":"El marido de Raquel Mosquera, Isi, se encuentra retenido en Francia y privado de libertad. Es todo lo&hellip;\n","protected":false},"author":2,"featured_media":162755,"comment_status":"","ping_status":"","sticky":false,"template":"","format":"standard","meta":{"footnotes":""},"categories":[174],"tags":[255,14699,146,147,25,24,256,5514,48183,22167,5421,9632,11917,23,575,10157],"class_list":{"0":"post-162754","1":"post","2":"type-post","3":"status-publish","4":"format-standard","5":"has-post-thumbnail","7":"category-famosos","8":"tag-celebrities","9":"tag-comunicado","10":"tag-entertainment","11":"tag-entretenimiento","12":"tag-es","13":"tag-espana","14":"tag-famosos","15":"tag-fuerte","16":"tag-mantengo","17":"tag-marido","18":"tag-mosquera","19":"tag-problema","20":"tag-raquel","21":"tag-spain","22":"tag-tras","23":"tag-urgente"},"share_on_mastodon":{"url":"","error":""},"_links":{"self":[{"href":"https:\/\/www.europesays.com\/es\/wp-json\/wp\/v2\/posts\/162754","targetHints":{"allow":["GET"]}}],"collection":[{"href":"https:\/\/www.europesays.com\/es\/wp-json\/wp\/v2\/posts"}],"about":[{"href":"https:\/\/www.europesays.com\/es\/wp-json\/wp\/v2\/types\/post"}],"author":[{"embeddable":true,"href":"https:\/\/www.europesays.com\/es\/wp-json\/wp\/v2\/users\/2"}],"replies":[{"embeddable":true,"href":"https:\/\/www.europesays.com\/es\/wp-json\/wp\/v2\/comments?post=162754"}],"version-history":[{"count":0,"href":"https:\/\/www.europesays.com\/es\/wp-json\/wp\/v2\/posts\/162754\/revisions"}],"wp:featuredmedia":[{"embeddable":true,"href":"https:\/\/www.europesays.com\/es\/wp-json\/wp\/v2\/media\/162755"}],"wp:attachment":[{"href":"https:\/\/www.europesays.com\/es\/wp-json\/wp\/v2\/media?parent=162754"}],"wp:term":[{"taxonomy":"category","embeddable":true,"href":"https:\/\/www.europesays.com\/es\/wp-json\/wp\/v2\/categories?post=162754"},{"taxonomy":"post_tag","embeddable":true,"href":"https:\/\/www.europesays.com\/es\/wp-json\/wp\/v2\/tags?post=162754"}],"curies":[{"name":"wp","href":"https:\/\/api.w.org\/{rel}","templated":true}]}}