{"id":162767,"date":"2025-10-08T11:57:11","date_gmt":"2025-10-08T11:57:11","guid":{"rendered":"https:\/\/www.europesays.com\/es\/162767\/"},"modified":"2025-10-08T11:57:11","modified_gmt":"2025-10-08T11:57:11","slug":"taylor-swift-con-el-look-perfecto-para-lucir-piernas-mientras-sigue-sorteando-polemicas","status":"publish","type":"post","link":"https:\/\/www.europesays.com\/es\/162767\/","title":{"rendered":"Taylor Swift, con el look perfecto para lucir piernas mientras sigue sorteando pol\u00e9micas"},"content":{"rendered":"<p id=\"eicAT2xqzY\" data-wc=\"120\">El 3 de octubre de 2025, es decir, poco m\u00e1s de un mes atr\u00e1s, los Swifties (y muchos no Swifties) enloquecieron. Y es que <strong>Taylor Swift<\/strong> publicaba su duod\u00e9cimo \u00e1lbum de estudio, The Life of a Showgirl. La cantante estadounidense, <a class=\"hm-link ho-link\" href=\"https:\/\/www.hola.com\/actualidad\/20251003859552\/taylor-swift-presume-de-anillo-de-boda\/\" data-mrf-recirculation=\"article-body-link\" rel=\"nofollow noopener\" target=\"_blank\">prometida con el jugador de la National Football League Travis Kelce<\/a>, que milita en el Kansas City Chiefs, abraza de nuevo el pop-glam con este trabajo compuesto por 12 temas, el m\u00e1s conciso, del que ha anunciado no habr\u00e1 bonus ni ampliaciones. Sin embargo, <a class=\"hm-link ho-link\" href=\"https:\/\/www.hola.com\/actualidad\/20251007860172\/taylor-swift-y-las-5-polemicas-que-rodean-a-su-nuevo-disco\/\" data-mrf-recirculation=\"article-body-link\" rel=\"nofollow noopener\" target=\"_blank\">las pol\u00e9micas no se hicieron esperar<\/a>, aunque ella siga con su d\u00eda a d\u00eda, como demuestra su \u00faltima aparici\u00f3n en Nueva York con un look que es pura tendencia y que le hace tener piernas quilom\u00e9tricas.<\/p>\n<p> <img src=\"https:\/\/www.europesays.com\/es\/wp-content\/uploads\/2025\/10\/4d6c4c133c04-dlu592694005.jpg\"   width=\"682\" height=\"1024\" loading=\"lazy\" decoding=\"async\" alt=\"Taylor Swift\" fetchpriority=\"auto\" class=\"image ho-image\"\/>\u00a9 GTRES<br \/>\nLas pol\u00e9micas de Taylor Swift<\/p>\n<p id=\"eDw11Pl8Hcd\" data-wc=\"111\">Antes de analizar su inspirador look, hagamos un breve repaso de las pol\u00e9micas que giran en torno a Taylor Swift y, principalmente, tras el lanzamiento de The Life of a Showgirl. Por un lado, muchos admiradores han resaltado que algunas de las nuevas letras, como las del tema Wood, son muy expl\u00edcitas y menos rom\u00e1nticas y adolescentes en cuanto a sentimientos. Por otro, tambi\u00e9n se ha debatido que algunos de los trabajos se asemejan a \u00e9xitos anteriores, por ejemplo, de grupos como The Jackson 5. Y, a todo esto, se unen enfrentamientos a estrellas como Charlie XCX, a quien responde en la canci\u00f3n Actually Romantic, donde no deja t\u00edtere con cabeza.<\/p>\n<p> <img src=\"https:\/\/www.europesays.com\/es\/wp-content\/uploads\/2025\/10\/889b550894bc-gettyimages-2239371751.jpg\"   width=\"747\" height=\"1024\" loading=\"lazy\" decoding=\"async\" alt=\"Taylor Swift\" fetchpriority=\"auto\" class=\"image ho-image\"\/>\u00a9 Getty Images<\/p>\n<p> <img src=\"https:\/\/www.europesays.com\/es\/wp-content\/uploads\/2025\/10\/f2c48606ef26-dlu592694012.jpg\"   width=\"682\" height=\"1024\" loading=\"lazy\" decoding=\"async\" alt=\"Taylor Swift\" fetchpriority=\"auto\" class=\"image ho-image\"\/>\u00a9 GTRES<br \/>\nUn look de m\u00e1s de 6.000 euros<\/p>\n<p id=\"e1AUoElGz7g\" data-wc=\"81\">Y esto no es todo porque tambi\u00e9n faltan las pol\u00e9micas por sus amistadas, como la que se rompi\u00f3 con Blake Lively. Sin embargo, demostrando seguir adelante, los compromisos personales no se han reducido en su agenda, como afront\u00e1bamos. Ayer por la noche, Taylor Swift dejaba a un lado el trabajo y era fotografiada por Nueva York mientras acud\u00eda a cenar al steackhouse The Eighty Six, en el West Village. Para la ocasi\u00f3n, adopto una imagen de est\u00e9tica college con gui\u00f1os setentero.\u00a0<\/p>\n<p> <img src=\"https:\/\/www.europesays.com\/es\/wp-content\/uploads\/2025\/10\/c7825c6362b7-dlu592694011.jpg\"   width=\"682\" height=\"1024\" loading=\"lazy\" decoding=\"async\" alt=\"Taylor Swift\" fetchpriority=\"auto\" class=\"image ho-image\"\/>\u00a9 GTRES<\/p>\n<p> <img src=\"https:\/\/www.europesays.com\/es\/wp-content\/uploads\/2025\/10\/62e04d35c78c-dlu592694010.jpg\"   width=\"682\" height=\"1024\" loading=\"lazy\" decoding=\"async\" alt=\"Taylor Swift\" fetchpriority=\"auto\" class=\"image ho-image\"\/>\u00a9 GTRES<\/p>\n<p id=\"eLlXpk0cpZd\" data-wc=\"110\">En su look, muy inspiracional para este oto\u00f1o de 2025, la estadounidense luc\u00eda una minifalda de cuadros tart\u00e1n y acabado plisado, de Miu Miu (1.700 euros); que combinaba con un top b\u00e1sico estilo turtle neck, de manga larga y en color negro. Como complementos, opt\u00f3 por llevar unas botas de piel marr\u00f3n y tac\u00f3n de 10,5 cent\u00edmetros, el modelo Cece de Jennifer Chamandi (1.600 euros); y un bolso con asa corta y logo dorado, el ic\u00f3nico Small 30 Montaigne Avenue de Dior (2.900 euros). Como joyas, adem\u00e1s de su anillo de compromiso con gran diamante, mostr\u00f3 varias pulseras, un colgante vintage con citrino y el reloj Santos Demoiselle de Cartier.<\/p>\n","protected":false},"excerpt":{"rendered":"El 3 de octubre de 2025, es decir, poco m\u00e1s de un mes atr\u00e1s, los Swifties (y muchos&hellip;\n","protected":false},"author":2,"featured_media":162768,"comment_status":"","ping_status":"","sticky":false,"template":"","format":"standard","meta":{"footnotes":""},"categories":[91],"tags":[1024,146,147,25,24,1023,23,3945,48187],"class_list":{"0":"post-162767","1":"post","2":"type-post","3":"status-publish","4":"format-standard","5":"has-post-thumbnail","7":"category-entretenimiento","8":"tag-actualidad-moda","9":"tag-entertainment","10":"tag-entretenimiento","11":"tag-es","12":"tag-espana","13":"tag-moda","14":"tag-spain","15":"tag-taylor-swift","16":"tag-tendencias-otono-invierno"},"share_on_mastodon":{"url":"","error":""},"_links":{"self":[{"href":"https:\/\/www.europesays.com\/es\/wp-json\/wp\/v2\/posts\/162767","targetHints":{"allow":["GET"]}}],"collection":[{"href":"https:\/\/www.europesays.com\/es\/wp-json\/wp\/v2\/posts"}],"about":[{"href":"https:\/\/www.europesays.com\/es\/wp-json\/wp\/v2\/types\/post"}],"author":[{"embeddable":true,"href":"https:\/\/www.europesays.com\/es\/wp-json\/wp\/v2\/users\/2"}],"replies":[{"embeddable":true,"href":"https:\/\/www.europesays.com\/es\/wp-json\/wp\/v2\/comments?post=162767"}],"version-history":[{"count":0,"href":"https:\/\/www.europesays.com\/es\/wp-json\/wp\/v2\/posts\/162767\/revisions"}],"wp:featuredmedia":[{"embeddable":true,"href":"https:\/\/www.europesays.com\/es\/wp-json\/wp\/v2\/media\/162768"}],"wp:attachment":[{"href":"https:\/\/www.europesays.com\/es\/wp-json\/wp\/v2\/media?parent=162767"}],"wp:term":[{"taxonomy":"category","embeddable":true,"href":"https:\/\/www.europesays.com\/es\/wp-json\/wp\/v2\/categories?post=162767"},{"taxonomy":"post_tag","embeddable":true,"href":"https:\/\/www.europesays.com\/es\/wp-json\/wp\/v2\/tags?post=162767"}],"curies":[{"name":"wp","href":"https:\/\/api.w.org\/{rel}","templated":true}]}}