{"id":162781,"date":"2025-10-08T12:04:09","date_gmt":"2025-10-08T12:04:09","guid":{"rendered":"https:\/\/www.europesays.com\/es\/162781\/"},"modified":"2025-10-08T12:04:09","modified_gmt":"2025-10-08T12:04:09","slug":"sabes-cuantos-matadores-de-toros-ha-dado-la-escuela-taurina-de-salamanca-la-orla-con-todos-ya-esta-en-el-museo-taurino","status":"publish","type":"post","link":"https:\/\/www.europesays.com\/es\/162781\/","title":{"rendered":"\u00bfSabes cu\u00e1ntos matadores de toros ha dado la Escuela taurina de Salamanca? La orla con todos ya est\u00e1 en el Museo taurino"},"content":{"rendered":"<p><a class=\"v-mdl-ath__fig-a\" href=\"https:\/\/www.lagacetadesalamanca.es\/autor\/javier-lorenzo-5975.html\" title=\"Javier Lorenzo\" rel=\"nofollow noopener\" target=\"_blank\"><br \/>\n<img decoding=\"async\" class=\"v-mdl-ath__img\" src=\"https:\/\/www.europesays.com\/es\/wp-content\/uploads\/2025\/09\/1757748131_340_autor-5975-foto-1.png\" alt=\"Javier Lorenzo\"\/><br \/>\n<\/a><\/p>\n<p class=\"v-mdl-ath__p v-mdl-ath__p--6\">\nMi\u00e9rcoles, 8 de octubre 2025, 12:59<\/p>\n<p class=\"v-p\">El <strong>diputado<\/strong><strong>Jes\u00fas Mar\u00eda Ortiz<\/strong>, <strong>responsable del \u00c1rea de Tauromaquia de la Diputaci\u00f3n de Salamanca<\/strong>, y <strong>Jos\u00e9 Ignacio S\u00e1nchez<\/strong>, como <strong>director de la Escuela Taurina<\/strong> del organismo provincial, han hecho entrega al <strong>Museo taurino<\/strong> de la ciudad de una orla en la que aparecen todos los alumnos que llegaron a cumplir el sue\u00f1o de convertirse en matadores de toros y que en su d\u00eda pasaron por este centro de formaci\u00f3n de toreros en el a\u00f1o en el que se cumplen cuatro d\u00e9cadas de la fundaci\u00f3n de la Escuela. Desde <strong>Joselito Mu\u00f1oz<\/strong>, que fue el primero en 1988 hasta el riojano <strong>Fabio Jim\u00e9nez<\/strong> que ha sido el \u00faltimo el pasado 15 de agosto. Precisamente, esta orla se hizo este verano con motivo de la exposici\u00f3n que tuvo lugar el pasado mes de septiembre en el <strong>Casino de Salamanca<\/strong> a raz\u00f3n de esta efem\u00e9ride con objetos y recuerdos hist\u00f3ricos de la propia Escuela y sus grandes protagonistas.<\/p>\n<p class=\"v-p\"><strong>Carmen Segu\u00edn<\/strong>, <strong>concejal de Festejos y Tradiciones del Ayuntamiento de Salamanca<\/strong>, fue la encargada de recibir la orla esta ma\u00f1ana en el propio Museo taurino, pasando a formar parte del legado del centro cultural e hist\u00f3rico taurino m\u00e1s importante de la ciudad, que lo expondr\u00e1 para disfrute de los aficionados en el rinc\u00f3n que aqu\u00ed tiene la Escuela de Tauromaquia de Salamanca.<\/p>\n<p><img decoding=\"async\" loading=\"lazy\" src=\"https:\/\/www.europesays.com\/es\/wp-content\/uploads\/2025\/10\/2matadorestoros.jpg\" class=\"v-a-img\" width=\"624\" height=\"385\" alt=\"Jos\u00e9 Ignacio S\u00e1nchez, Jes\u00fas Mar\u00eda Ortiz, Carmen Segu\u00edn y Pablo del Castillo, en el Museo taurino.\" data-voc-vtm-id=\"in-text-traffic\"\/><\/p>\n<p>Jos\u00e9 Ignacio S\u00e1nchez, Jes\u00fas Mar\u00eda Ortiz, Carmen Segu\u00edn y Pablo del Castillo, en el Museo taurino.<\/p>\n<p><img loading=\"lazy\" decoding=\"async\" src=\"https:\/\/www.europesays.com\/es\/wp-content\/uploads\/2025\/10\/2matadorestoros.jpg\" class=\"v-mdl__img-z\" width=\"624\" height=\"385\" alt=\"\"\/><\/p>\n<p class=\"v-p\"><strong>Esta es la lista de los matadores de toros que ha dado la Escuela taurina de Salamanca en sus 40 a\u00f1os de historia<\/strong>:<\/p>\n<p class=\"v-p\">1. JOSELITO MU\u00d1OZ. Pe\u00f1aranda (Salamanca), 27-08-1988<\/p>\n<p class=\"v-p\">2. JOS\u00c9 LUIS RAMOS. Salamanca, 14-09-1988<\/p>\n<p class=\"v-p\">3. JULIO NORTE. \u00cdscar (Valladolid), 05-08-1989<\/p>\n<p class=\"v-p\">4. JOS\u00c9 RUB\u00c9N. Vitigudino (Salamanca), 16-08-1992<\/p>\n<p class=\"v-p\">5. ANDR\u00c9S S\u00c1NCHEZ. Salamanca, 11-09-1993<\/p>\n<p class=\"v-p\">6. JOS\u00c9 IGNACIO S\u00c1NCHEZ. Santander, 29-07-1994<\/p>\n<p class=\"v-p\">7. DIEGO GONZ\u00c1LEZ. Bogot\u00e1 (Colombia), 11-12-1994<\/p>\n<p class=\"v-p\">8. PEPE LUIS GALLEGO. Fuentesa\u00faco (Zamora), 08-07-1996<\/p>\n<p class=\"v-p\">9. JULI\u00c1N GUERRA. Salamanca, 21-09-1996<\/p>\n<p class=\"v-p\">10. PORRITAS DE GUIJUELO. Guijuelo (Salamanca), 15-08-1997<\/p>\n<p class=\"v-p\">11. JOS\u00c9 RAM\u00d3N MART\u00cdN. Fuentesa\u00faco (Zamora), 05-07-1998<\/p>\n<p class=\"v-p\">12. ANTONIO MART\u00cdN. Tudela (Valladolid), 16-08-1998<\/p>\n<p class=\"v-p\">13. L\u00d3PEZ CHAVES. Salamanca, 15-09-1998<\/p>\n<p class=\"v-p\">14. JUAN DIEGO. Salamanca, 15-09-1999<\/p>\n<p class=\"v-p\">15. \u00c1LVARO DE LA CALLE. \u00c1vila, 15-10-1999<\/p>\n<p class=\"v-p\">16. JOS\u00c9 LUIS BARRERO. Guijuelo (Salamanca), 19-08-2000<\/p>\n<p class=\"v-p\">17. JAVIER CASTA\u00d1O. San Sebasti\u00e1n, 01-04-2001<\/p>\n<p class=\"v-p\">18. LEANDRO MARCOS. Valladolid, 13-05-2002<\/p>\n<p class=\"v-p\">19. JAVIER VALVERDE. Salamanca, 12-06-2002<\/p>\n<p class=\"v-p\">20. MIGUEL \u00c1NGEL S\u00c1NCHEZ. Babilafuente (Salamanca), 16-08-2002<\/p>\n<p class=\"v-p\">21. SALVADOR RUANO. Babilafuente (Salamanca), 15-08-2003<\/p>\n<p class=\"v-p\">22. EDUARDO GALLO. San Sebasti\u00e1n, 09-08-2004<\/p>\n<p class=\"v-p\">23. ROBERTO CARLOS. Valladolid, 13-05-2005<\/p>\n<p class=\"v-p\">24. JUAN ANDR\u00c9S GONZ\u00c1LEZ. San Clemente (Cuenca), 04-06-2006<\/p>\n<p class=\"v-p\">25. RA\u00daL CUADRADO. Barcelona, 25-06-2006<\/p>\n<p class=\"v-p\">26. FRANCISCO JAVIER. Salamanca, 09-09-2007<\/p>\n<p class=\"v-p\">27. RICARDO RIVERA. Guadalajara (M\u00e9xico), 11-11-2007<\/p>\n<p class=\"v-p\">28. IKER COBO. Pe\u00f1aranda (Salamanca), 11-04-2009<\/p>\n<p class=\"v-p\">29. ROM\u00c1N P\u00c9REZ. Arles (Francia), 13-09-2009<\/p>\n<p class=\"v-p\">30. JUAN ANTONIO SIRO. Salamanca, 18-09-2009<\/p>\n<p class=\"v-p\">31. JUAN DEL \u00c1LAMO. Santander, 25-07-2011<\/p>\n<p class=\"v-p\">32. DAMI\u00c1N CASTA\u00d1O. Gij\u00f3n, 14-08-2012<\/p>\n<p class=\"v-p\">33. DIEGO RAMOS. Higuera la Real (Badajoz), 15-09-2012<\/p>\n<p class=\"v-p\">34. ALBERTO DUR\u00c1N. Zamora, 29-06-2013<\/p>\n<p class=\"v-p\">35. DANIEL MART\u00cdN. El Burgo de Osma (Soria), 17-08-2013<\/p>\n<p class=\"v-p\">36. ALEJANDRO MARCOS. Santander, 25-07-2017<\/p>\n<p class=\"v-p\">37. RAPHA\u00cbL RAUCOULE &#8216;EL RAFI&#8217;. Arles (Francia), 06-06-2021<\/p>\n<p class=\"v-p\">38. MANUEL DIOSLEGUARDE. Santander, 23-07-2022<\/p>\n<p class=\"v-p\">39. ANTONIO GRANDE. Alba de Tormes, 15-10-2022<\/p>\n<p class=\"v-p\">40. ALEJANDRO MORA. Bayona (Francia), 03-09-2023<\/p>\n<p class=\"v-p\">41. SERGIO RODR\u00cdGUEZ. \u00c1vila, 27-04-2024<\/p>\n<p class=\"v-p\">42. ISMAEL MART\u00cdN. Burgos, 29-06-2024<\/p>\n<p class=\"v-p\">43. JAROCHO. Palencia, 29-08-2024<\/p>\n<p class=\"v-p\">44. MARIO NAVAS. Valladolid, 05-09-2024<\/p>\n<p class=\"v-p\">45. EL ROQUE. Santa Cruz de Mudela, 08-09-2024<\/p>\n<p class=\"v-p\">46. JAVIER BLANCO. Moralzarzal (Madrid), 05-04-2025<\/p>\n<p class=\"v-p\">47. MARCO P\u00c9REZ. Arles (Francia), 06-06-2025<\/p>\n<p class=\"v-p\">48. FABIO JIM\u00c9NEZ. Alfaro (La Rioja), 15-08-2025<\/p>\n<p>Reporta un error<\/p>\n","protected":false},"excerpt":{"rendered":"Mi\u00e9rcoles, 8 de octubre 2025, 12:59 El diputadoJes\u00fas Mar\u00eda Ortiz, responsable del \u00c1rea de Tauromaquia de la Diputaci\u00f3n&hellip;\n","protected":false},"author":2,"featured_media":162782,"comment_status":"","ping_status":"","sticky":false,"template":"","format":"standard","meta":{"footnotes":""},"categories":[277],"tags":[373,28726,21339,168,25,9076,24,12723,470,48188,20647,3614,23,167,600,4953,374,444],"class_list":{"0":"post-162781","1":"post","2":"type-post","3":"status-publish","4":"format-standard","5":"has-post-thumbnail","7":"category-toreo","8":"tag-bullfighting","9":"tag-cuantos","10":"tag-dado","11":"tag-deportes","12":"tag-es","13":"tag-escuela","14":"tag-espana","15":"tag-matadores","16":"tag-museo","17":"tag-orla","18":"tag-sabes","19":"tag-salamanca","20":"tag-spain","21":"tag-sports","22":"tag-taurina","23":"tag-taurino","24":"tag-toreo","25":"tag-toros"},"share_on_mastodon":{"url":"","error":""},"_links":{"self":[{"href":"https:\/\/www.europesays.com\/es\/wp-json\/wp\/v2\/posts\/162781","targetHints":{"allow":["GET"]}}],"collection":[{"href":"https:\/\/www.europesays.com\/es\/wp-json\/wp\/v2\/posts"}],"about":[{"href":"https:\/\/www.europesays.com\/es\/wp-json\/wp\/v2\/types\/post"}],"author":[{"embeddable":true,"href":"https:\/\/www.europesays.com\/es\/wp-json\/wp\/v2\/users\/2"}],"replies":[{"embeddable":true,"href":"https:\/\/www.europesays.com\/es\/wp-json\/wp\/v2\/comments?post=162781"}],"version-history":[{"count":0,"href":"https:\/\/www.europesays.com\/es\/wp-json\/wp\/v2\/posts\/162781\/revisions"}],"wp:featuredmedia":[{"embeddable":true,"href":"https:\/\/www.europesays.com\/es\/wp-json\/wp\/v2\/media\/162782"}],"wp:attachment":[{"href":"https:\/\/www.europesays.com\/es\/wp-json\/wp\/v2\/media?parent=162781"}],"wp:term":[{"taxonomy":"category","embeddable":true,"href":"https:\/\/www.europesays.com\/es\/wp-json\/wp\/v2\/categories?post=162781"},{"taxonomy":"post_tag","embeddable":true,"href":"https:\/\/www.europesays.com\/es\/wp-json\/wp\/v2\/tags?post=162781"}],"curies":[{"name":"wp","href":"https:\/\/api.w.org\/{rel}","templated":true}]}}