{"id":162793,"date":"2025-10-08T12:12:13","date_gmt":"2025-10-08T12:12:13","guid":{"rendered":"https:\/\/www.europesays.com\/es\/162793\/"},"modified":"2025-10-08T12:12:13","modified_gmt":"2025-10-08T12:12:13","slug":"ella-dice-que-no-es-su-novio-pero-hay-beso","status":"publish","type":"post","link":"https:\/\/www.europesays.com\/es\/162793\/","title":{"rendered":"ella dice que no es su novio pero hay beso"},"content":{"rendered":"<p><img loading=\"lazy\" decoding=\"async\" src=\"https:\/\/www.europesays.com\/es\/wp-content\/uploads\/2025\/09\/100x100_informalia-logo.jpg\" itemtype=\"\/\/schema.org\/ImageObject\" itemprop=\"url\" alt=\"Informalia\" width=\"64\" height=\"64\" pinger-seen=\"true\"\/><\/p>\n<p><b>Eva Gonz\u00e1lez<\/b> est\u00e1 espl\u00e9ndida y radiante a menos de un mes de cumplir 45 a\u00f1os. Triunfa como presentadora de La Voz en Atresmedia y vuelve a ser noticia, pero esta vez no por su trabajo en televisi\u00f3n, sino por su vida personal.<b> La presentadora ha sido fotografiada en actitud cari\u00f1osa con un atractivo joven en Sevilla<\/b>. Las im\u00e1genes publicadas por la revista Lecturas muestran a Eva compartiendo un caf\u00e9 y confidencias con su acompa\u00f1ante en una terraza de la capital andaluza. M\u00e1s tarde, ambos vuelven a ser fotografiados en el coche de la sevillana compartiendo un beso que ha dado mucho de qu\u00e9 hablar.<\/p>\n<p>Aunque las fotograf\u00edas hablan por s\u00ed solas, Eva ha querido restar importancia al asunto.<b> \u00abNo tengo novio, es un amigo especial\u00bb<\/b>, ha declarado la ex de Cayetano Rivera, intentando zanjar las especulaciones sobre una nueva relaci\u00f3n. Aun as\u00ed, las instant\u00e1neas dejan entrever una complicidad evidente entre ambos. Eva Gonz\u00e1lez, que reside en la capital andaluza junto a su hijo Cayetano, disfruta de una etapa m\u00e1s serena de su vida. Desde su separaci\u00f3n del hijo de Carmina Ord\u00f3\u00f1ez hace ya tres a\u00f1os, la Miss ha centrado su tiempo en su familia y su carrera. \u00ab\u00bfQu\u00e9 m\u00e1s le puedo pedir a la vida? Tengo salud, trabajo, amistades y a mi ni\u00f1o, que es lo m\u00e1s importante\u00bb, dec\u00eda hace unos meses, asegurando estar feliz en su solter\u00eda.<\/p>\n<p>                            <img decoding=\"async\" src=\"https:\/\/www.europesays.com\/es\/wp-content\/uploads\/2025\/10\/evayetana-a.jpg\" loading=\"lazy\"\/><\/p>\n<p>Sin embargo, parece que la tranquilidad sentimental de Eva podr\u00eda haber dado un giro. En las im\u00e1genes se la ve sonriente, relajada y visiblemente c\u00f3moda junto a su acompa\u00f1ante, a quien algunos ya definen como su nueva ilusi\u00f3n, si bien ella dice que solo es un amigo (\u00abespecial\u00bb, eso s\u00ed). Tras tomar algo en una terraza cercana a su domicilio, ambos fueron vistos conduciendo por un barrio pr\u00f3ximo a la casa de la presentadora, mostrando gestos de cari\u00f1o y confianza. <\/p>\n<p>                            <img decoding=\"async\" src=\"https:\/\/www.europesays.com\/es\/wp-content\/uploads\/2025\/10\/beso-eva-1-1-1-1.jpg\" loading=\"lazy\"\/><\/p>\n<p>La historia de amor entre Eva Gonz\u00e1lez y Cayetano Rivera<\/p>\n<p>La historia de amor entre Eva Gonz\u00e1lez y Cayetano Rivera comenz\u00f3 en junio de 2008, aunque no se oficializ\u00f3 hasta principios de 2009. Un a\u00f1o despu\u00e9s, el torero le pidi\u00f3 matrimonio en Roma, ciudad que se convirti\u00f3 en un s\u00edmbolo de su relaci\u00f3n. Pese a su fuerte v\u00ednculo, vivieron altibajos. En 2013 se separaron temporalmente, aunque se reconciliaron meses despu\u00e9s. Finalmente, el 6 de noviembre de 2015 se casaron en una boda de ensue\u00f1o en Mairena del Alcor, el pueblo natal de la presentadora. Su felicidad se consolid\u00f3 con el nacimiento de su hijo Cayetano en marzo de 2018. Sin embargo, en 2019 comenzaron los rumores de crisis,<b> especialmente <a href=\"https:\/\/www.eleconomista.es\/informalia\/famosos\/noticias\/12015483\/10\/22\/Karelys-Rodriguez-y-las-llamadas-que-recibio-de-Eva-Gonzalez-No-supero-las-mentiras-de-Cayetano.html\" rel=\"nofollow noopener\" target=\"_blank\">tras publicarse unas im\u00e1genes del torero en Londres junto a la abogada canaria Karelys Rodr\u00edguez<\/a><\/b>. Aunque intentaron salvar su matrimonio, la distancia y las diferencias personales terminaron por separarlos definitivamente en 2022.<\/p>\n<p>                            <img decoding=\"async\" src=\"https:\/\/www.europesays.com\/es\/wp-content\/uploads\/2025\/10\/770x_karelys-s-s-s.jpg\" loading=\"lazy\" alt=\"Karelys\"\/><\/p>\n<p>                            Karelys, la tentaci\u00f3n que Cayetano no pudo vencer y le cost\u00f3 su matrimonio<\/p>\n<p>Eva sali\u00f3 con Iker Casillas y tambi\u00e9n fue novia de Arturo Valls<\/p>\n<p>Mientras Cayetano Rivera ha tenido intentos de rehacer su vida sentimental, como el que tuvo con la presentadora portuguesa<b> Maria Cerqueira Gomes<\/b>, con quien rompi\u00f3 no hace mucho, Eva ha preferido mantenerse centrada en su hijo y en su labor profesional al frente de varios programas de televisi\u00f3n. Ahora, en las nuevas im\u00e1genes parece que Eva Gonz\u00e1lez, m\u00e1s sonriente y relajada, disfruta de su presente sin etiquetas. Ella misma ha querido dejar claro que, por el momento, no hay un romance formal: \u00abEs solo un amigo especial\u00bb, insiste. Aun as\u00ed, el brillo en su mirada y la naturalidad con la que se muestra hacen pensar que la que fuera miss Espa\u00f1a en 2003 podr\u00eda estar viviendo un nuevo cap\u00edtulo sentimental. Eva sali\u00f3 con un opositor a Polic\u00eda Nacional antes de ser famosa. Despu\u00e9s, durante bastante tiempo, fue novia den <b>Iker Casillas, hasta 2008<\/b>. Antes, en 2004, fue novia de <b>Arturo Valls<\/b>. <\/p>\n<p>                            <img decoding=\"async\" src=\"https:\/\/www.europesays.com\/es\/wp-content\/uploads\/2025\/10\/770x_evacasillas-a-a-a.jpg\" loading=\"lazy\"\/><\/p>\n<p>                            <img decoding=\"async\" src=\"https:\/\/www.europesays.com\/es\/wp-content\/uploads\/2025\/10\/evarturo-a-a-a.jpg\" loading=\"lazy\"\/><\/p>\n<p>WhatsApp<a href=\"https:\/\/api.whatsapp.com\/send?text=https:\/\/www.eleconomista.es\/informalia\/famosos\/noticias\/13582724\/10\/25\/eva-gonzalez-pillada-dandose-un-beso-con-un-amigo-especial-ella-dice-que-no-es-su-novio-pero-hay-beso.html?utm_source%3Dwhatsapp%26utm_medium%3Dshare_button&amp;id=1648118629957_whatsapp\" target=\"_blank\" data-action=\"share\/whatsapp\/share\" aria-label=\"Compartir en Whatsapp\" rel=\"nofollow noopener\"><\/a>Facebook<a id=\"fb-share\" href=\"#\" target=\"_blank\" rel=\"noopener noreferrer\" aria-label=\"Compartir en Facebook\"><\/a>Twitter<a href=\"https:\/\/twitter.com\/share?text=Eva+Gonz%C3%A1lez%2C+pillada+d%C3%A1ndose+cari%C3%B1o+con+un+%22amigo+especial%22%3A+ella+dice+que+no+es+su+novio+pero+hay+beso&amp;url=https:\/\/www.eleconomista.es\/informalia\/famosos\/noticias\/13582724\/10\/25\/eva-gonzalez-pillada-dandose-un-beso-con-un-amigo-especial-ella-dice-que-no-es-su-novio-pero-hay-beso.html&amp;via=Informalia&amp;id=1648118839245_twitter\" target=\"_blank\" aria-label=\"Compartir en Twitter\" rel=\"nofollow noopener\"><\/a>Linkedin<a onclick=\"return abrirLinkedin();\" href=\"https:\/\/www.linkedin.com\/shareArticle?text=Eva+Gonz%C3%A1lez%2C+pillada+d%C3%A1ndose+cari%C3%B1o+con+un+%22amigo+especial%22%3A+ella+dice+que+no+es+su+novio+pero+hay+beso&amp;url=https:\/\/www.eleconomista.es\/informalia\/famosos\/noticias\/13582724\/10\/25\/eva-gonzalez-pillada-dandose-un-beso-con-un-amigo-especial-ella-dice-que-no-es-su-novio-pero-hay-beso.html&amp;mini=true\" target=\"_blank\" aria-label=\"Compartir en linkedin\" rel=\"nofollow noopener\"><\/a>Beloud<a href=\"https:\/\/beloud.com\/share?text=Eva+Gonz%C3%A1lez%2C+pillada+d%C3%A1ndose+cari%C3%B1o+con+un+%22amigo+especial%22%3A+ella+dice+que+no+es+su+novio+pero+hay+beso&amp;url=https:\/\/www.eleconomista.es\/informalia\/famosos\/noticias\/13582724\/10\/25\/eva-gonzalez-pillada-dandose-un-beso-con-un-amigo-especial-ella-dice-que-no-es-su-novio-pero-hay-beso.html&amp;via=Informalia&amp;id=1648118839245_beloud\" target=\"_blank\" aria-label=\"Compartir en beloud\" rel=\"nofollow noopener\"><\/a>Bluesky<a href=\"https:\/\/bsky.app\/intent\/compose?text=https:\/\/bsky.app\/intent\/compose?text=https:\/\/www.eleconomista.es\/informalia\/famosos\/noticias\/13582724\/10\/25\/eva-gonzalez-pillada-dandose-un-beso-con-un-amigo-especial-ella-dice-que-no-es-su-novio-pero-hay-beso.html&amp;url=https:\/\/www.eleconomista.es\/informalia\/famosos\/noticias\/13582724\/10\/25\/eva-gonzalez-pillada-dandose-un-beso-con-un-amigo-especial-ella-dice-que-no-es-su-novio-pero-hay-beso.html&amp;via=elEconomistaes&amp;id=1648118839245_bluesky\" target=\"_blank\" aria-label=\"Compartir en bluesky\" rel=\"nofollow noopener\"><\/a><\/p>\n<p><script async src=\"https:\/\/platform.twitter.com\/widgets.js\" charset=\"utf-8\"><\/script><\/p>\n","protected":false},"excerpt":{"rendered":"Eva Gonz\u00e1lez est\u00e1 espl\u00e9ndida y radiante a menos de un mes de cumplir 45 a\u00f1os. Triunfa como presentadora&hellip;\n","protected":false},"author":2,"featured_media":162794,"comment_status":"","ping_status":"","sticky":false,"template":"","format":"standard","meta":{"footnotes":""},"categories":[174],"tags":[255,146,147,25,24,256,260,23],"class_list":{"0":"post-162793","1":"post","2":"type-post","3":"status-publish","4":"format-standard","5":"has-post-thumbnail","7":"category-famosos","8":"tag-celebrities","9":"tag-entertainment","10":"tag-entretenimiento","11":"tag-es","12":"tag-espana","13":"tag-famosos","14":"tag-gente","15":"tag-spain"},"share_on_mastodon":{"url":"","error":""},"_links":{"self":[{"href":"https:\/\/www.europesays.com\/es\/wp-json\/wp\/v2\/posts\/162793","targetHints":{"allow":["GET"]}}],"collection":[{"href":"https:\/\/www.europesays.com\/es\/wp-json\/wp\/v2\/posts"}],"about":[{"href":"https:\/\/www.europesays.com\/es\/wp-json\/wp\/v2\/types\/post"}],"author":[{"embeddable":true,"href":"https:\/\/www.europesays.com\/es\/wp-json\/wp\/v2\/users\/2"}],"replies":[{"embeddable":true,"href":"https:\/\/www.europesays.com\/es\/wp-json\/wp\/v2\/comments?post=162793"}],"version-history":[{"count":0,"href":"https:\/\/www.europesays.com\/es\/wp-json\/wp\/v2\/posts\/162793\/revisions"}],"wp:featuredmedia":[{"embeddable":true,"href":"https:\/\/www.europesays.com\/es\/wp-json\/wp\/v2\/media\/162794"}],"wp:attachment":[{"href":"https:\/\/www.europesays.com\/es\/wp-json\/wp\/v2\/media?parent=162793"}],"wp:term":[{"taxonomy":"category","embeddable":true,"href":"https:\/\/www.europesays.com\/es\/wp-json\/wp\/v2\/categories?post=162793"},{"taxonomy":"post_tag","embeddable":true,"href":"https:\/\/www.europesays.com\/es\/wp-json\/wp\/v2\/tags?post=162793"}],"curies":[{"name":"wp","href":"https:\/\/api.w.org\/{rel}","templated":true}]}}