{"id":162814,"date":"2025-10-08T12:23:09","date_gmt":"2025-10-08T12:23:09","guid":{"rendered":"https:\/\/www.europesays.com\/es\/162814\/"},"modified":"2025-10-08T12:23:09","modified_gmt":"2025-10-08T12:23:09","slug":"lecornu-ve-opciones-de-alcanzar-un-acuerdo-que-evite-el-adelanto-electoral-en-francia-internacional","status":"publish","type":"post","link":"https:\/\/www.europesays.com\/es\/162814\/","title":{"rendered":"Lecornu ve opciones de alcanzar un acuerdo que evite el adelanto electoral en Francia | Internacional"},"content":{"rendered":"<p>El primer ministro franc\u00e9s, S\u00e9bastien Lecornu, asegur\u00f3 este mi\u00e9rcoles que aprecia una voluntad en los grupos pol\u00edticos para alcanzar un acuerdo que evite el adelanto electoral. Tras reunirse con diferentes formaciones, de centro y de derecha y antes de hacerlo este mi\u00e9rcoles con la izquierda, Lecornu asegur\u00f3 que hay \u00abuna voluntad de tener para Francia un presupuesto antes del 31 de diciembre\u00bb, esencial para la estabilidad del pa\u00eds.<\/p>\n<p>M\u00e1s informaci\u00f3n<\/p>\n<p>\u00abEsta voluntad de crear un movimiento de convergencia aleja las perspectivas de una disoluci\u00f3n\u00bb de la Asamblea Nacional, asegur\u00f3 el primer ministro en una corta intervenci\u00f3n en la sede del Ejecutivo.<\/p>\n<p>El jefe del Gobierno present\u00f3 su dimisi\u00f3n el pasado lunes pero fue encargado por el presidente, Emmanuel Macron, de explorar las posibilidades de un acuerdo que evite las elecciones, una pr\u00f3rroga que se agota este mi\u00e9rcoles.<\/p>\n<p>Este martes, Lecornu recibi\u00f3 a los componentes de la coalici\u00f3n macronista, con quienes acord\u00f3 centrar las negociaciones en el presupuesto y en el futuro inmediato de Nueva Caledonia, que aguarda una ley para mantenerse en Francia. Posteriormente negoci\u00f3 con la derecha moderada, cuyo presidente, Bruno Retailleau, que tambi\u00e9n es el ministro del Interior en funciones, alej\u00f3 las opciones de mantenerse en el Ejecutivo.<\/p>\n<p>El primer ministro tiene programadas en su agenda de este mi\u00e9rcoles reuniones con los socialistas, comunistas y ecologistas, claves para lograr un acuerdo que otorgue estabilidad al pa\u00eds.<\/p>\n<p><img loading=\"lazy\" decoding=\"async\" src=\"https:\/\/www.europesays.com\/es\/wp-content\/uploads\/2025\/10\/https:\/\/sdmedia.playser.cadenaser.com\/mcv\/playser\/multimedia\/20251006\/1096259_140555_still.0000001.j.jpeg\" width=\"9\" height=\"16\"\/><\/p>\n<p>\u00abQuiero conocer las concesiones que pueden hacer, porque ellos tambi\u00e9n quieren que haya un presupuesto antes del 31 de diciembre. Estamos en una situaci\u00f3n grave, es un momento de responsabilidad\u00bb, dijo el primer ministro.Los grupos de la izquierda llegan a las negociaciones con una reivindicaci\u00f3n clara, la supresi\u00f3n de la reforma de las pensiones que el Gobierno macronista adopt\u00f3 en 2023 sin mayor\u00eda parlamentaria y sin voto, lo que gener\u00f3 grandes protestas en el pa\u00eds.<\/p>\n<p>Lecornu no hizo ninguna referencia a esa reforma, aunque la actual ministra de Educaci\u00f3n, \u00c9lisabeth Borne, que dirig\u00eda el Gobierno cuando se adopt\u00f3, se mostr\u00f3 favorable a su suspensi\u00f3n.<\/p>\n<p>Algo que no convence a otros de los apoyos del presidente, como el exprimer ministro \u00c9doaurd Philippe o el actual titular de Econom\u00eda en funciones, Roland Lescure, que consider\u00f3 que dejarla en suspenso costar\u00eda \u00abcientos de millones en 2026 y miles de millones en 2027\u00bb.<\/p>\n<p>Lecornu dio pocos detalles sobre el contenido de las negociaciones, pero asegur\u00f3 que todos los grupos pol\u00edticos est\u00e1n de acuerdo en la necesidad de reducir el d\u00e9ficit del pa\u00eds y dejarlo entre el 4,7 y el 5 %, para cumplir los compromisos de Francia con la Uni\u00f3n Europea y no agravar el pago de intereses de la deuda.<\/p>\n<p>El primer ministro se\u00f1al\u00f3 que Francia necesita estabilidad en un momento geopol\u00edtico importante, por la situaci\u00f3n en Oriente Medio y en Ucrania, pero tambi\u00e9n por el deterioro de la imagen de Francia en el extranjero.\u00bbEn diferentes capitales desde hace varios d\u00edas se hacen preguntas\u00bb, reconoci\u00f3 el jefe del Gobierno.<\/p>\n","protected":false},"excerpt":{"rendered":"El primer ministro franc\u00e9s, S\u00e9bastien Lecornu, asegur\u00f3 este mi\u00e9rcoles que aprecia una voluntad en los grupos pol\u00edticos para&hellip;\n","protected":false},"author":2,"featured_media":162815,"comment_status":"","ping_status":"","sticky":false,"template":"","format":"standard","meta":{"footnotes":""},"categories":[42],"tags":[17,18,48192,4170,13,14,11,61,62,63,64,19,20,48193,48194,9,10,15,16,48195,48196,27550,12,21,22,65,66,67],"class_list":{"0":"post-162814","1":"post","2":"type-post","3":"status-publish","4":"format-standard","5":"has-post-thumbnail","7":"category-internacional","8":"tag-breaking-news","9":"tag-breakingnews","10":"tag-courtyard","11":"tag-crisis","12":"tag-featured-news","13":"tag-featurednews","14":"tag-headlines","15":"tag-internacional","16":"tag-international","17":"tag-international-news","18":"tag-internationalnews","19":"tag-latest-news","20":"tag-latestnews","21":"tag-matignon","22":"tag-mic","23":"tag-news","24":"tag-noticias","25":"tag-noticias-destacadas","26":"tag-noticiasdestacadas","27":"tag-pm-residence","28":"tag-resignation","29":"tag-statement","30":"tag-titulares","31":"tag-ultimas-noticias","32":"tag-ultimasnoticias","33":"tag-world","34":"tag-world-news","35":"tag-worldnews"},"share_on_mastodon":{"url":"","error":""},"_links":{"self":[{"href":"https:\/\/www.europesays.com\/es\/wp-json\/wp\/v2\/posts\/162814","targetHints":{"allow":["GET"]}}],"collection":[{"href":"https:\/\/www.europesays.com\/es\/wp-json\/wp\/v2\/posts"}],"about":[{"href":"https:\/\/www.europesays.com\/es\/wp-json\/wp\/v2\/types\/post"}],"author":[{"embeddable":true,"href":"https:\/\/www.europesays.com\/es\/wp-json\/wp\/v2\/users\/2"}],"replies":[{"embeddable":true,"href":"https:\/\/www.europesays.com\/es\/wp-json\/wp\/v2\/comments?post=162814"}],"version-history":[{"count":0,"href":"https:\/\/www.europesays.com\/es\/wp-json\/wp\/v2\/posts\/162814\/revisions"}],"wp:featuredmedia":[{"embeddable":true,"href":"https:\/\/www.europesays.com\/es\/wp-json\/wp\/v2\/media\/162815"}],"wp:attachment":[{"href":"https:\/\/www.europesays.com\/es\/wp-json\/wp\/v2\/media?parent=162814"}],"wp:term":[{"taxonomy":"category","embeddable":true,"href":"https:\/\/www.europesays.com\/es\/wp-json\/wp\/v2\/categories?post=162814"},{"taxonomy":"post_tag","embeddable":true,"href":"https:\/\/www.europesays.com\/es\/wp-json\/wp\/v2\/tags?post=162814"}],"curies":[{"name":"wp","href":"https:\/\/api.w.org\/{rel}","templated":true}]}}