{"id":162827,"date":"2025-10-08T12:32:08","date_gmt":"2025-10-08T12:32:08","guid":{"rendered":"https:\/\/www.europesays.com\/es\/162827\/"},"modified":"2025-10-08T12:32:08","modified_gmt":"2025-10-08T12:32:08","slug":"franco-se-metio-entre-los-mejores-segundos-pilotos-de-la-formula-1","status":"publish","type":"post","link":"https:\/\/www.europesays.com\/es\/162827\/","title":{"rendered":"Franco se meti\u00f3 entre los mejores segundos pilotos de la F\u00f3rmula 1"},"content":{"rendered":"<p>\t\t\t\t\t\t\t\tDeportes<\/p>\n<p>\t\t\t<img width=\"800\" height=\"450\" src=\"https:\/\/www.europesays.com\/es\/wp-content\/uploads\/2025\/10\/GettyImages-2233998305-scaled-1-800x450.jpg\" class=\"wp-post-image\" alt=\"Franco se meti\u00f3 entre los mejores segundos pilotos de la F\u00f3rmula 1\" loading=\"eager\"  fetchpriority=\"high\" decoding=\"async\" \/>\t\t\t\t\t\t\t<\/p>\n<p>\t\t\t\t\t08 Oct, 2025\n\t\t\t<\/p>\n<p><strong>El piloto argentino Franco Colapinto atraviesa uno de los mejores momentos de su temporada en la F\u00f3rmula 1, y una reciente estad\u00edstica lo posiciona entre los mejores segundos pilotos del campeonato, gracias a su rendimiento frente a su compa\u00f1ero de equipo en Alpine, Pierre Gasly.<\/strong><\/p>\n<p>Pese a que el A525 no logr\u00f3 darle puntos en lo que va del a\u00f1o, el pilarense mostr\u00f3 un <strong>notable crecimiento en ritmo y consistencia<\/strong> desde el regreso tras el par\u00f3n veraniego. Los problemas t\u00e9cnicos y las estrategias fallidas del equipo franc\u00e9s lo privaron de sumar unidades, pero su desempe\u00f1o individual sigue ganando reconocimiento dentro del paddock.<\/p>\n<p>El dato que lo destaca en la grilla<\/p>\n<p>Seg\u00fan un relevamiento de rendimiento interno, Colapinto super\u00f3 a <strong>Gasly en tres de las \u00faltimas cinco carreras<\/strong> y lo venci\u00f3 en <strong>cuatro de las \u00faltimas cinco clasificaciones<\/strong>. Si se toman en cuenta las <strong>once carreras<\/strong> que disput\u00f3 desde su llegada a Alpine, el historial est\u00e1 <strong>6-5 a favor del franc\u00e9s<\/strong>, aunque con matices: el argentino no corri\u00f3 en <strong>Silverstone<\/strong> por fallas en el monoplaza, cedi\u00f3 posici\u00f3n en <strong>Monza<\/strong> por orden de equipo y en <strong>M\u00f3naco<\/strong>, Gasly no lleg\u00f3 a la meta tras un choque.<\/p>\n<p>Si se ajusta ese registro, Colapinto tendr\u00eda una efectividad superior, quedando <strong>6-4 a su favor<\/strong>. Con esos n\u00fameros, el piloto de Pilar se ubica <strong>tercero entre los segundos pilotos m\u00e1s competitivos de la F\u00f3rmula 1<\/strong>, con un <strong>45% de efectividad<\/strong> frente a su compa\u00f1ero.<\/p>\n<p>Por encima de \u00e9l solo se encuentran <strong>Oliver Bearman<\/strong> (Ferrari), con un 50% frente a Esteban Ocon (9-9), y <strong>Gabriel Bortoleto<\/strong> (Sauber), con un 47% frente a Nico H\u00fclkenberg (pierde 9-8).<\/p>\n<p>Un futuro en juego dentro de Alpine<\/p>\n<p>El rendimiento de Colapinto podr\u00eda ser decisivo para <strong>asegurar su continuidad como piloto titular<\/strong> en 2026. Flavio Briatore, asesor ejecutivo de Alpine, definir\u00e1 a fines de octubre qui\u00e9n ocupar\u00e1 el <strong>segundo asiento<\/strong> del equipo entre el argentino y el piloto reserva <strong>Paul Aron<\/strong>.<\/p>\n","protected":false},"excerpt":{"rendered":"Deportes 08 Oct, 2025 El piloto argentino Franco Colapinto atraviesa uno de los mejores momentos de su temporada&hellip;\n","protected":false},"author":2,"featured_media":162828,"comment_status":"","ping_status":"","sticky":false,"template":"","format":"standard","meta":{"footnotes":""},"categories":[270],"tags":[168,25,24,306,271,272,23,167],"class_list":{"0":"post-162827","1":"post","2":"type-post","3":"status-publish","4":"format-standard","5":"has-post-thumbnail","7":"category-formula-1","8":"tag-deportes","9":"tag-es","10":"tag-espana","11":"tag-f1","12":"tag-formula-1","13":"tag-formula1","14":"tag-spain","15":"tag-sports"},"share_on_mastodon":{"url":"","error":""},"_links":{"self":[{"href":"https:\/\/www.europesays.com\/es\/wp-json\/wp\/v2\/posts\/162827","targetHints":{"allow":["GET"]}}],"collection":[{"href":"https:\/\/www.europesays.com\/es\/wp-json\/wp\/v2\/posts"}],"about":[{"href":"https:\/\/www.europesays.com\/es\/wp-json\/wp\/v2\/types\/post"}],"author":[{"embeddable":true,"href":"https:\/\/www.europesays.com\/es\/wp-json\/wp\/v2\/users\/2"}],"replies":[{"embeddable":true,"href":"https:\/\/www.europesays.com\/es\/wp-json\/wp\/v2\/comments?post=162827"}],"version-history":[{"count":0,"href":"https:\/\/www.europesays.com\/es\/wp-json\/wp\/v2\/posts\/162827\/revisions"}],"wp:featuredmedia":[{"embeddable":true,"href":"https:\/\/www.europesays.com\/es\/wp-json\/wp\/v2\/media\/162828"}],"wp:attachment":[{"href":"https:\/\/www.europesays.com\/es\/wp-json\/wp\/v2\/media?parent=162827"}],"wp:term":[{"taxonomy":"category","embeddable":true,"href":"https:\/\/www.europesays.com\/es\/wp-json\/wp\/v2\/categories?post=162827"},{"taxonomy":"post_tag","embeddable":true,"href":"https:\/\/www.europesays.com\/es\/wp-json\/wp\/v2\/tags?post=162827"}],"curies":[{"name":"wp","href":"https:\/\/api.w.org\/{rel}","templated":true}]}}