{"id":162831,"date":"2025-10-08T12:34:15","date_gmt":"2025-10-08T12:34:15","guid":{"rendered":"https:\/\/www.europesays.com\/es\/162831\/"},"modified":"2025-10-08T12:34:15","modified_gmt":"2025-10-08T12:34:15","slug":"almeyda-moldea-el-crecimiento-agoume-el-diamante-del-sevilla-en-futuros-mercados","status":"publish","type":"post","link":"https:\/\/www.europesays.com\/es\/162831\/","title":{"rendered":"Almeyda moldea el crecimiento Agoum\u00e9, el diamante del Sevilla en futuros mercados"},"content":{"rendered":"<p style=\"\">La positiva din\u00e1mica del <strong>Sevilla<\/strong> tiene muchos nombres propios, desde su portero <strong>Vlachodimos<\/strong> a ese canterano apellidado<strong> Carmona<\/strong> que crece en su rendimiento d\u00eda a d\u00eda, sin olvidar el rendimiento defensivo de <strong>C\u00e9sar Azpilicueta<\/strong> o la punter\u00eda de las \u00faltimas  &#8230; semanas de <strong>Akor Adams<\/strong>. Sin embargo, uno sobresale por encima del resto y no es otro que el entrenador, <strong>Mat\u00edas Almeyda<\/strong>. El argentino ha conseguido en apenas unos meses cambiarle completamente la cara al Sevilla, desde sus resultados a las propias sensaciones de los futbolistas, quienes ahora disfrutan en la hierba, sabiendo siempre que si hacen lo que les dice el entrenador estar\u00e1n m\u00e1s cerca de la victoria. Dentro de esos nombres propios sigue floreciendo un centrocampista al que en Nervi\u00f3n tienen mucha fe, no s\u00f3lo por su rendimiento presente y futuro, sino se\u00f1alado como una de las grandes ventas futuras que deber\u00e1 asumir el club en su proceso de reconstrucci\u00f3n. Se trata de <strong>Lucien Agoum\u00e9<\/strong>, quien ante el <strong>Barcelona<\/strong> complet\u00f3 uno de sus mejores partidos con la <strong>camiseta del Sevilla<\/strong>, con el lunar de que una p\u00e9rdida de bal\u00f3n suya propici\u00f3 el 2-1.<\/p>\n<p class=\"voc-p\" style=\"\">Esa acci\u00f3n donde no supo desembarazarse de la pelota a tiempo cuando le cerraron el camino de salida no debe oscurecer un encuentro donde dio muestras sobradas del nivel que apunta a tener en cuanto alcance la regularidad con su f\u00fatbol. Y, partido a partido, siguiendo esos consejos personales que le da semanalmente su entrenador, quien sabe del potencial y le obliga a crecer incluso cuando no est\u00e1 acertado sobre la hierba, el mediocentro galo da pasos al frente. Le toc\u00f3 bailar con la m\u00e1s fea frente al actual campe\u00f3n de Liga. Su marca sobre <strong>Pedri<\/strong> deb\u00eda ser tan pegajosa como constante, persigui\u00e9ndole por todo el ancho del campo, siendo el canario uno de los futbolistas que m\u00e1s kil\u00f3metros recorre en<strong> LaLiga<\/strong>, por lo que la tarea era cuanto menos tit\u00e1nica. La cumpli\u00f3 con creces, rob\u00e1ndole la pelota al <strong>n\u00famero 8 azulgrana<\/strong> cada vez que tuvo opci\u00f3n, impidiendo igualmente que diese fluidez al juego del <strong>Barcelona<\/strong> y ayudando a que el Sevilla pudiese adelantar posiciones defensivas al no tener claridad tampoco <strong>Pedri<\/strong> para el pase a la espalda de los centrales.<\/p>\n<p><img decoding=\"async\" loading=\"lazy\" src=\"https:\/\/www.europesays.com\/es\/wp-content\/uploads\/2025\/10\/1500924750-U86656225807Mxw-170x170@diario_abc.jpg\" class=\"voc-img\" width=\"170\" height=\"170\" alt=\"Imagen - \u00abEs un entrenador que habla mucho con nosotros, estudia mucho al rival, pero tambi\u00e9n a nosotros. Me sorprend\u00ed cuando regres\u00e9 de las vacaciones, habl\u00e9 con \u00e9l y ya sab\u00eda todo de m\u00ed, de mi vida, de d\u00f3nde he jugado y lo que he hecho. Est\u00e1 muy cerca de los jugadores y sabe apretar cuando hay que apretar\u00bb\"\/><\/p>\n<p class=\"voc-title\">\u00abEs un entrenador que habla mucho con nosotros, estudia mucho al rival, pero tambi\u00e9n a nosotros. Me sorprend\u00ed cuando regres\u00e9 de las vacaciones, habl\u00e9 con \u00e9l y ya sab\u00eda todo de m\u00ed, de mi vida, de d\u00f3nde he jugado y lo que he hecho. Est\u00e1 muy cerca de los jugadores y sabe apretar cuando hay que apretar\u00bb<\/p>\n<p class=\"voc-article-position__name\">Lucien Agoum\u00e9<\/p>\n<p class=\"voc-article-position__employ\">Jugador del Sevilla FC<\/p>\n<p class=\"voc-p\" style=\"\">Esa fue su funci\u00f3n en la labor de asfixiar la salida limpia del rival, para despu\u00e9s dedicarse a la construcci\u00f3n r\u00e1pida, de pocos toques, de no permitir que el <strong>Barcelona<\/strong> pudiese pensar o recomponerse defensivamente, siguiendo el plan dise\u00f1ado por el entrenador. Y <strong>Agoum\u00e9<\/strong> estuvo especialmente fino en la labor de encontrar el pase adecuado en el momento justo. Primero habilit\u00f3 la salida de <strong>Sow<\/strong> en posici\u00f3n legal para el mano a mano, que finalmente definir\u00eda sin acierto<strong> Isaac Romero<\/strong>. El propio franc\u00e9s habilitar\u00eda al delantero lebrijano en una jugada propia por la banda, tras un control orientado de alto nivel demostrando que su zancada es de las virtudes que debe seguir explotando, ya que su control de bal\u00f3n es exquisito. Su pase al punto de penalti no termin\u00f3 en gol por el mal golpeo del n\u00famero 7. Antes de finalizar el primer tiempo, un pase suyo sobre <strong>Vargas<\/strong> permitir\u00eda que el Sevilla anotase el segundo gol. Ya para el segundo periodo, adem\u00e1s de las necesarias ayudas para seguir cerrando los caminos a la porter\u00eda de <strong>Vlachodimos, Agoum\u00e9<\/strong> tuvo la inteligencia necesaria para no salir mediante un pelotazo, aguantar la posesi\u00f3n y atisbar la carrera que ya le lanzaba <strong>Jos\u00e9 \u00c1ngel Carmona<\/strong>. Un buen valor en ventaja que bien pudo poner el canterano para que empujase a la red <strong>Akor Adams<\/strong> y que termin\u00f3 definiendo con un disparo cruzado al fondo de la porter\u00eda. Incluso en el cuarto se desembaraza de un rival con un toque de espuela sobre <strong>Gudelj<\/strong>, quien ya adelanta la posesi\u00f3n sobre <strong>Peque<\/strong> para iniciar el ataque que sentenciar\u00eda el choque. Estuvo en todas.<\/p>\n<p>\nEl valor de Agoum\u00e9\n<\/p>\n<p class=\"voc-p\" style=\"\">En vista de este crecimiento, situaci\u00f3n que esperaba el club y desea seguir viendo a lo largo de la temporada, la inversi\u00f3n realizada por el 40% de lo que pod\u00eda comprar de sus derechos futuros y a\u00f1adirlos al 50 que ya dispon\u00eda, por otros cuatro millones, es vista como un movimiento de futuro para conseguir una mayor plusval\u00eda cuando llegue el momento de traspasar a <strong>Lucien Agoum\u00e9<\/strong>. El pasado verano ya existi\u00f3 inter\u00e9s de algunos clubes de la Premier, quienes preguntaron por su situaci\u00f3n sin oferta en firme, simplemente por ir monitorizando su estado en Nervi\u00f3n y la disponibilidad de los sevillistas a la hora de aceptar una oferta por su jugador. El Sevilla sabe que debe tratarse de una de sus grandes ventas futuras. El centrocampista s\u00f3lo tiene <strong>23 a\u00f1os<\/strong> y su crecimiento se ha disparado. Y no s\u00f3lo se trata de una cuesti\u00f3n de calidad, sino de un compromiso que no parec\u00eda saber expresar el propio jugador.<\/p>\n<p>57<br \/>\npartidos<\/p>\n<p class=\"voc-d-c-fignumber__desc\">acumula Agoum\u00e9 con el Sevilla, siete de ellos en esta temporada, donde ya suma un gol y una asistencia<\/p>\n<p class=\"voc-p\" style=\"\">Su abrazo con el entrenador con el gol de la sentencia, levantando a <strong>Almeyda<\/strong> de la hierba, s\u00f3lo muestra el valor que el grupo y en concreto <strong>Agoum\u00e9<\/strong> le dan a su figura. Porque el galo hab\u00eda visto entrenadores de todos los colores en el <strong>S\u00e1nchez-Pizju\u00e1n<\/strong>. Comenz\u00f3 a crecer con Quique hasta que le cortaron las alas. Ha debido adaptarse a diferentes sistemas e ideas, creciendo desde el juego vertical por encima de la posesi\u00f3n, m\u00e1s cercano al que se practica en Inglaterra. Regres\u00f3 antes de sus vacaciones para conocer de primera mano al nuevo entrenador, queriendo estar involucrado desde el primer d\u00eda. Incluso reconoc\u00eda en una <a href=\"https:\/\/www.abc.es\/deportes\/orgullodenervion\/noticias-sevilla-fc\/lucien-agoume-sorprendi-llegue-vacaciones-almeyda-sabia-20250919163938-nts.html\" target=\"_self\" data-voc-vtm-id=\"in-text-traffic\" title=\"entrevista con ABC de Sevilla que le hab\u00eda sorprendido lo que conoc\u00eda de su trayectoria, de su forma de jugar\" data-mrf-link=\"www.abc.es\" rel=\"nofollow noopener\">entrevista con ABC de Sevilla que le hab\u00eda sorprendido lo que conoc\u00eda de su trayectoria, de su forma de jugar<\/a>. Una primera toma de contacto que est\u00e1 teniendo su trascendencia en el tiempo, creando un v\u00ednculo entre t\u00e9cnico y futbolista. Pendiente de sus mejoras y crecimiento, adem\u00e1s de se\u00f1alar lo que debe mejorar. <strong>Agoum\u00e9 es un diamante que Almeyda est\u00e1 puliendo<\/strong> y comienza a brillar con luz propia. La que le ha dado el estilo del nuevo inquilino del banquillo nervionense y la propia que el franc\u00e9s tra\u00eda desde casa.<\/p>\n","protected":false},"excerpt":{"rendered":"La positiva din\u00e1mica del Sevilla tiene muchos nombres propios, desde su portero Vlachodimos a ese canterano apellidado Carmona&hellip;\n","protected":false},"author":2,"featured_media":162832,"comment_status":"","ping_status":"","sticky":false,"template":"","format":"standard","meta":{"footnotes":""},"categories":[268],"tags":[5973,1364,168,46075,25,24,280,282,36253,114,48202,1171,281,23,167],"class_list":{"0":"post-162831","1":"post","2":"type-post","3":"status-publish","4":"format-standard","5":"has-post-thumbnail","7":"category-futbol","8":"tag-agoume","9":"tag-almeyda","10":"tag-deportes","11":"tag-diamante","12":"tag-es","13":"tag-espana","14":"tag-football","15":"tag-futbol","16":"tag-futuros","17":"tag-mercados","18":"tag-moldea","19":"tag-sevilla","20":"tag-soccer","21":"tag-spain","22":"tag-sports"},"share_on_mastodon":{"url":"","error":""},"_links":{"self":[{"href":"https:\/\/www.europesays.com\/es\/wp-json\/wp\/v2\/posts\/162831","targetHints":{"allow":["GET"]}}],"collection":[{"href":"https:\/\/www.europesays.com\/es\/wp-json\/wp\/v2\/posts"}],"about":[{"href":"https:\/\/www.europesays.com\/es\/wp-json\/wp\/v2\/types\/post"}],"author":[{"embeddable":true,"href":"https:\/\/www.europesays.com\/es\/wp-json\/wp\/v2\/users\/2"}],"replies":[{"embeddable":true,"href":"https:\/\/www.europesays.com\/es\/wp-json\/wp\/v2\/comments?post=162831"}],"version-history":[{"count":0,"href":"https:\/\/www.europesays.com\/es\/wp-json\/wp\/v2\/posts\/162831\/revisions"}],"wp:featuredmedia":[{"embeddable":true,"href":"https:\/\/www.europesays.com\/es\/wp-json\/wp\/v2\/media\/162832"}],"wp:attachment":[{"href":"https:\/\/www.europesays.com\/es\/wp-json\/wp\/v2\/media?parent=162831"}],"wp:term":[{"taxonomy":"category","embeddable":true,"href":"https:\/\/www.europesays.com\/es\/wp-json\/wp\/v2\/categories?post=162831"},{"taxonomy":"post_tag","embeddable":true,"href":"https:\/\/www.europesays.com\/es\/wp-json\/wp\/v2\/tags?post=162831"}],"curies":[{"name":"wp","href":"https:\/\/api.w.org\/{rel}","templated":true}]}}