{"id":162837,"date":"2025-10-08T12:37:08","date_gmt":"2025-10-08T12:37:08","guid":{"rendered":"https:\/\/www.europesays.com\/es\/162837\/"},"modified":"2025-10-08T12:37:08","modified_gmt":"2025-10-08T12:37:08","slug":"los-alumnos-de-los-colegios-recogen-las-maletas-viajeras-llenas-de-libros","status":"publish","type":"post","link":"https:\/\/www.europesays.com\/es\/162837\/","title":{"rendered":"Los alumnos de los colegios recogen las maletas viajeras llenas de libros"},"content":{"rendered":"\n<p><a href=\"http:\/\/radio.guijuelo.es\/wp-content\/uploads\/2025\/10\/IMG_3997.jpeg\" rel=\"nofollow noopener\" target=\"_blank\"><img loading=\"lazy\" decoding=\"async\" class=\"aligncenter size-medium wp-image-208558\" src=\"https:\/\/www.europesays.com\/es\/wp-content\/uploads\/2025\/10\/IMG_3997-475x302.jpeg\" alt=\"\" width=\"475\" height=\"302\"  \/><\/a><\/p>\n<p>Con el objetivo de fomentar el h\u00e1bito de la lectura, mejorar la expresi\u00f3n y la comprensi\u00f3n lectora, las concejal\u00edas de Educaci\u00f3n y Cultura en colaboraci\u00f3n con la Biblioteca Municipal han vuelto a poner en marcha la propuesta \u2018Maletas viajeras\u2019.<\/p>\n<p>Las maletas volver\u00e1n a marcharse hasta los CEIPS de Guijuelo, Filiberto Villalobos y Miguel de Cervantes, adem\u00e1s de la Escuela Infantil.<\/p>\n<p>Como cada a\u00f1o, esta fecha coincide con la celebraci\u00f3n del D\u00eda de las Bibliotecas que se conmemora a finales de mes, el 24 de octubre. El proyecto Maletas Viajeras repite la f\u00f3rmula de ediciones anteriores: maletas f\u00edsicas cargadas de libros adaptados a los diferentes ciclos y etapas educativas que se entregan a los responsables de los colegios. Este a\u00f1o, adem\u00e1s la entrega ha contado con la participaci\u00f3n de un grupo de 8 ni\u00f1os en representaci\u00f3n del resto de estudiantes quienes han compartido por qu\u00e9 leen y qu\u00e9 tipo de libros son sus favoritos.<\/p>\n<p>\u00a0<\/p>\n<p>\t\tNavegaci\u00f3n de entradas<\/p>\n","protected":false},"excerpt":{"rendered":"Con el objetivo de fomentar el h\u00e1bito de la lectura, mejorar la expresi\u00f3n y la comprensi\u00f3n lectora, las&hellip;\n","protected":false},"author":2,"featured_media":162838,"comment_status":"","ping_status":"","sticky":false,"template":"","format":"standard","meta":{"footnotes":""},"categories":[172],"tags":[224,146,147,25,24,225,23],"class_list":{"0":"post-162837","1":"post","2":"type-post","3":"status-publish","4":"format-standard","5":"has-post-thumbnail","7":"category-libros","8":"tag-books","9":"tag-entertainment","10":"tag-entretenimiento","11":"tag-es","12":"tag-espana","13":"tag-libros","14":"tag-spain"},"share_on_mastodon":{"url":"","error":""},"_links":{"self":[{"href":"https:\/\/www.europesays.com\/es\/wp-json\/wp\/v2\/posts\/162837","targetHints":{"allow":["GET"]}}],"collection":[{"href":"https:\/\/www.europesays.com\/es\/wp-json\/wp\/v2\/posts"}],"about":[{"href":"https:\/\/www.europesays.com\/es\/wp-json\/wp\/v2\/types\/post"}],"author":[{"embeddable":true,"href":"https:\/\/www.europesays.com\/es\/wp-json\/wp\/v2\/users\/2"}],"replies":[{"embeddable":true,"href":"https:\/\/www.europesays.com\/es\/wp-json\/wp\/v2\/comments?post=162837"}],"version-history":[{"count":0,"href":"https:\/\/www.europesays.com\/es\/wp-json\/wp\/v2\/posts\/162837\/revisions"}],"wp:featuredmedia":[{"embeddable":true,"href":"https:\/\/www.europesays.com\/es\/wp-json\/wp\/v2\/media\/162838"}],"wp:attachment":[{"href":"https:\/\/www.europesays.com\/es\/wp-json\/wp\/v2\/media?parent=162837"}],"wp:term":[{"taxonomy":"category","embeddable":true,"href":"https:\/\/www.europesays.com\/es\/wp-json\/wp\/v2\/categories?post=162837"},{"taxonomy":"post_tag","embeddable":true,"href":"https:\/\/www.europesays.com\/es\/wp-json\/wp\/v2\/tags?post=162837"}],"curies":[{"name":"wp","href":"https:\/\/api.w.org\/{rel}","templated":true}]}}