{"id":162839,"date":"2025-10-08T12:38:08","date_gmt":"2025-10-08T12:38:08","guid":{"rendered":"https:\/\/www.europesays.com\/es\/162839\/"},"modified":"2025-10-08T12:38:08","modified_gmt":"2025-10-08T12:38:08","slug":"de-su-exito-infantil-a-su-nuevo-video-en-un-pueblo-de-castilla-la-mancha","status":"publish","type":"post","link":"https:\/\/www.europesays.com\/es\/162839\/","title":{"rendered":"de su \u00e9xito infantil a su nuevo v\u00eddeo en un pueblo de Castilla La-Mancha"},"content":{"rendered":"\n<ul class=\"bodyList bodyList--unordered\">\n<li class=\"bodyList__item\"><a href=\"https:\/\/www.vanitatis.elconfidencial.com\/famosos\/2025-10-08\/eugenia-martinez-de-irujo-tana-rivera-foto-flamenca_4224203\/\" target=\"_self\" rel=\"nofollow noopener\">Las fotos m\u00e1s especiales de Eugenia Mart\u00ednez de Irujo y Tana Rivera, hace 20 a\u00f1os: vestidas de flamenca<\/a><\/li>\n<li class=\"bodyList__item\"><a href=\"https:\/\/www.vanitatis.elconfidencial.com\/celebrities\/2025-10-08\/entrevista-lavinia-valbonesi-primera-dama-de-ecuador-proyecto-ana_4224120\/\" target=\"_self\" rel=\"nofollow noopener\">Lavinia Valbonesi, la primera dama de Ecuador que hace historia<\/a><\/li>\n<\/ul>\n<p> A lo largo de m\u00e1s de casi a\u00f1os, ha quedado claro,<strong> &#8216;La que se avecina&#8217; es una de las series de televisi\u00f3n <\/strong>m\u00e1s importantes de la historia de Espa\u00f1a. Una legi\u00f3n de fans as\u00ed lo atestigua, que siguen manteni\u00e9ndola vigente en las redes sociales o con sus visualizaciones en plataformas digitales. Un \u00e9xito que <strong>se nota en el cari\u00f1o hacia sus personajes<\/strong>, entre los que se incluye a Eduardo Garc\u00eda Mart\u00ednez. <\/p>\n<p> El peque\u00f1o Jose Miguel, <strong>Josemi, era el hijo de Juan Cuesta y de Paloma Hurtado, <\/strong>y parte de la pandilla del videoclub. Un personaje que ha quedado en el recuerdo colectivo, aunque su int\u00e9rprete ha optado por un perfil privado. Sin embargo, en las \u00faltimas horas se est\u00e1 haciendo viral un nuevo v\u00eddeo suyo. Por ello, tras descubrir<a href=\"https:\/\/www.vanitatis.elconfidencial.com\/famosos\/2025-09-29\/elvira-lindo-marido-hijos-manolito-gafotas-ministra_4216882\/\" target=\"_self\" rel=\"nofollow noopener\"> el lado m\u00e1s personal de Elvira Lindo<\/a> o<a href=\"https:\/\/www.vanitatis.elconfidencial.com\/famosos\/2025-09-29\/valeria-ros-novio-hija-infancia-familia-getxo_4218260\/\" target=\"_self\" rel=\"nofollow noopener\"> la vida detr\u00e1s de las c\u00e1maras de Valeria Ros, <\/a>desvelamos c\u00f3mo ha cambiado Eduardo Garc\u00eda. <\/p>\n<p>               Eduardo Garc\u00eda en &#8216;Cu\u00e9ntame c\u00f3mo pas\u00f3&#8217;. (RTVE)             <\/p>\n<p> El actor naci\u00f3 el 19 de julio de 1992 en Madrid,<strong> inici\u00e1ndose muy peque\u00f1o en el mundo de la publicidad y de la televisi\u00f3n. D<\/strong>e hecho, su primer papel fue en otra m\u00edtica serie, <strong>&#8216;Cu\u00e9ntame c\u00f3mo pas\u00f3&#8217;, donde aparec\u00eda en 5 episodios.<\/strong> Aunque su cambio de vida ser\u00eda con la ficci\u00f3n de Alberto y Laura Caballero, los hermanos art\u00edfices de &#8216;Aqu\u00ed no hay quien viva&#8217;. <\/p>\n<p> Estrenada en 2003, <strong>Eduardo Garc\u00eda ten\u00eda entonces 11 a\u00f1os, <\/strong>pasando toda su adolescencia frente a los focos. Primero en la serie de Antena 3 y despu\u00e9s en<strong> &#8216;La que se avecina&#8217;, donde interpret\u00f3 a Fran Pastor hasta 2013.<\/strong> Una etapa donde creci\u00f3 delante de las c\u00e1maras, dejando atr\u00e1s su cara m\u00e1s infantil y convirti\u00e9ndose en un veintea\u00f1ero. <\/p>\n<p>               Eduardo Garc\u00eda junto a su hermana en la ficci\u00f3n, Sof\u00eda Nieto, en 2005. (Gtres)             <\/p>\n<p> Con una imagen m\u00e1s urbana, a la par que<strong> se volcaba en su faceta dentro del mundo del rap<\/strong>, muchos se sorprend\u00edan por su cambio f\u00edsico. A lo que se sumaron diferentes pol\u00e9micas en torno a sus declaraciones. Aunque m\u00e1s all\u00e1 de ellas, lo que s\u00ed quiso revelar en una entrevista reciente en &#8216;TardeAR&#8217; es <strong>c\u00f3mo vivi\u00f3 el peso de la fama en su ni\u00f1ez.<\/strong> <\/p>\n<p> \u00abSiempre <strong>he tenido ganas de vivir esa infancia que no viv\u00ed. <\/strong>Ciertas cosas que los chavales de 12 a\u00f1os hac\u00edan como todos, pues yo ya me vi coartado para hacerlas. Yo ve\u00eda a <strong>otros ni\u00f1os que ten\u00edan otras libertades<\/strong> u otras cosas y yo a\u00f1oraba un poco eso\u00bb, explic\u00f3 este verano en el programa de Telecinco. <\/p>\n<p>            La nueva vida de Eduardo Garc\u00eda           <\/p>\n<p> Adem\u00e1s, de confesar que hubo un tiempo en el qu<strong>e \u00abme torc\u00ed bastante, para qu\u00e9 nos vamos a enga\u00f1ar\u00bb. <\/strong>\u00abHe sido muy golfete, lo reconozco. Tampoco he sido malo\u2026 ese acto tambi\u00e9n de rebeld\u00eda y tal, y las cosas no se arreglan as\u00ed, no se arreglan haciendo el gamba por ah\u00ed\u00bb, explic\u00f3. Adem\u00e1s, revel\u00f3 que <strong>actualmente vive de manera muy tranquila, en un pueblo de Castilla- La Mancha<\/strong> donde trabajaba en la hosteler\u00eda. <\/p>\n<blockquote class=\"tiktok-embed\" cite=\"https:\/\/www.tiktok.com\/@keeiitaaa__\/video\/7558220055360720150\" data-video-id=\"7558220055360720150\" style=\"max-width: 605px;min-width: 325px;\"><p>  <a target=\"_blank\" title=\"@keeiitaaa__\" href=\"https:\/\/www.tiktok.com\/@keeiitaaa__?refer=embed\" rel=\"nofollow noopener\">@keeiitaaa__<\/a> EL AMOR DE MI VIDA, ya me puedo morir en paz \ud83d\ude2d<a title=\"dudu\" target=\"_blank\" href=\"https:\/\/www.tiktok.com\/tag\/dudu?refer=embed\" rel=\"nofollow noopener\">#dudu<\/a> <a title=\"lfam\" target=\"_blank\" href=\"https:\/\/www.tiktok.com\/tag\/lfam?refer=embed\" rel=\"nofollow noopener\">#lfam<\/a> <a title=\"hazmeviral\" target=\"_blank\" href=\"https:\/\/www.tiktok.com\/tag\/hazmeviral?refer=embed\" rel=\"nofollow noopener\">#hazmeviral<\/a> <a title=\"parati\" target=\"_blank\" href=\"https:\/\/www.tiktok.com\/tag\/parati?refer=embed\" rel=\"nofollow noopener\">#parati<\/a> <a title=\"sacameenparati\" target=\"_blank\" href=\"https:\/\/www.tiktok.com\/tag\/sacameenparati?refer=embed\" rel=\"nofollow noopener\">#sacameenparati<\/a> <a target=\"_blank\" title=\"\u266c sonido original - miralabuenamusica\" href=\"https:\/\/www.tiktok.com\/music\/sonido-original-7487289574398741270?refer=embed\" rel=\"nofollow noopener\">\u266c sonido original &#8211; miralabuenamusica<\/a>  <\/p><\/blockquote>\n<p> En ese momento no se vieron im\u00e1genes de \u00e9l, pero ahora <strong>TikTok ha hecho viral su nueva reaparici\u00f3n p\u00fablica.<\/strong> Una joven ha compartido el v\u00eddeo que su primo gabro para ella en un pueblo castellanomanchego, al encontrarse en la Plaza Mayor con Garc\u00eda. As\u00ed,<strong> a sus 33 a\u00f1os, el actor aparece con el pelo mucho m\u00e1s corto <\/strong>y un polo azul, saludando a su fan. Un v\u00eddeo donde destacan lo agradable que fue par\u00e1ndose con ellos. <\/p>\n<p> <strong>Un gesto muy aplaudido en la red social,<\/strong> que r\u00e1pidamente se ha hecho eco de esta reaparici\u00f3n, aunque en la memoria televisiva de muchos seguir\u00e1 siendo para siempre<strong> el eterno Josemi de &#8216;Aqu\u00ed no hay quien viva&#8217;, <\/strong>como ocurre en otras ficciones m\u00edticas como &#8216;Friends&#8217;. <\/p>\n<p>         <script async src=\"\/\/www.tiktok.com\/embed.js\"><\/script><\/p>\n","protected":false},"excerpt":{"rendered":"Las fotos m\u00e1s especiales de Eugenia Mart\u00ednez de Irujo y Tana Rivera, hace 20 a\u00f1os: vestidas de flamenca&hellip;\n","protected":false},"author":2,"featured_media":162840,"comment_status":"","ping_status":"","sticky":false,"template":"","format":"standard","meta":{"footnotes":""},"categories":[171],"tags":[146,147,25,24,23,214],"class_list":{"0":"post-162839","1":"post","2":"type-post","3":"status-publish","4":"format-standard","5":"has-post-thumbnail","7":"category-tv","8":"tag-entertainment","9":"tag-entretenimiento","10":"tag-es","11":"tag-espana","12":"tag-spain","13":"tag-tv"},"share_on_mastodon":{"url":"","error":""},"_links":{"self":[{"href":"https:\/\/www.europesays.com\/es\/wp-json\/wp\/v2\/posts\/162839","targetHints":{"allow":["GET"]}}],"collection":[{"href":"https:\/\/www.europesays.com\/es\/wp-json\/wp\/v2\/posts"}],"about":[{"href":"https:\/\/www.europesays.com\/es\/wp-json\/wp\/v2\/types\/post"}],"author":[{"embeddable":true,"href":"https:\/\/www.europesays.com\/es\/wp-json\/wp\/v2\/users\/2"}],"replies":[{"embeddable":true,"href":"https:\/\/www.europesays.com\/es\/wp-json\/wp\/v2\/comments?post=162839"}],"version-history":[{"count":0,"href":"https:\/\/www.europesays.com\/es\/wp-json\/wp\/v2\/posts\/162839\/revisions"}],"wp:featuredmedia":[{"embeddable":true,"href":"https:\/\/www.europesays.com\/es\/wp-json\/wp\/v2\/media\/162840"}],"wp:attachment":[{"href":"https:\/\/www.europesays.com\/es\/wp-json\/wp\/v2\/media?parent=162839"}],"wp:term":[{"taxonomy":"category","embeddable":true,"href":"https:\/\/www.europesays.com\/es\/wp-json\/wp\/v2\/categories?post=162839"},{"taxonomy":"post_tag","embeddable":true,"href":"https:\/\/www.europesays.com\/es\/wp-json\/wp\/v2\/tags?post=162839"}],"curies":[{"name":"wp","href":"https:\/\/api.w.org\/{rel}","templated":true}]}}