{"id":162855,"date":"2025-10-08T12:46:09","date_gmt":"2025-10-08T12:46:09","guid":{"rendered":"https:\/\/www.europesays.com\/es\/162855\/"},"modified":"2025-10-08T12:46:09","modified_gmt":"2025-10-08T12:46:09","slug":"lluvias-torrenciales-causan-inundaciones-mortales-en-el-norte-de-vietnam","status":"publish","type":"post","link":"https:\/\/www.europesays.com\/es\/162855\/","title":{"rendered":"Lluvias torrenciales causan inundaciones mortales en el norte de Vietnam"},"content":{"rendered":"<p>HAN\u00d3I, Vietnam (AP) \u2014 Las tormentas intensas tras el paso del tif\u00f3n Matmo provocaron inundaciones generalizadas en el norte de Vietnam y mataron al menos a ocho personas, adem\u00e1s de da\u00f1ar miles de hogares.<\/p>\n<p>Aunque el tif\u00f3n no golpe\u00f3 directamente a Vietnam, llev\u00f3 fuertes lluvias el martes que desbordaron r\u00edos, inundaron calles, sumergieron casas y causaron numerosos aludes de tierra en la regi\u00f3n, que ya hab\u00eda enfrentado otros cuatro tifones y tormentas tropicales desde septiembre.<\/p>\n<p>M\u00e1s de 4.800 hogares hab\u00edan sufrido da\u00f1os hasta el martes, seg\u00fan los medios estatales vietnamitas.<\/p>\n<p>Las autoridades reportaron tres muertos debido a deslizamientos de tierra en las provincias de Cao Bang y Thanh Hoa, y otras cuatro personas se ahogaron tras ser arrastradas por las crecidas en Thai Nguyen y Thanh Hoa. Una persona muri\u00f3 por el impacto de un rayo en Bac Ninh.<\/p>\n<p>En la gravemente afectada Thai Nguyen, al norte de la capital Han\u00f3i, el desbordado r\u00edo Cau inund\u00f3 varias comunidades. Los vecinos dijeron que las aguas irrumpieron tan deprisa que no pudieron mover los muebles. Algunos vecindarios quedaron aislados y las autoridades desplegaron botes de rescate para entregar ayuda.<\/p>\n<p>Las fuertes lluvias cesaron el mi\u00e9rcoles, pero las alertas permanec\u00edan para las \u00e1reas bajas donde se esperaba que las inundaciones durasen hasta el fin de semana. El primer ministro vietnamita, Pham Minh Chinh, aprob\u00f3 un paquete de ayuda de emergencia por valor de 140.000 millones de dongs (5,3 millones de d\u00f3lares) para ayudar a las provincias del norte afectadas por las inundaciones, seg\u00fan los medios estatales.<\/p>\n<p>Vietnam registra entre 10 y 13 ciclones tropicales al a\u00f1o, pero la frecuencia de tifones intensos y consecutivos est\u00e1 aumentando, lo que sugiere un cambio impulsado por el cambio clim\u00e1tico, afirm\u00f3 Benjamin Horton, decano de la Escuela de Energ\u00eda y Medio Ambiente de la Universidad de la Ciudad de Hong Kong.<\/p>\n<p>Desde agosto, Vietnam ha sido azotado por tormentas como Kajiki, Ragasa y Bualoi.<\/p>\n<p>El calentamiento global est\u00e1 haciendo que las tormentas tropicales sean m\u00e1s fuertes y h\u00famedas, seg\u00fan los expertos, ya que los oc\u00e9anos m\u00e1s c\u00e1lidos proporcionan m\u00e1s combustible a las tormentas, impulsando vientos m\u00e1s intensos, lluvias m\u00e1s fuertes y cambiando los patrones de precipitaci\u00f3n en toda Asia Oriental.<\/p>\n<p>___<\/p>\n<p>Esta historia fue traducida del ingl\u00e9s por un editor de AP con la ayuda de una herramienta de inteligencia artificial generativa.<\/p>\n","protected":false},"excerpt":{"rendered":"HAN\u00d3I, Vietnam (AP) \u2014 Las tormentas intensas tras el paso del tif\u00f3n Matmo provocaron inundaciones generalizadas en el&hellip;\n","protected":false},"author":2,"featured_media":162856,"comment_status":"","ping_status":"","sticky":false,"template":"","format":"standard","meta":{"footnotes":""},"categories":[42],"tags":[17,18,48206,36773,13,14,1714,11,61,62,63,64,19,20,9,10,15,16,12,21,22,65,66,67],"class_list":{"0":"post-162855","1":"post","2":"type-post","3":"status-publish","4":"format-standard","5":"has-post-thumbnail","7":"category-internacional","8":"tag-breaking-news","9":"tag-breakingnews","10":"tag-climate","11":"tag-climate-and-environment","12":"tag-featured-news","13":"tag-featurednews","14":"tag-general-news","15":"tag-headlines","16":"tag-internacional","17":"tag-international","18":"tag-international-news","19":"tag-internationalnews","20":"tag-latest-news","21":"tag-latestnews","22":"tag-news","23":"tag-noticias","24":"tag-noticias-destacadas","25":"tag-noticiasdestacadas","26":"tag-titulares","27":"tag-ultimas-noticias","28":"tag-ultimasnoticias","29":"tag-world","30":"tag-world-news","31":"tag-worldnews"},"share_on_mastodon":{"url":"","error":""},"_links":{"self":[{"href":"https:\/\/www.europesays.com\/es\/wp-json\/wp\/v2\/posts\/162855","targetHints":{"allow":["GET"]}}],"collection":[{"href":"https:\/\/www.europesays.com\/es\/wp-json\/wp\/v2\/posts"}],"about":[{"href":"https:\/\/www.europesays.com\/es\/wp-json\/wp\/v2\/types\/post"}],"author":[{"embeddable":true,"href":"https:\/\/www.europesays.com\/es\/wp-json\/wp\/v2\/users\/2"}],"replies":[{"embeddable":true,"href":"https:\/\/www.europesays.com\/es\/wp-json\/wp\/v2\/comments?post=162855"}],"version-history":[{"count":0,"href":"https:\/\/www.europesays.com\/es\/wp-json\/wp\/v2\/posts\/162855\/revisions"}],"wp:featuredmedia":[{"embeddable":true,"href":"https:\/\/www.europesays.com\/es\/wp-json\/wp\/v2\/media\/162856"}],"wp:attachment":[{"href":"https:\/\/www.europesays.com\/es\/wp-json\/wp\/v2\/media?parent=162855"}],"wp:term":[{"taxonomy":"category","embeddable":true,"href":"https:\/\/www.europesays.com\/es\/wp-json\/wp\/v2\/categories?post=162855"},{"taxonomy":"post_tag","embeddable":true,"href":"https:\/\/www.europesays.com\/es\/wp-json\/wp\/v2\/tags?post=162855"}],"curies":[{"name":"wp","href":"https:\/\/api.w.org\/{rel}","templated":true}]}}