{"id":162858,"date":"2025-10-08T12:48:10","date_gmt":"2025-10-08T12:48:10","guid":{"rendered":"https:\/\/www.europesays.com\/es\/162858\/"},"modified":"2025-10-08T12:48:10","modified_gmt":"2025-10-08T12:48:10","slug":"transportes-progresa-en-la-construccion-del-primer-tramo-de-la-autovia-a-58-que-unira-caceres-y-badajoz","status":"publish","type":"post","link":"https:\/\/www.europesays.com\/es\/162858\/","title":{"rendered":"Transportes progresa en la construcci\u00f3n del primer tramo de la autov\u00eda A-58 que unir\u00e1 C\u00e1ceres y Badajoz"},"content":{"rendered":"<p class=\"main-image\">&#13;<br \/>\n                     &#13;<br \/>\n                        &#13;<br \/>\n                        <img decoding=\"async\" alt=\"El presidente del Gobierno, Pedro S\u00e1nchez, durante su visita a las obras en Extremadura\" title=\"El presidente del Gobierno, Pedro S\u00e1nchez, durante su visita a las obras en Extremadura\" src=\"https:\/\/www.europesays.com\/es\/wp-content\/uploads\/2025\/10\/081025-sanchez-autovia-caceres-badajoz.jpg\"\/>&#13;<br \/>\n                        El presidente del Gobierno, Pedro S\u00e1nchez, durante su visita a las obras en Extremadura.&#13;<br \/>\n                    &#13;\n                <\/p>\n<p>El jefe del Ejecutivo, Pedro S\u00e1nchez, y el ministro de Transportes y Movilidad Sostenible, \u00d3scar Puente, han visitado las obras del primer tramo de la autov\u00eda A-58 situado entre C\u00e1ceres y R\u00edo Ayuela y que constituye la primera fase de la prolongaci\u00f3n de esta autov\u00eda, que hoy enlaza Trujillo con C\u00e1ceres y que en el futuro se extender\u00e1 hasta Badajoz. La inversi\u00f3n estimada para esta actuaci\u00f3n asciende a 100 millones de euros (IVA incluido).<\/p>\n<p>Cuando este tramo entre en servicio supondr\u00e1 un importante avance en la transformaci\u00f3n del itinerario entre C\u00e1ceres y Badajoz, siendo una v\u00eda de gran capacidad, reforzando la cohesi\u00f3n territorial de Extremadura y mejorando la conexi\u00f3n entre sus dos capitales provinciales. Constituir\u00e1, adem\u00e1s, una alternativa estrat\u00e9gica a la autov\u00eda A-5 para el tr\u00e1fico procedente de Portugal con destino al norte peninsular y Europa, lo que incrementar\u00e1 su funcionalidad dentro de la Red de Carreteras del Estado.<\/p>\n<p>El nuevo trazado permitir\u00e1 una notable mejora en la seguridad vial y la fluidez del tr\u00e1fico, al eliminar accesos directos e intersecciones y dotar al recorrido de un dise\u00f1o geom\u00e9trico m\u00e1s seguro y eficiente.<\/p>\n<p>En conjunto, se trata de una actuaci\u00f3n necesaria y estrat\u00e9gica para incrementar la seguridad, la capacidad y la eficiencia del transporte por carretera en Extremadura, contribuyendo a un desarrollo territorial m\u00e1s equilibrado y sostenible.<\/p>\n<p><img decoding=\"async\" src=\"https:\/\/www.europesays.com\/es\/wp-content\/uploads\/2025\/10\/081025-sanchez-autovia-caceres-badajoz2.jpg\" alt=\"\" title=\"\"\/>El jefe del Ejecutivo, Pedro S\u00e1nchez, junto al ministro de Transportes y Movilidad Sostenible, \u00d3scar Puente, visita las obras.<\/p>\n<p>Descripci\u00f3n del tramo y su integraci\u00f3n ambiental<\/p>\n<p>La A-58, en su recorrido entre C\u00e1ceres y Badajoz, se desarrollar\u00e1 a lo largo de un trazado paralelo a la actual N-523 (antigua EX-100). Dicha carretera fue cedida en 2019 al entonces Ministerio de Fomento por parte de la Junta de Extremadura. Desde entonces, la v\u00eda forma parte de la Red de Carreteras del Estado como N-523.<\/p>\n<p>El trazado del tramo A-66 &#8211; R\u00edo Ayuela, de 13,6 kil\u00f3metros de longitud, discurre \u00edntegramente por el t\u00e9rmino municipal de C\u00e1ceres, por los llanos hasta las inmediaciones del r\u00edo Ayuela. Conecta inicialmente con la glorieta de Aldea Moret (C\u00e1ceres) y finaliza su recorrido enlazando nuevamente con la N-523. Se desarrolla en direcci\u00f3n noreste-suroeste, paralelo a citada N-523 por el oeste de la misma, y atraviesa el r\u00edo Salor mediante un viaducto de 75 m de luz.<\/p>\n<p>Est\u00e1 formada por dos calzadas, cada una de ellas con dos carriles de 3,5 metros, un arc\u00e9n exterior de 2,5 metros y un arc\u00e9n interior de 1 metros, separadas por una mediana de 10 m de anchura. El proyecto contempla la ejecuci\u00f3n de dos enlaces principales:<\/p>\n<ul>\n<li>Enlace con la A-66, de tipolog\u00eda de tr\u00e9bol completo, que remodela el actual enlace con la N-523 e incluye la reposici\u00f3n de esta carretera con trazado independiente.<\/li>\n<li>Enlace sobre el r\u00edo Salor, de tipolog\u00eda de diamante, con dos glorietas situadas en el nivel superior.<\/li>\n<\/ul>\n<p>Las obras incluyen la construcci\u00f3n de 12 estructuras (tres viaductos, siete pasos superiores y dos pasos inferiores): los viaductos cuentan con longitudes de 107,5 metros (viaducto triple de la A-58 sobre la A-66), 182 metros (reposici\u00f3n de la N-523) y 75 metros (R\u00edo Salor).<\/p>\n<p>Asimismo, se incluye la adaptaci\u00f3n de las obras de drenaje transversal como pasos de fauna y la reposici\u00f3n de las v\u00edas pecuarias afectadas. Asimismo, se contempla la excavaci\u00f3n y documentaci\u00f3n de los hallazgos arqueol\u00f3gicos localizados en el yacimiento de Cuarto Roble, entre los kil\u00f3metros 0 y 0,300.<\/p>\n<p><img decoding=\"async\" src=\"https:\/\/www.europesays.com\/es\/wp-content\/uploads\/2025\/10\/081025-sanchez-autovia-caceres-badajoz3.jpg\" alt=\"\" title=\"\"\/>El jefe del Ejecutivo, Pedro S\u00e1nchez, y el ministro de Transportes y Movilidad Sostenible, \u00d3scar Puente, durante la visita a las obras en Extremadura.<\/p>\n<p>Se han previsto en el proyecto un completo conjunto de medidas destinadas a garantizar la integraci\u00f3n ambiental de la nueva infraestructura y la sostenibilidad de su ejecuci\u00f3n. Entre las actuaciones previstas destacan las plantaciones arb\u00f3reas y arbustivas, el trasplante de ejemplares de encina afectados por el trazado y la colocaci\u00f3n de paneles antirruido en los puntos pr\u00f3ximos a zonas habitadas.<\/p>\n<p>Asimismo, se contempla la extensi\u00f3n de tierra vegetal en los taludes para favorecer la revegetaci\u00f3n natural y la adaptaci\u00f3n de las obras de drenaje transversal como pasos de fauna, con el fin de preservar la conectividad ecol\u00f3gica del entorno.<\/p>\n<p>Compromiso con la infraestructura viaria de Extremadura<\/p>\n<p>Con esta actuaci\u00f3n, el Ministerio refuerza su compromiso con la creaci\u00f3n y mejora de la infraestructura viaria en Extremadura. As\u00ed, desde junio de 2018, se han invertido 317,7 millones de euros (IVA incluido) y se han licitado 455,6 millones (IVA incluido).<\/p>\n<p>Entre las obras m\u00e1s destacadas se encuentran las variantes de Zafra (29,9 millones de euros) y Malpartida de C\u00e1ceres (48,5 millones), la mejora del acceso Sur a Badajoz (24,7 millones) o el nuevo puente en Cabezuela del Valle (9,1 millones).<\/p>\n<p>Todas ellas, salvo la Variante de Zafra, est\u00e1n incluidas en el Plan de Recuperaci\u00f3n, Transformaci\u00f3n y Resiliencia, del que Extremadura es una de las comunidades m\u00e1s beneficiadas, ocupando actualmente el quinto lugar nacional en nivel de inversi\u00f3n procedente del Mecanismo de Recuperaci\u00f3n y Resiliencia (MRR).<\/p>\n","protected":false},"excerpt":{"rendered":"&#13; &#13; &#13; &#13; El presidente del Gobierno, Pedro S\u00e1nchez, durante su visita a las obras en Extremadura.&#13;&hellip;\n","protected":false},"author":2,"featured_media":162859,"comment_status":"","ping_status":"","sticky":false,"template":"","format":"standard","meta":{"footnotes":""},"categories":[5],"tags":[17,18,25,24,13,14,11,19,20,9,10,15,16,23,12,21,22],"class_list":{"0":"post-162858","1":"post","2":"type-post","3":"status-publish","4":"format-standard","5":"has-post-thumbnail","7":"category-titulares","8":"tag-breaking-news","9":"tag-breakingnews","10":"tag-es","11":"tag-espana","12":"tag-featured-news","13":"tag-featurednews","14":"tag-headlines","15":"tag-latest-news","16":"tag-latestnews","17":"tag-news","18":"tag-noticias","19":"tag-noticias-destacadas","20":"tag-noticiasdestacadas","21":"tag-spain","22":"tag-titulares","23":"tag-ultimas-noticias","24":"tag-ultimasnoticias"},"share_on_mastodon":{"url":"","error":""},"_links":{"self":[{"href":"https:\/\/www.europesays.com\/es\/wp-json\/wp\/v2\/posts\/162858","targetHints":{"allow":["GET"]}}],"collection":[{"href":"https:\/\/www.europesays.com\/es\/wp-json\/wp\/v2\/posts"}],"about":[{"href":"https:\/\/www.europesays.com\/es\/wp-json\/wp\/v2\/types\/post"}],"author":[{"embeddable":true,"href":"https:\/\/www.europesays.com\/es\/wp-json\/wp\/v2\/users\/2"}],"replies":[{"embeddable":true,"href":"https:\/\/www.europesays.com\/es\/wp-json\/wp\/v2\/comments?post=162858"}],"version-history":[{"count":0,"href":"https:\/\/www.europesays.com\/es\/wp-json\/wp\/v2\/posts\/162858\/revisions"}],"wp:featuredmedia":[{"embeddable":true,"href":"https:\/\/www.europesays.com\/es\/wp-json\/wp\/v2\/media\/162859"}],"wp:attachment":[{"href":"https:\/\/www.europesays.com\/es\/wp-json\/wp\/v2\/media?parent=162858"}],"wp:term":[{"taxonomy":"category","embeddable":true,"href":"https:\/\/www.europesays.com\/es\/wp-json\/wp\/v2\/categories?post=162858"},{"taxonomy":"post_tag","embeddable":true,"href":"https:\/\/www.europesays.com\/es\/wp-json\/wp\/v2\/tags?post=162858"}],"curies":[{"name":"wp","href":"https:\/\/api.w.org\/{rel}","templated":true}]}}