{"id":162862,"date":"2025-10-08T12:50:06","date_gmt":"2025-10-08T12:50:06","guid":{"rendered":"https:\/\/www.europesays.com\/es\/162862\/"},"modified":"2025-10-08T12:50:06","modified_gmt":"2025-10-08T12:50:06","slug":"los-encierros-de-navalcarnero-son-declarados-fiesta-de-interes-turistico-regional","status":"publish","type":"post","link":"https:\/\/www.europesays.com\/es\/162862\/","title":{"rendered":"Los encierros de Navalcarnero son declarados fiesta de inter\u00e9s tur\u00edstico regional"},"content":{"rendered":"<p style=\"\">Los encierros de Navalcarnero ser\u00e1n a partir de ahora fiesta de inter\u00e9s tur\u00edstico regional. As\u00ed lo ha decidido este mi\u00e9rcoles el consejo de Gobierno de la Comunidad madrile\u00f1a, que se ha celebrado de forma extraordinaria en el <a href=\"https:\/\/www.abc.es\/espana\/madrid\/gobierno-propone-retomar-obras-cercanias-navalcarnero-tras-20250723115619-nt.html\" target=\"_blank\" data-voc-vtm-id=\"in-text-traffic\" title=\"ayuntamiento de Navalcarnero.\" data-mrf-link=\"www.abc.es\" rel=\"nofollow noopener\">ayuntamiento de Navalcarnero.<\/a> Esta fiesta tiene m\u00e1s  &#8230; de cuatro siglos de actualidad, ya que su origen se sit\u00faa en el siglo XVI.<\/p>\n<p class=\"voc-p\" style=\"\">Hist\u00f3ricamente, se celebraba vinculada a las fiestas del Rosario, desde que en 1499 se produjo la fundaci\u00f3n de Navalcarnero. Estos encierros son uno de los principales atractivos culturales y tur\u00edsticos del municipio, y cuentan con una particularidad: la mayor\u00eda de ellos se celebra en horario nocturno, comenzando a partir de la 1:00 de la madrugada. En cada edici\u00f3n, m\u00e1s de 20.000 personas, entre corredores, pe\u00f1as, mozos y espectadores, disfrutan del recorrido por las calles de la poblaci\u00f3n navalcarnere\u00f1a y de las sueltas en la plaza de toros.<\/p>\n<p class=\"voc-p\" style=\"\">La Comunidad de Madrid ha valorado, adem\u00e1s de su arraigo y continuidad en el tiempo, el notable impacto cultural, tur\u00edstico y comercial que generan estas fiestas. La celebraci\u00f3n propicia un importante movimiento en sectores como la hosteler\u00eda, la restauraci\u00f3n y el comercio local, recuerdan, y atraen a visitantes  de localidades cercanas y de otras comunidades aut\u00f3nomas.<\/p>\n<p class=\"voc-p\" style=\"\">Durante el consejo de Gobierno, se han recordado inversiones llevadas a cabo en esta localidad madrile\u00f1a, entre ellas los 9,3 millones de euros que se gastaron en construir la nueva sede judicial de esta localidad, el Palacio de Justicia de Navalcarnero.<\/p>\n<p class=\"voc-p\" style=\"\">Por otra parte, se est\u00e1n construyendo en la zona 425 viviendas del plan Vive, que estar\u00e1n terminadas a mediados de 2026. Por otra parte, se est\u00e1n realizando inversiones de 34 millones de euros para la reforma integral de la residencia de mayores de la localidad.<\/p>\n<p class=\"voc-p\" style=\"\">En materia de transporte, la autopista madrile\u00f1a del suroeste va a comenzar sus trabajos. Tendr\u00e1 41 kil\u00f3metros que unir\u00e1n Valdemorillo con Gri\u00f1\u00f3n en el entorno de la M-600 y supondr\u00e1 una importante mejora de la movilidad norte y noroeste del territorio.<\/p>\n<p class=\"voc-p\" style=\"\">En este sentido, el Gobierno regional ha insistido en solicitar al ministro de Transportes, \u00d3scar Puente, que \u00abasuma sus competencias y pueda concluir esta obra\u00bb del tren de Cercan\u00edas que conectar\u00eda M\u00f3stoles con Navalcarnero. El Gobierno regional asegura que ya ha invertido en ello 150 millones de euros, y ha ofrecido al Ministerio \u00abtoda la infraestructura y la cesi\u00f3n de suelos para que pueda concluir esa obra\u00bb.<\/p>\n<p class=\"voc-p\" style=\"\">Desde el Ministerio de Transportes les recordaron que \u00abno es de recibo que la Comunidad de Madrid pida ahora agilizar un proyecto que en su d\u00eda paraliz\u00f3\u00bb. A efectos pr\u00e1cticos, adelantaron que \u00aben los pr\u00f3ximos d\u00edas nos pondremos en contacto con la Comunidad de Madrid para realizar una inspecci\u00f3n visual del estado de las obras paralizadas en su d\u00eda por esa administraci\u00f3n\u00bb.<\/p>\n<p class=\"voc-p\" style=\"\">En la actualidad, el ministerio ya est\u00e1 \u00abtrabajando en los pliegos para poder licitar el estudio de viabilidad y, de esta manera, cumplir con los plazos que fue trazando el Ministerio de Transportes y Movilidad Sostenible\u00bb. Y a\u00f1adieron que \u00abvamos a incluir en ese estudio no solo la conclusi\u00f3n sobre las obras ya iniciadas y suspendidas en su momento por la Comunidad de Madrid, sino tambi\u00e9n su impacto en la movilidad de los pueblos del entorno hacia las nuevas estaciones (Arroyomolinos, Sevilla la Nueva, etc) de forma que se pueda dise\u00f1a un esquema de transporte publico que permita extender los beneficios de esa l\u00ednea a otras poblaciones\u00bb.<\/p>\n","protected":false},"excerpt":{"rendered":"Los encierros de Navalcarnero ser\u00e1n a partir de ahora fiesta de inter\u00e9s tur\u00edstico regional. As\u00ed lo ha decidido&hellip;\n","protected":false},"author":2,"featured_media":162863,"comment_status":"","ping_status":"","sticky":false,"template":"","format":"standard","meta":{"footnotes":""},"categories":[277],"tags":[373,48207,168,2167,25,24,2328,9478,36267,16518,23,167,374,917],"class_list":{"0":"post-162862","1":"post","2":"type-post","3":"status-publish","4":"format-standard","5":"has-post-thumbnail","7":"category-toreo","8":"tag-bullfighting","9":"tag-declarados","10":"tag-deportes","11":"tag-encierros","12":"tag-es","13":"tag-espana","14":"tag-fiesta","15":"tag-interes","16":"tag-navalcarnero","17":"tag-regional","18":"tag-spain","19":"tag-sports","20":"tag-toreo","21":"tag-turistico"},"share_on_mastodon":{"url":"","error":""},"_links":{"self":[{"href":"https:\/\/www.europesays.com\/es\/wp-json\/wp\/v2\/posts\/162862","targetHints":{"allow":["GET"]}}],"collection":[{"href":"https:\/\/www.europesays.com\/es\/wp-json\/wp\/v2\/posts"}],"about":[{"href":"https:\/\/www.europesays.com\/es\/wp-json\/wp\/v2\/types\/post"}],"author":[{"embeddable":true,"href":"https:\/\/www.europesays.com\/es\/wp-json\/wp\/v2\/users\/2"}],"replies":[{"embeddable":true,"href":"https:\/\/www.europesays.com\/es\/wp-json\/wp\/v2\/comments?post=162862"}],"version-history":[{"count":0,"href":"https:\/\/www.europesays.com\/es\/wp-json\/wp\/v2\/posts\/162862\/revisions"}],"wp:featuredmedia":[{"embeddable":true,"href":"https:\/\/www.europesays.com\/es\/wp-json\/wp\/v2\/media\/162863"}],"wp:attachment":[{"href":"https:\/\/www.europesays.com\/es\/wp-json\/wp\/v2\/media?parent=162862"}],"wp:term":[{"taxonomy":"category","embeddable":true,"href":"https:\/\/www.europesays.com\/es\/wp-json\/wp\/v2\/categories?post=162862"},{"taxonomy":"post_tag","embeddable":true,"href":"https:\/\/www.europesays.com\/es\/wp-json\/wp\/v2\/tags?post=162862"}],"curies":[{"name":"wp","href":"https:\/\/api.w.org\/{rel}","templated":true}]}}