{"id":162870,"date":"2025-10-08T12:58:10","date_gmt":"2025-10-08T12:58:10","guid":{"rendered":"https:\/\/www.europesays.com\/es\/162870\/"},"modified":"2025-10-08T12:58:10","modified_gmt":"2025-10-08T12:58:10","slug":"la-revuelta-da-la-vuelta-a-la-tortilla-gana-a-el-hormiguero-por-primera-vez","status":"publish","type":"post","link":"https:\/\/www.europesays.com\/es\/162870\/","title":{"rendered":"\u2018La Revuelta\u2019 da la vuelta a la tortilla: gana a \u2018El Hormiguero\u2019 por primera vez"},"content":{"rendered":"<p class=\"\">Y, tras un mes, <b>La Revuelta<\/b> lo hizo. El formato presentado por David Broncano amenaz\u00f3 seriamente hace un a\u00f1o la hegemon\u00eda de<b> <\/b><b>El Hormiguero<\/b>, pero el globo se desinfl\u00f3 y 2025 se convirti\u00f3 en un bocata de tornillos de dif\u00edcil digesti\u00f3n: <b>las audiencias no hac\u00edan m\u00e1s que bajar<\/b> y el arranque de la segunda temporada, lejos de suponer un punto de inflexi\u00f3n,<a href=\"https:\/\/as.com\/tikitakas\/television\/la-revuelta-toca-fondo-el-hormiguero-le-propina-el-golpe-mas-certero-de-la-temporada-n\/\" target=\"_blank\" rel=\"noreferrer nofollow noopener\" title=\"https:\/\/as.com\/tikitakas\/television\/la-revuelta-toca-fondo-el-hormiguero-le-propina-el-golpe-mas-certero-de-la-temporada-n\/\"> pareci\u00f3 continuar dicha estela negativa<\/a> (si bien los datos no eran malos, el rival directo no hac\u00eda sino alejarse cada vez m\u00e1s). As\u00ed ha sido durante varias semanas.<b> Hasta ahora.<\/b><\/p>\n<p class=\"\">El equipo de Broncano <b>ha logrado imponerse a <\/b><b>El Hormiguero<\/b><b> de forma clara en la emisi\u00f3n de este martes.<\/b> Al Teatro Pr\u00edncipe de Gran V\u00eda acudieron Eva Soriano y An\u00edbal G\u00f3mez, cosechando un<b> 14\u20326%<\/b> de share y una media de <b>1.700.000 <\/b>espectadores y pasando por encima del show de Trancas y Barrancas, que se estanc\u00f3 en un<b> 12\u20329%<\/b> y <b>1.517.000<\/b> televidentes. No es balad\u00ed el aumento: han crecido ocho d\u00e9cimas con respecto a su \u00faltima entrega <b>y la friolera de 2\u20325 puntos en comparaci\u00f3n al ultimo martes<\/b>, cuando la media de espectadores fue de 1.444.000.<\/p>\n<p>Anatom\u00eda de un \u2018sorpasso\u2019<\/p>\n<p class=\"\">No se trata de la primera vez en la temporada que La Revuelta gana a El Hormiguero en la<b> franja de estricta coincidencia<\/b>, algo que ya hab\u00eda sucedido dos veces \u2014por la m\u00ednima\u2014: la primera fue el<b> 11 de septiembre, por apenas una cent\u00e9sima y 1.000 espectadores<\/b>, y la \u00faltima <b>este lunes, por una d\u00e9cima y 7.000 televidentes<\/b>. En esta ocasi\u00f3n, y en el mismo tramo de competencia directa, el programa presentado por Broncano anot\u00f3 un <b>14\u20329% <\/b>con una media de <b>1.745.000<\/b>, mientras que el de Motos se qued\u00f3 en un <b>12\u20329%<\/b> y<b> 1.517.000.<\/b><\/p>\n<p class=\"\">Si bien es cierto que ya hab\u00eda amenazado con alg\u00fan \u2018sorpasso\u2019 muy puntual, la realidad es que<b> hasta este martes no se hab\u00eda producido una victoria en el dato general.<\/b> Y esto, a su vez, se mezcla con el principal objetivo de la franja access prime time: <b>arrastrar la audiencia al <\/b><b>prime time<\/b><b>.<\/b> Es decir, que este escenario tuvo como consecuencia directa<b> el crecimiento del dato de<\/b><b> Late Xou<\/b>, que se emit\u00eda justo despu\u00e9s de La Revuelta.<\/p>\n<p>Noticias relacionadas<a href=\"https:\/\/as.com\/tikitakas\/famosos\/george-clooney-deja-claro-por-que-abandono-estados-unidos-y-se-mudo-a-una-granja-en-francia-no-les-importa-una-la-fama-f202510-n\/\" class=\"s_m_w\" title=\"El int\u00e9rprete cambi\u00f3 Los \u00c1ngeles por el sur de Francia hace cuatro a\u00f1os para procurar la buena infancia de sus mellizos, Ella y Alexander.\" data-tb-link=\"\" rel=\"nofollow noopener\" target=\"_blank\"><img decoding=\"async\" src=\"https:\/\/www.europesays.com\/es\/wp-content\/uploads\/2025\/10\/QUYIFOYFQNO6HKOA2UKCXB3ZRU.jpg\" alt=\"George Clooney deja claro por qu\u00e9 abandon\u00f3 Estados Unidos y se mud\u00f3 a una granja en Francia: \u201cNo les importa una... la fama\u201d\" class=\"\" height=\"1\" width=\"1\"   loading=\"lazy\" data-tb-thumbnail=\"\"\/><\/a><a href=\"https:\/\/as.com\/tikitakas\/salud\/el-hombre-mas-longevo-del-mundo-cumple-113-anos-y-aprovecha-para-revelar-el-secreto-para-una-vida-larga-f202510-n\/\" class=\"s_m_w\" title=\"En el estilo de vida de Jo\u00e3o Marinho Neto, quien estuvo de cumplea\u00f1os hace apenas tres d\u00edas, podr\u00eda estar la clave para hallar la longevidad. \" data-tb-link=\"\" rel=\"nofollow noopener\" target=\"_blank\"><img decoding=\"async\" src=\"https:\/\/www.europesays.com\/es\/wp-content\/uploads\/2025\/10\/2OOWGEBVHVAS3HUFYMNKQP6ARM.jpg\" alt=\"El hombre m\u00e1s longevo del mundo cumple 113 a\u00f1os y aprovecha para revelar el secreto para una vida larga \" class=\"\" height=\"1\" width=\"1\"   loading=\"lazy\" data-tb-thumbnail=\"\"\/><\/a><\/p>\n<p class=\"\">El programa liderado por Marc Gir\u00f3 marc\u00f3 <b>el mejor resultado de la cuarta temporada<\/b>, con un<b> 12\u20324% <\/b>y rozando el mill\u00f3n de telespectadores (<b>976.000<\/b>). Le falt\u00f3, aun as\u00ed, para acercarse al rey indiscutible de este d\u00eda: Tierra de nadie ascendi\u00f3 hasta el<b> 19% <\/b>con m\u00e1s de <b>1.100.000 <\/b>de espectadores, lo que supone, al mismo tiempo, <b>un incremento de 3\u20321 puntos y cerca de 200.000 televidentes<\/b> en comparaci\u00f3n con la \u00faltima emisi\u00f3n de Supervivientes All Stars. Pero en lo relativo al acces prime time es d\u00eda de celebraci\u00f3n. Tras un mes, La Revuelta lo hizo.<\/p>\n<p class=\"\"><b>\u00a1Tus opiniones importan!<\/b> Comenta en los art\u00edculos y suscr\u00edbete gratis a nuestra <a href=\"https:\/\/asfan.as.com\/newsletters\/\" target=\"_blank\" rel=\"nofollow noopener\" title=\"https:\/\/asfan.as.com\/newsletters\/\">newsletter<\/a> y a las alertas informativas en la <a href=\"https:\/\/as.com\/aplicacion-de-as-n\/\" target=\"_blank\" rel=\"nofollow noopener\" title=\"https:\/\/as.com\/aplicacion-de-as-n\/\">App<\/a> o el canal de <a href=\"https:\/\/www.whatsapp.com\/channel\/0029VaAasdA7j6g745nz9M10\" target=\"_blank\" rel=\"nofollow noopener\" title=\"https:\/\/www.whatsapp.com\/channel\/0029VaAasdA7j6g745nz9M10\">WhatsApp<\/a>. \u00bfBuscas licenciar contenido? Haz clic <a href=\"https:\/\/profesional.elpais.com\/landing-sindicacion?utm_medium=interno&amp;utm_source=crosslinking&amp;utm_campaign=sindicacion_as_pie_articulos\" target=\"_blank\" rel=\"nofollow noopener\" title=\"https:\/\/profesional.elpais.com\/landing-sindicacion?utm_medium=interno&amp;utm_source=crosslinking&amp;utm_campaign=sindicacion_as_pie_articulos\">aqu\u00ed<\/a><\/p>\n","protected":false},"excerpt":{"rendered":"Y, tras un mes, La Revuelta lo hizo. El formato presentado por David Broncano amenaz\u00f3 seriamente hace un&hellip;\n","protected":false},"author":2,"featured_media":162871,"comment_status":"","ping_status":"","sticky":false,"template":"","format":"standard","meta":{"footnotes":""},"categories":[174],"tags":[255,146,147,25,24,256,23],"class_list":{"0":"post-162870","1":"post","2":"type-post","3":"status-publish","4":"format-standard","5":"has-post-thumbnail","7":"category-famosos","8":"tag-celebrities","9":"tag-entertainment","10":"tag-entretenimiento","11":"tag-es","12":"tag-espana","13":"tag-famosos","14":"tag-spain"},"share_on_mastodon":{"url":"","error":""},"_links":{"self":[{"href":"https:\/\/www.europesays.com\/es\/wp-json\/wp\/v2\/posts\/162870","targetHints":{"allow":["GET"]}}],"collection":[{"href":"https:\/\/www.europesays.com\/es\/wp-json\/wp\/v2\/posts"}],"about":[{"href":"https:\/\/www.europesays.com\/es\/wp-json\/wp\/v2\/types\/post"}],"author":[{"embeddable":true,"href":"https:\/\/www.europesays.com\/es\/wp-json\/wp\/v2\/users\/2"}],"replies":[{"embeddable":true,"href":"https:\/\/www.europesays.com\/es\/wp-json\/wp\/v2\/comments?post=162870"}],"version-history":[{"count":0,"href":"https:\/\/www.europesays.com\/es\/wp-json\/wp\/v2\/posts\/162870\/revisions"}],"wp:featuredmedia":[{"embeddable":true,"href":"https:\/\/www.europesays.com\/es\/wp-json\/wp\/v2\/media\/162871"}],"wp:attachment":[{"href":"https:\/\/www.europesays.com\/es\/wp-json\/wp\/v2\/media?parent=162870"}],"wp:term":[{"taxonomy":"category","embeddable":true,"href":"https:\/\/www.europesays.com\/es\/wp-json\/wp\/v2\/categories?post=162870"},{"taxonomy":"post_tag","embeddable":true,"href":"https:\/\/www.europesays.com\/es\/wp-json\/wp\/v2\/tags?post=162870"}],"curies":[{"name":"wp","href":"https:\/\/api.w.org\/{rel}","templated":true}]}}