{"id":162881,"date":"2025-10-08T13:04:19","date_gmt":"2025-10-08T13:04:19","guid":{"rendered":"https:\/\/www.europesays.com\/es\/162881\/"},"modified":"2025-10-08T13:04:19","modified_gmt":"2025-10-08T13:04:19","slug":"huijsen-lesionado-deja-la-concentracion-de-la-seleccion-espanola","status":"publish","type":"post","link":"https:\/\/www.europesays.com\/es\/162881\/","title":{"rendered":"Huijsen, lesionado, deja la concentraci\u00f3n de la selecci\u00f3n espa\u00f1ola"},"content":{"rendered":"<p style=\"\">El fuerte ritmo del inicio de la temporada sigue pasando factura a la selecci\u00f3n espa\u00f1ola y a los jugadores internacionales. Este mi\u00e9rcoles la Real Federaci\u00f3n Espa\u00f1ola de F\u00fatbol (RFEF) ha anunciado que el madridista <strong>Dean Huijsen abandona la concentraci\u00f3n tras hab\u00e9rsele detectado una lesi\u00f3n muscular<\/strong> &#8230; . Su lugar en el equipo de cara a los partidos contra Georgia en Elche y Bulgaria en Valladolid, clasificatorios para el Mundial 2026, lo ocupar\u00e1 el central del Athletic Club <strong>Aymeric Laporte<\/strong>.<\/p>\n<p class=\"voc-p\" style=\"\">El defensa central del Real Madrid <strong>lleg\u00f3 con s\u00edntomas de fatiga muscular a la concentraci\u00f3n<\/strong> de la selecci\u00f3n espa\u00f1ola el lunes por la noche. Por ese motivo no se ejercit\u00f3 durante la jornada del martes y se le comunic\u00f3 a su club que la evoluci\u00f3n no era positiva, por lo que finalmente en la ma\u00f1ana del mi\u00e9rcoles se le ha sometido a una prueba m\u00e9dica que ha confirmado la existencia de una lesi\u00f3n muscular.<\/p>\n<p class=\"voc-p\" style=\"\">En el lugar de Dean Huijsen, Luis de la Fuente incorporar\u00e1 a la concentraci\u00f3n al defensor del Athletic Club de Bilbao Aymeric Laporte. <strong>El central hispano-franc\u00e9s vuelve de esta manera a una convocatoria de la selecci\u00f3n casi un a\u00f1o despu\u00e9s<\/strong> de su \u00faltimo partido, el 15 de noviembre de 2024 en la Liga de Naciones ante Dinamarca.<\/p>\n<p>\nSiete bajas para De la Fuente\n<\/p>\n<p class=\"voc-p\" style=\"\">La inesperada baja de Huijsen se suma a las de Lamine Yamal, Nico Williams, Dani Carvajal, Rodrigo Hern\u00e1ndez, Gavi y Fabi\u00e1n Ruiz, todos ellos con problemas f\u00edsicos. <\/p>\n<p class=\"voc-p\" style=\"\">Poco despu\u00e9s de conocerse la noticia <a href=\"https:\/\/www.realmadrid.com\/es-ES\/noticias\/futbol\/primer-equipo\/partes-medicos\/parte-medico-de-huijsen-08-10-2025\" target=\"_blank\" data-voc-vtm-id=\"in-text-traffic\" title=\"el Real Madrid emiti\u00f3 un comunicado oficial\" data-mrf-link=\"www.realmadrid.com\" rel=\"nofollow noopener\">el Real Madrid emiti\u00f3 un comunicado oficial<\/a> sobre el estado del jugador, confirmando que <strong>sufre un percance en el s\u00f3leo<\/strong>.<\/p>\n<p class=\"voc-p\" style=\"\">\u00abTras las pruebas realizadas hoy a nuestro jugador Dean Huijsen y valoradas por los Servicios M\u00e9dicos del Real Madrid se le ha diagnosticado una lesi\u00f3n muscular en el s\u00f3leo de su pierna izquierda. Pendiente de evoluci\u00f3n\u00bb.<\/p>\n<p class=\"voc-p\" style=\"\">La evoluci\u00f3n estar\u00e1 marcada por la existencia o no de rotura en el citado m\u00fasculo.<\/p>\n","protected":false},"excerpt":{"rendered":"El fuerte ritmo del inicio de la temporada sigue pasando factura a la selecci\u00f3n espa\u00f1ola y a los&hellip;\n","protected":false},"author":2,"featured_media":162882,"comment_status":"","ping_status":"","sticky":false,"template":"","format":"standard","meta":{"footnotes":""},"categories":[93],"tags":[5762,51,168,25,24,2501,39008,14498,1988,23,167],"class_list":{"0":"post-162881","1":"post","2":"type-post","3":"status-publish","4":"format-standard","5":"has-post-thumbnail","7":"category-deportes","8":"tag-concentracion","9":"tag-deja","10":"tag-deportes","11":"tag-es","12":"tag-espana","13":"tag-espanola","14":"tag-huijsen","15":"tag-lesionado","16":"tag-seleccion","17":"tag-spain","18":"tag-sports"},"share_on_mastodon":{"url":"","error":""},"_links":{"self":[{"href":"https:\/\/www.europesays.com\/es\/wp-json\/wp\/v2\/posts\/162881","targetHints":{"allow":["GET"]}}],"collection":[{"href":"https:\/\/www.europesays.com\/es\/wp-json\/wp\/v2\/posts"}],"about":[{"href":"https:\/\/www.europesays.com\/es\/wp-json\/wp\/v2\/types\/post"}],"author":[{"embeddable":true,"href":"https:\/\/www.europesays.com\/es\/wp-json\/wp\/v2\/users\/2"}],"replies":[{"embeddable":true,"href":"https:\/\/www.europesays.com\/es\/wp-json\/wp\/v2\/comments?post=162881"}],"version-history":[{"count":0,"href":"https:\/\/www.europesays.com\/es\/wp-json\/wp\/v2\/posts\/162881\/revisions"}],"wp:featuredmedia":[{"embeddable":true,"href":"https:\/\/www.europesays.com\/es\/wp-json\/wp\/v2\/media\/162882"}],"wp:attachment":[{"href":"https:\/\/www.europesays.com\/es\/wp-json\/wp\/v2\/media?parent=162881"}],"wp:term":[{"taxonomy":"category","embeddable":true,"href":"https:\/\/www.europesays.com\/es\/wp-json\/wp\/v2\/categories?post=162881"},{"taxonomy":"post_tag","embeddable":true,"href":"https:\/\/www.europesays.com\/es\/wp-json\/wp\/v2\/tags?post=162881"}],"curies":[{"name":"wp","href":"https:\/\/api.w.org\/{rel}","templated":true}]}}