{"id":162896,"date":"2025-10-08T13:13:11","date_gmt":"2025-10-08T13:13:11","guid":{"rendered":"https:\/\/www.europesays.com\/es\/162896\/"},"modified":"2025-10-08T13:13:11","modified_gmt":"2025-10-08T13:13:11","slug":"el-club-taurino-almodovar-reunio-a-mas-de-medio-millar-de-personas-en-su-tradicional-comida-del-toro","status":"publish","type":"post","link":"https:\/\/www.europesays.com\/es\/162896\/","title":{"rendered":"El Club Taurino \u2018Almod\u00f3var\u2019 reuni\u00f3 a m\u00e1s de medio millar de personas en su tradicional comida del toro"},"content":{"rendered":"<p><a href=\"https:\/\/www.almodovardelcampo.es\/2025\/10\/08\/el-club-taurino-almodovar-reunio-a-mas-de-medio-millar-de-personas-en-su-tradicional-comida-del-toro\/\/\" rel=\"nofollow noopener\" target=\"_blank\"><img decoding=\"async\" post-id=\"9144519\" fifu-featured=\"1\" src=\"https:\/\/www.europesays.com\/es\/wp-content\/uploads\/2025\/10\/Posado-en-primer-termino-de-responsables-del-Club-Taurino-Almodovar-y-del-Ayuntamiento.jpg\" alt=\"Posado en primer t\u00e9rmino de responsables del Club Taurino 'Almod\u00f3var' y del Ayuntamiento.\" title=\"Posado en primer t\u00e9rmino de responsables del Club Taurino 'Almod\u00f3var' y del Ayuntamiento.\"\/><\/a><br \/>\nPosado en primer t\u00e9rmino de responsables del Club Taurino &#8216;Almod\u00f3var&#8217; y del Ayuntamiento.<\/p>\n<ul class=\"wp-block-list\">\n<li>Se guisaron 358 kilos de carne de res y 150 kilos de patatas en varios sabores.<\/li>\n<li>Carmelo Garc\u00eda celebra la buena salud de que goza \u2018la fiesta\u2019 en Almod\u00f3var del Campo y el crecimiento de la masa social de la entidad.<\/li>\n<\/ul>\n<p>El Club Taurino \u2018Almod\u00f3var\u2019 celebr\u00f3 este domingo su tradicional comida de hermandad en el Coso Multifuncional \u2018Las Eras de Marta\u2019, donde m\u00e1s de medio millar de personas, entre socios y acompa\u00f1antes, se dieron cita para compartir una jornada que reafirma la excelente salud de la que goza la entidad.<\/p>\n<p>Para esta ocasi\u00f3n se cocinaron 358 kilos de carne de res y 150 kilos de patatas, ofreciendo a los comensales cuatro variantes del plato principal: carne con patatas con y sin picante, y carne sola, tambi\u00e9n en versiones suave y picante. La comida se complet\u00f3 con helados, bebidas variadas y la tradicional limonada.<\/p>\n<p>Tras el bingo, el presidente de la entidad, Carmelo Garc\u00eda, se dirigi\u00f3 a los asistentes para agradecer tama\u00f1a respuesta y poner en valor el trabajo de su junta directiva, desde la que, dijo, \u201ctrabajamos para vosotros, pero sobre todo quiero recordaros que somos taurinos y tambi\u00e9n gastron\u00f3micos\u201d, afirmaba Garc\u00eda, en referencia a la monumental caldereta que se ha convertido en se\u00f1a de identidad del evento.<\/p>\n<p>En su intervenci\u00f3n, Garc\u00eda agradeci\u00f3 la colaboraci\u00f3n de los socios \u201cdurante todos los actos que organizamos\u201d y tuvo palabras especiales para el Consistorio, valorando en particular al alcalde y a su equipo de Gobierno \u201csu constante colaboraci\u00f3n con esta entidad y con la fiesta de los toros\u201d, como en la jornada era el caso de costear la carne ofrecida.<\/p>\n<p>El m\u00e1ximo responsable del Club Taurino \u2018Almod\u00f3var\u2019 se congratulaba por el continuo crecimiento de la masa social, ya en 500 personas asociadas, destacando la asequible cuota anual que se costea y que, seg\u00fan sus palabras, genera \u201cadmiraci\u00f3n no solo en la provincia, sino en Espa\u00f1a y en el mundo entero\u201d.<\/p>\n<p>Por su parte, el alcalde, Jos\u00e9 Lozano, quien encabez\u00f3 la representaci\u00f3n institucional del Ayuntamiento, felicit\u00f3 a Carmelo Garc\u00eda y a toda su directiva \u201cpor ese trabajo y ese esfuerzo que hac\u00e9is a lo largo de los a\u00f1os en actividades tan gratificantes como esta comida, que es un \u00e9xito de p\u00fablico y asistencia\u201d.<\/p>\n<p>Lozano subray\u00f3 que el Consistorio trabaja para todos los ciudadanos y apoya decididamente las tradiciones locales, en este caso \u201cmejorando los espect\u00e1culos taurinos, como podemos ver en los \u00faltimos a\u00f1os, un fiel reflejo de c\u00f3mo se ha visto la plaza de toros este a\u00f1o y eso es un orgullo para todos nosotros\u201d.<\/p>\n<p>Cabe destacar que en estos d\u00edas el Club Taurino \u2018Almod\u00f3var\u2019 ultima los contenidos de la que ser\u00e1 su XXXIV Semana Cultural, en cuyo colof\u00f3n, ya marcado para el 15 de noviembre, se entregar\u00e1n los trofeos a los triunfadores de la Feria Taurina 2025 de Almod\u00f3var del Campo.<\/p>\n<p><a href=\"https:\/\/www.almodovardelcampo.es\/wp-content\/uploads\/2025\/10\/Repartiendo-los-diferentes-tipos-de-guisos-elaborados.jpg\" data-rel=\"lightbox-gallery-0\" data-rl_title=\"\" data-rl_caption=\"\" title=\"\" rel=\"nofollow noopener\" target=\"_blank\"><img src=\"https:\/\/www.almodovardelcampo.es\/wp-content\/plugins\/lazy-load\/images\/1x1.trans.gif\" data-lazy-src=\"https:\/\/www.europesays.com\/es\/wp-content\/uploads\/2025\/10\/Repartiendo-los-diferentes-tipos-de-guisos-elaborados-1024x683.jpg\" fetchpriority=\"high\" decoding=\"async\" width=\"1024\" height=\"683\" alt=\"\" class=\"wp-image-9144521\"  \/><\/a><strong>Repartiendo los diferentes tipos de guisos elaborados.<\/strong><\/p>\n","protected":false},"excerpt":{"rendered":"Posado en primer t\u00e9rmino de responsables del Club Taurino &#8216;Almod\u00f3var&#8217; y del Ayuntamiento. Se guisaron 358 kilos de&hellip;\n","protected":false},"author":2,"featured_media":162897,"comment_status":"","ping_status":"","sticky":false,"template":"","format":"standard","meta":{"footnotes":""},"categories":[277],"tags":[373,46151,168,25,24,23,167,374],"class_list":{"0":"post-162896","1":"post","2":"type-post","3":"status-publish","4":"format-standard","5":"has-post-thumbnail","7":"category-toreo","8":"tag-bullfighting","9":"tag-club-taurino-almodovar","10":"tag-deportes","11":"tag-es","12":"tag-espana","13":"tag-spain","14":"tag-sports","15":"tag-toreo"},"share_on_mastodon":{"url":"","error":""},"_links":{"self":[{"href":"https:\/\/www.europesays.com\/es\/wp-json\/wp\/v2\/posts\/162896","targetHints":{"allow":["GET"]}}],"collection":[{"href":"https:\/\/www.europesays.com\/es\/wp-json\/wp\/v2\/posts"}],"about":[{"href":"https:\/\/www.europesays.com\/es\/wp-json\/wp\/v2\/types\/post"}],"author":[{"embeddable":true,"href":"https:\/\/www.europesays.com\/es\/wp-json\/wp\/v2\/users\/2"}],"replies":[{"embeddable":true,"href":"https:\/\/www.europesays.com\/es\/wp-json\/wp\/v2\/comments?post=162896"}],"version-history":[{"count":0,"href":"https:\/\/www.europesays.com\/es\/wp-json\/wp\/v2\/posts\/162896\/revisions"}],"wp:featuredmedia":[{"embeddable":true,"href":"https:\/\/www.europesays.com\/es\/wp-json\/wp\/v2\/media\/162897"}],"wp:attachment":[{"href":"https:\/\/www.europesays.com\/es\/wp-json\/wp\/v2\/media?parent=162896"}],"wp:term":[{"taxonomy":"category","embeddable":true,"href":"https:\/\/www.europesays.com\/es\/wp-json\/wp\/v2\/categories?post=162896"},{"taxonomy":"post_tag","embeddable":true,"href":"https:\/\/www.europesays.com\/es\/wp-json\/wp\/v2\/tags?post=162896"}],"curies":[{"name":"wp","href":"https:\/\/api.w.org\/{rel}","templated":true}]}}