{"id":162898,"date":"2025-10-08T13:16:09","date_gmt":"2025-10-08T13:16:09","guid":{"rendered":"https:\/\/www.europesays.com\/es\/162898\/"},"modified":"2025-10-08T13:16:09","modified_gmt":"2025-10-08T13:16:09","slug":"con-cinco-argentinos-en-carrera-el-challenger-de-cali-inicia-los-octavos-de-final","status":"publish","type":"post","link":"https:\/\/www.europesays.com\/es\/162898\/","title":{"rendered":"Con cinco argentinos en carrera, el Challenger de Cali inicia los octavos de final"},"content":{"rendered":"<p><img alt=\"Juan Pablo Ficovich es uno\" class=\"global-image\" decoding=\"async\" fetchpriority=\"high\" height=\"720\" loading=\"eager\" src=\"https:\/\/www.europesays.com\/es\/wp-content\/uploads\/2025\/10\/W2KN3FDNPBDSZE6SE2AYPQT4AE.jpg\" width=\"1280\"\/>Juan Pablo Ficovich es uno de los dos argentinos que buscar\u00e1n meterse entre los mejores ocho del Challenger de Cali<\/p>\n<p class=\"paragraph\">El martes en el <b>Challenger de Cali<\/b>, torneo que forma parte de la <b>gira sudamericana<\/b> del circuito ATP, se desarroll\u00f3 una intensa jornada de primera ronda con amplia presencia de jugadores argentinos. En condiciones de humedad y superficie lenta, <b>tres representantes nacionales lograron avanzar a los octavos de final<\/b>, mientras que otros tres quedaron en el camino. <b>Juan Bautista Torres, Luciano Ambrogi y Federico G\u00f3mez<\/b> se metieron entre los mejores 16 del torneo. Por su parte, <b>Thiago Tirante<\/b>, primer preclasificado; Guido Justo; y <b>Mariano Kestelboim<\/b> no lograron dar el paso inicial.<\/p>\n<p class=\"paragraph\"><b>G\u00f3mez<\/b> consigui\u00f3 una destacada victoria sobre el austr\u00edaco <b>Lukas Neumayer<\/b>, por <b>6-7(3), 6-2 y 6-2<\/b>. Tras un primer parcial parejo, el bonaerense ajust\u00f3 su juego desde el fondo y domin\u00f3 los siguientes parciales con mayor precisi\u00f3n. En otro duelo con representaci\u00f3n nacional, <b>Ambrogi<\/b> super\u00f3 al paraguayo <b>Adolfo Daniel Vallejo<\/b>, por 6-4 y 6-4, en un encuentro en el que aprovech\u00f3 las oportunidades de quiebre en momentos clave. El \u00faltimo triunfo albiceleste del d\u00eda fue el de <b>Torres<\/b>, ante el ecuatoriano <b>Andr\u00e9s Andrade<\/b>, con un contundente 6-4 y 6-0.<\/p>\n<p class=\"paragraph\">Por su parte, <b>Justo<\/b> no pudo avanzar, cayendo ante el brasile\u00f1o <b>Mateus Alves por 6-2 y 6-3<\/b>, en uno de los partidos m\u00e1s r\u00e1pidos del d\u00eda. El uruguayo <b>Franco Roncadelli<\/b>, quien entrena habitualmente en Buenos Aires, venci\u00f3 al argentino <b>Mariano Kestelboim<\/b> por 6-3 y 7-6(2), dejando fuera de competencia a otro representante albiceleste en esta primera etapa.<\/p>\n<p class=\"paragraph\">La jornada incluy\u00f3 tambi\u00e9n la clasificaci\u00f3n de jugadores de distintos pa\u00edses del continente. El chileno <b>Tom\u00e1s Barrios Vera<\/b> venci\u00f3 con autoridad al mexicano <b>Alex Hern\u00e1ndez<\/b> por 6-1 y 6-2, mientras que el ecuatoriano <b>\u00c1lvaro Guill\u00e9n Meza<\/b> derrot\u00f3 al brasile\u00f1o <b>Matheus Pucinelli de Almeida <\/b>por 7-5 y 6-3, asegurando su pase a la siguiente ronda. El boliviano <b>Juan Carlos Prado Angelo<\/b> super\u00f3 al mexicano <b>Rodrigo Pacheco M\u00e9ndez<\/b> por 6-3, 5-7 y 6-3 en un duelo de casi dos horas y media; y el brasile\u00f1o <b>Daniel Dutra da Silva<\/b> elimin\u00f3 a su compatriota <b>Thiago Seyboth Wild<\/b>, por 7-6(3) y 6-4. El cierre de la jornada dej\u00f3 el triunfo del peruano <b>Juan Pablo Varillas<\/b> sobre <b>Samuel Heredia<\/b> por 6-4 y 6-4, completando el cuadro de los diecis\u00e9is mejores. <\/p>\n<p class=\"paragraph\">El programa del mi\u00e9rcoles anticipa nuevos desaf\u00edos para los jugadores nacionales en los octavos de final. En la <b>cancha central<\/b>, desde las 12:30 hora de nuestro pa\u00eds, se abrir\u00e1 la jornada con el encuentro entre <b>Mat\u00edas Soto<\/b> y el argentino <b>Juan Pablo Ficovich<\/b>, quien buscar\u00e1 sostener su ritmo de competencia en esta etapa de la gira. M\u00e1s tarde, el ecuatoriano <b>\u00c1lvaro Guill\u00e9n Meza<\/b> enfrentar\u00e1 al peruano <b>Juan Pablo Varillas<\/b>, mientras que <b>Gonzalo Bueno<\/b> jugar\u00e1 ante <b>Hady Habib<\/b>. <\/p>\n<p class=\"paragraph\">En la <b>cancha 2<\/b>, tambi\u00e9n desde las 12:30, el boliviano <b>Juan Carlos Prado Angelo<\/b> se medir\u00e1 con el argentino <b>Andrea Collarini<\/b>, otro cruce que asegura presencia nacional en los cuartos de final. <\/p>\n<p class=\"paragraph\">El Challenger de Cali contin\u00faa consolid\u00e1ndose como un punto clave en la preparaci\u00f3n de los jugadores argentinos que compiten en el circuito sudamericano. Las condiciones de altura y el ritmo de esta etapa son determinantes para sumar puntos y confianza antes de los torneos que se disputar\u00e1n en <b>Buenos Aires<\/b> y <b>Montevideo<\/b>. <\/p>\n","protected":false},"excerpt":{"rendered":"Juan Pablo Ficovich es uno de los dos argentinos que buscar\u00e1n meterse entre los mejores ocho del Challenger&hellip;\n","protected":false},"author":2,"featured_media":162899,"comment_status":"","ping_status":"","sticky":false,"template":"","format":"standard","meta":{"footnotes":""},"categories":[274],"tags":[283,3943,23437,48215,1803,168,25,24,48214,23,167,327,326],"class_list":{"0":"post-162898","1":"post","2":"type-post","3":"status-publish","4":"format-standard","5":"has-post-thumbnail","7":"category-tenis","8":"tag-argentina","9":"tag-cali","10":"tag-challenger","11":"tag-collarini","12":"tag-colombia","13":"tag-deportes","14":"tag-es","15":"tag-espana","16":"tag-ficovich","17":"tag-spain","18":"tag-sports","19":"tag-tenis","20":"tag-tennis"},"share_on_mastodon":{"url":"","error":""},"_links":{"self":[{"href":"https:\/\/www.europesays.com\/es\/wp-json\/wp\/v2\/posts\/162898","targetHints":{"allow":["GET"]}}],"collection":[{"href":"https:\/\/www.europesays.com\/es\/wp-json\/wp\/v2\/posts"}],"about":[{"href":"https:\/\/www.europesays.com\/es\/wp-json\/wp\/v2\/types\/post"}],"author":[{"embeddable":true,"href":"https:\/\/www.europesays.com\/es\/wp-json\/wp\/v2\/users\/2"}],"replies":[{"embeddable":true,"href":"https:\/\/www.europesays.com\/es\/wp-json\/wp\/v2\/comments?post=162898"}],"version-history":[{"count":0,"href":"https:\/\/www.europesays.com\/es\/wp-json\/wp\/v2\/posts\/162898\/revisions"}],"wp:featuredmedia":[{"embeddable":true,"href":"https:\/\/www.europesays.com\/es\/wp-json\/wp\/v2\/media\/162899"}],"wp:attachment":[{"href":"https:\/\/www.europesays.com\/es\/wp-json\/wp\/v2\/media?parent=162898"}],"wp:term":[{"taxonomy":"category","embeddable":true,"href":"https:\/\/www.europesays.com\/es\/wp-json\/wp\/v2\/categories?post=162898"},{"taxonomy":"post_tag","embeddable":true,"href":"https:\/\/www.europesays.com\/es\/wp-json\/wp\/v2\/tags?post=162898"}],"curies":[{"name":"wp","href":"https:\/\/api.w.org\/{rel}","templated":true}]}}